{"id":498780,"date":"2026-05-20T01:54:18","date_gmt":"2026-05-20T01:54:18","guid":{"rendered":"https:\/\/www.europesays.com\/it\/498780\/"},"modified":"2026-05-20T01:54:18","modified_gmt":"2026-05-20T01:54:18","slug":"giro-ditalia-2026-preoccupazione-in-casa-red-bull-bora-hansgrohe-per-il-virus-che-ha-colpito-i-corridori-oltre-a-giulio-pellizzari-problemi-anche-per-jai-hindley-e-gianni-moscon","status":"publish","type":"post","link":"https:\/\/www.europesays.com\/it\/498780\/","title":{"rendered":"Giro d\u2019Italia 2026, preoccupazione in casa Red Bull-Bora-hansgrohe per il virus che ha colpito i corridori: oltre a Giulio Pellizzari, problemi anche per Jai Hindley e Gianni Moscon"},"content":{"rendered":"<p>\t\t<img width=\"1200\" height=\"800\" src=\"https:\/\/www.europesays.com\/it\/wp-content\/uploads\/2026\/05\/Pellizzari-Hindley-Giro-dItalia-2026.webp\" class=\"attachment-full size-full wp-post-image\" alt=\"\" data-main-img=\"1\" decoding=\"async\" fetchpriority=\"high\"  \/><\/p>\n<p>\t\t\t\t\t\t\t \u00a9 Sirotti<\/p>\n<p>\t\t\t\t\t<a href=\"https:\/\/cyclingpro.net\/spaziociclismo\/altro\/scopri-lapp-ufficiale-di-spaziociclismo\/\" title=\"\" rel=\"nofollow noopener\" target=\"_blank\"><br \/>\n\t\t\t\t\t\t<img loading=\"lazy\" decoding=\"async\" src=\"https:\/\/www.europesays.com\/it\/wp-content\/uploads\/2025\/09\/1758060682_662_Banner-App-SpazioCiclismo.png\" alt=\"\" width=\"728\" height=\"91\"\/><br \/>\n\t\t\t\t\t<\/a><\/p>\n<p>Un virus sta colpendo diversi corridori della <strong>Red Bull-Bora-hansgrohe<\/strong> al <strong>Giro d\u2019Italia 2026<\/strong>. La situazione all\u2019interno del team tedesco durante il giorno di riposo prima della cronometro \u00e8 stata complessa. Infatti come riportato dalla Gazzetta dello Sport, oltre a <strong>Giulio Pellizzari<\/strong>, di cui si sapevano <a href=\"https:\/\/cyclingpro.net\/spaziociclismo\/giro-2026\/giro-ditalia-2026-giulio-pellizzari-perde-terreno-dai-rivali-di-classifica-problemi-di-stomaco\/\" rel=\"nofollow noopener\" target=\"_blank\">i problemi di salute dopo le difficolt\u00e0 a Corno alle Scale<\/a>, anche <strong>Jai Hindley<\/strong>, l\u2019altro co-capitano, e <strong>Gianni Moscon<\/strong> hanno manifestato gli stessi sintomi gastrointestinali. Nessuno dei tre ha provato la bici da cronometro, per cercare di riposare e recuperare al meglio in vista di una prova contro il tempo in cui ci saranno molte incognite.<\/p>\n<p>Tutto dipender\u00e0 infatti da come il fisico risponder\u00e0 e se il recupero sar\u00e0 stato positivo o mento in vista della partenza. Nel caso Pellizzari e Hindley dovessero ancora non essere in condizione, la lunga cronometro di 42 chilometri da Viareggio a Massa potrebbe diventare uno sforzo molto difficile da affrontare. In questo scenario l\u2019unico obiettivo diventerebbe quello di limitare i danni il pi\u00f9 possibile, per non uscire definitivamente di classifica.<\/p>\n<p>Un concetto sottolineato dal marchigiano durante il giorno di riposo, come riportato dalla Gazzetta: \u201c<strong>Mi sento un pochino meglio, non tanto meglio. Provo a resistere. Non mi ritiro. Vediamo come va, cerco di limitare i danni<\/strong>\u201d. La preoccupazione nel team tedesco emerge anche nelle parole dell\u2019allenatore Sylwester Szmyd: \u201cBisogna capire come si sveglia. Ieri non ha pedalato. Tutto dipende dalle sensazioni. Se non star\u00e0 bene, bisogner\u00e0 salvare la giornata come ha fatto a Corno alle Scale\u201d. La voglia di continuare a provare comunque c\u2019\u00e8 perch\u00e9 \u201cun virus passa e il Giro \u00e8 sempre lungo\u201d.<\/p>\n<p>Seguici<\/p>\n<p>\t\t\t\t\t\t\t\t\t\t<a href=\"https:\/\/news.google.com\/publications\/CAAqBwgKMNaVhQswhaiCAw?hl=it&amp;gl=IT&amp;ceid=IT%3Ait\" title=\"Google News\" target=\"_blank\" rel=\"nofollow noopener\" class=\"post-followus-btn google-new-btn\"><br \/>\n\t\t\t\t\t\t<img decoding=\"async\" src=\"https:\/\/cyclingpro.net\/spaziociclismo\/wp-content\/themes\/jannah\/assets\/images\/google-news.svg\" alt=\"Google News\" loading=\"lazy\" width=\"120\" height=\"22\"\/><br \/>\n\t\t\t\t\t<\/a><br \/>\n\t\t\t\t\t\t\t\t\t\t<a href=\"https:\/\/flipboard.com\/@SpazioCiclismo\" title=\"Flipboard\" target=\"_blank\" rel=\"nofollow noopener\" class=\"post-followus-btn flipboard-btn\"><br \/>\n\t\t\t\t\t\t<img decoding=\"async\" src=\"https:\/\/cyclingpro.net\/spaziociclismo\/wp-content\/themes\/jannah\/assets\/images\/flipboard.svg\" alt=\"Flipboard\" loading=\"lazy\" width=\"152\" height=\"30\"\/><br \/>\n\t\t\t\t\t<\/a><\/p>\n","protected":false},"excerpt":{"rendered":"\u00a9 Sirotti Un virus sta colpendo diversi corridori della Red Bull-Bora-hansgrohe al Giro d\u2019Italia 2026. La situazione all\u2019interno&hellip;\n","protected":false},"author":3,"featured_media":498781,"comment_status":"","ping_status":"","sticky":false,"template":"","format":"standard","meta":{"footnotes":"","_share_on_mastodon":"0"},"categories":[1456],"tags":[1824,1825,15703,30818,17087,1537,90,89,57313,35056,245,244],"class_list":["post-498780","post","type-post","status-publish","format-standard","has-post-thumbnail","category-ciclismo","tag-ciclismo","tag-cycling","tag-gianni-moscon","tag-giro-ditalia-2026","tag-giulio-pellizzari","tag-it","tag-italia","tag-italy","tag-jai-hindley","tag-red-bull-bora-hansgrohe-2026","tag-sport","tag-sports"],"share_on_mastodon":{"url":"https:\/\/pubeurope.com\/@it\/116604415154761968","error":""},"_links":{"self":[{"href":"https:\/\/www.europesays.com\/it\/wp-json\/wp\/v2\/posts\/498780","targetHints":{"allow":["GET"]}}],"collection":[{"href":"https:\/\/www.europesays.com\/it\/wp-json\/wp\/v2\/posts"}],"about":[{"href":"https:\/\/www.europesays.com\/it\/wp-json\/wp\/v2\/types\/post"}],"author":[{"embeddable":true,"href":"https:\/\/www.europesays.com\/it\/wp-json\/wp\/v2\/users\/3"}],"replies":[{"embeddable":true,"href":"https:\/\/www.europesays.com\/it\/wp-json\/wp\/v2\/comments?post=498780"}],"version-history":[{"count":0,"href":"https:\/\/www.europesays.com\/it\/wp-json\/wp\/v2\/posts\/498780\/revisions"}],"wp:featuredmedia":[{"embeddable":true,"href":"https:\/\/www.europesays.com\/it\/wp-json\/wp\/v2\/media\/498781"}],"wp:attachment":[{"href":"https:\/\/www.europesays.com\/it\/wp-json\/wp\/v2\/media?parent=498780"}],"wp:term":[{"taxonomy":"category","embeddable":true,"href":"https:\/\/www.europesays.com\/it\/wp-json\/wp\/v2\/categories?post=498780"},{"taxonomy":"post_tag","embeddable":true,"href":"https:\/\/www.europesays.com\/it\/wp-json\/wp\/v2\/tags?post=498780"}],"curies":[{"name":"wp","href":"https:\/\/api.w.org\/{rel}","templated":true}]}}