{"id":498812,"date":"2026-05-20T02:26:20","date_gmt":"2026-05-20T02:26:20","guid":{"rendered":"https:\/\/www.europesays.com\/it\/498812\/"},"modified":"2026-05-20T02:26:20","modified_gmt":"2026-05-20T02:26:20","slug":"monica-bellucci-al-festival-cannes-parla-di-tim-burton-quello-che-abbiamo-avuto-non-finira-mai","status":"publish","type":"post","link":"https:\/\/www.europesays.com\/it\/498812\/","title":{"rendered":"Monica Bellucci al Festival Cannes parla di Tim Burton: &#8216;Quello che abbiamo avuto non finir\u00e0 mai&#8217;"},"content":{"rendered":"<p>Il <a data-intcmp=\"skytg24_foglia articolo_interlink_text\" href=\"https:\/\/tg24.sky.it\/spettacolo\/cinema\/2026\/05\/11\/festival-cannes-2026\" rel=\"nofollow noopener\" target=\"_blank\">Festival di Cannes 2026<\/a> fa largo a <strong>Monica Bellucci<\/strong>, storica protagonista della kermesse con i suoi film e con le sue numerose apparizioni glamour sul tappeto rosso, tutte memorabili.<br \/>L&#8217;attrice italiana, che nei prossimi giorni sar\u00e0 sulla Croisette con<strong> due film<\/strong>,\u00a0Histoires de la nuit di L\u00e9a Mysius e\u00a0Butterfly Jam del russo Kantemir Balagov, ha rilasciato un&#8217;intervista al settimanale F prima di tornare sotto i riflettori del Festival che per lei ha sempre un valore speciale, anche in relazione alla sua vita sentimentale.\u00a0<br \/><strong>A Cannes conobbe<\/strong> molti anni fa il suo ultimo amore,<strong> Tim Burton<\/strong>. Sempre al Festival lei e <strong>l&#8217;ex marito Vincent Cassel <\/strong>fecero<strong> debutto sul red carpet <\/strong>come coppia.\u00a0<br \/>Ora per\u00f2 non \u00e8 disposta a parlare della sua vita privata. Dice l&#8217;attrice che alla sua et\u00e0 <strong>ha il diritto alla privacy<\/strong>.<br \/>Qualche commento sulla sua relazione con Burton, <a data-intcmp=\"skytg24_foglia articolo_interlink_text\" href=\"https:\/\/tg24.sky.it\/spettacolo\/2025\/09\/19\/tim-burton-monica-bellucci-addio\" rel=\"nofollow noopener\" target=\"_blank\">finita lo scorso settembre<\/a>, per\u00f2, l&#8217;ha fatto e per il regista americano ha avuto solo <strong>parole gentili e affettuose<\/strong>.\u00a0<\/p>\n<p>\t\t \tSu Burton: &#8220;Quello che abbiamo avuto non finir\u00e0 mai&#8221;\u00a0<\/p>\n<p>Tra storia d&#8217;amore durata un po&#8217; pi\u00f9 di due anni tra Monica Bellucci e Tim Burton era finita con un breve comunicato che annunciava la separazione tra l&#8217;attrice e il regista statunitense, nota che parlava esplicitamente di una\u00a0<strong>separazione<\/strong> avvenuta <strong>&#8220;con grande rispetto e affetto reciproco&#8221;<\/strong>.\u00a0<br \/>La situazione non \u00e8 mutata adesso, a meno di un&#8217;anno da allora e a pochi mesi dalla messa in vendita della villa in Toscana che la coppia aveva acquistato, ultimo atto di una storia sulla quale \u00e8 stata scritta la parola fine.\u00a0<br \/>Bellucci parla di Burton con stima e benevolenza.<strong> \u201cQuello che abbiamo avuto non finir\u00e0 mai<\/strong>, <strong>affetto e rispetto resteranno per sempre\u201c<\/strong>, dice nella sua intervista, confermando il ricordo di un legame maturo, che per una stagione si \u00e8 trasformato anche in un <strong>sodalizio creativo<\/strong>.<br \/>Bellucci \u00e8 stata la <strong>musa di Burton <\/strong>in un servizio fotografico da lui realizzato <a data-intcmp=\"skytg24_foglia articolo_interlink_text\" href=\"https:\/\/tg24.sky.it\/spettacolo\/2024\/10\/27\/monica-bellucci-roma-vogue-forces-of-fashion\" rel=\"nofollow noopener\" target=\"_blank\">per Vogue Italia<\/a> ma, soprattutto, \u00e8 stata al&#8217;ispirazione per un personaggio scritto per lei per il seguito di Beetlejuice, presentato alla Mostra del Cinema di Venezia (<a data-intcmp=\"skytg24_foglia articolo_interlink_text\" href=\"https:\/\/tg24.sky.it\/spettacolo\/cinema\/2024\/08\/28\/tim-burton-monica-bellucci-festival-venezia?intcmp=skytg24_articolo_approfondimenti_inline\" rel=\"nofollow noopener\" target=\"_blank\">FOTO<\/a>).<br \/>Burton l&#8217;ha ritratta sul grande schermo dolente e bellissima, per il film che presenter\u00e0 a Cannes, invece,<strong> si \u00e8 dovuta imbruttire<\/strong>, interpretatando <strong>una donna di sessant&#8217;anni <\/strong>(che, in effetti, \u00e8 la sua et\u00e0) a cui il tempo non ha fatto sconti.\u00a0<br \/>Parlando del lavoro fatto per\u00a0Histoires de la nuit, in Concorso per la Palma d&#8217;Oro, l&#8217;attrice ha detto che il suo personaggio \u00e8 quello di una donna matura, profonda ma indurita dagli anni e dalla vita.\u00a0<br \/>In\u00a0Butterfly Jam, invece, recita un <strong>piccolo ruolo nei panni di se stessa<\/strong>, un cameo che far\u00e0 impazzire gli appassionati di cinema e i suoi fan.<\/p>\n<p>\t\t\t<a class=\"c-inline-card j-inline-card \" href=\"https:\/\/tg24.sky.it\/spettacolo\/2025\/09\/19\/monica-bellucci-tim-burton-foto#00\" rel=\"follow nofollow noopener\" data-intcmp-qp=\"skytg24_articolo_approfondimenti_inline\" target=\"_blank\"><\/p>\n<p>\n\t\t\t         Vedi anche<br \/>\n\t\t\t         Monica Bellucci e Tim Burton si separano, le foto pi\u00f9 belle\n\t\t\t      <\/p>\n<p>\t\t\t<\/a><\/p>\n<p>\t\t \tLa privacy sulla vita privata e le due figlie\u00a0<\/p>\n<p>Monica Bellucci \u00e8 una delle storiche grandi dive che a Cannes hanno sempre fatto fermare lo show.\u00a0<br \/>Elegantissima, glamour e sublime, \u00e8 una protagonista sulla Croisette fin dai tardi anni Novanta e gli scatti delle sue apparizioni spuntano fuori ogni anno nei momenti pi\u00f9 belli della storia della kermesse.\u00a0<br \/>Nel 2002 il suo passaggio al Festival segno il debutto di lei e Vincent Cassel come coppia stellare del grande schermo.\u00a0<br \/>Quest&#8217;anno lui \u00e8 stato a Cannes nei primi giorni del Festival per presentare il film Histoires parall\u00e8les ed \u00e8 gi\u00e0 andato via.\u00a0<br \/>Del loro matrimonio restano le due figlie, Deva e L\u00e9onie, vero orgoglio dell&#8217;attrice che si sofferma volentieri a parlare delle sue sensazioni di madre felice nel vederle crescere felici.<br \/>Deva \u00e8 modella e attrice, proprio come sua madre, che commenta: &#8220;Trovo bellissimo vedere mia figlia che va pi\u00f9 veloce di me, vola e mi supera\u201c.\u00a0<br \/>A L\u00e9onie mancano ancora due anni per il diploma. Ha una vocazione artistica ma il suo futuro \u00e8 tutto nelle sue giovani mani.\u00a0<\/p>\n<p>\t\t\t<a class=\"c-inline-card j-inline-card \" href=\"https:\/\/tg24.sky.it\/spettacolo\/serie-tv\/2025\/03\/07\/deva-cassel-gattopardo\" rel=\"follow nofollow noopener\" data-intcmp-qp=\"skytg24_articolo_approfondimenti_inline\" target=\"_blank\"><\/p>\n<p>\n\t\t\t         Vedi anche<br \/>\n\t\t\t         Chi \u00e8 Deva Cassel, figlia di Monica Bellucci, star de Il Gattopardo\n\t\t\t      <\/p>\n<p>\t\t\t<\/a><\/p>\n","protected":false},"excerpt":{"rendered":"Il Festival di Cannes 2026 fa largo a Monica Bellucci, storica protagonista della kermesse con i suoi film&hellip;\n","protected":false},"author":3,"featured_media":498813,"comment_status":"","ping_status":"","sticky":false,"template":"","format":"standard","meta":{"footnotes":"","_share_on_mastodon":"0"},"categories":[1451],"tags":[1621,1620,203,43749,204,1537,90,89,11496,9053],"class_list":["post-498812","post","type-post","status-publish","format-standard","has-post-thumbnail","category-celebrita","tag-celebrita","tag-celebrities","tag-entertainment","tag-festival-di-cannes","tag-intrattenimento","tag-it","tag-italia","tag-italy","tag-monica-bellucci","tag-tim-burton"],"share_on_mastodon":{"url":"https:\/\/pubeurope.com\/@it\/116604540437190386","error":""},"_links":{"self":[{"href":"https:\/\/www.europesays.com\/it\/wp-json\/wp\/v2\/posts\/498812","targetHints":{"allow":["GET"]}}],"collection":[{"href":"https:\/\/www.europesays.com\/it\/wp-json\/wp\/v2\/posts"}],"about":[{"href":"https:\/\/www.europesays.com\/it\/wp-json\/wp\/v2\/types\/post"}],"author":[{"embeddable":true,"href":"https:\/\/www.europesays.com\/it\/wp-json\/wp\/v2\/users\/3"}],"replies":[{"embeddable":true,"href":"https:\/\/www.europesays.com\/it\/wp-json\/wp\/v2\/comments?post=498812"}],"version-history":[{"count":0,"href":"https:\/\/www.europesays.com\/it\/wp-json\/wp\/v2\/posts\/498812\/revisions"}],"wp:featuredmedia":[{"embeddable":true,"href":"https:\/\/www.europesays.com\/it\/wp-json\/wp\/v2\/media\/498813"}],"wp:attachment":[{"href":"https:\/\/www.europesays.com\/it\/wp-json\/wp\/v2\/media?parent=498812"}],"wp:term":[{"taxonomy":"category","embeddable":true,"href":"https:\/\/www.europesays.com\/it\/wp-json\/wp\/v2\/categories?post=498812"},{"taxonomy":"post_tag","embeddable":true,"href":"https:\/\/www.europesays.com\/it\/wp-json\/wp\/v2\/tags?post=498812"}],"curies":[{"name":"wp","href":"https:\/\/api.w.org\/{rel}","templated":true}]}}