{"id":498848,"date":"2026-05-20T03:01:13","date_gmt":"2026-05-20T03:01:13","guid":{"rendered":"https:\/\/www.europesays.com\/it\/498848\/"},"modified":"2026-05-20T03:01:13","modified_gmt":"2026-05-20T03:01:13","slug":"alessandra-giudicessa-a-belve-crime-mi-offendo-se-mi-chiamano-ladra-pero-lo-sono","status":"publish","type":"post","link":"https:\/\/www.europesays.com\/it\/498848\/","title":{"rendered":"Alessandra Giudicessa a Belve Crime: \u00abMi offendo se mi chiamano ladra, per\u00f2 lo sono\u00bb"},"content":{"rendered":"<p>    di<br \/>\n    Federica Bandirali<\/p>\n<p class=\"summary-art is-line-h-12\">Diventata popolare insieme alla sorella per i film \u00abCome un gatto in tangenziale\u00bb, si confessa a Francesca Fagnani<\/p>\n<p class=\"chapter-paragraph\">Ospite di \u00abBelve Crime\u00bb, questa sera, anche Alessandra Giudicessa che  si racconta senza filtri davanti a Francesca Fagnani, ripercorrendo una vita dove cinema e realt\u00e0 si sono intrecciati in modo quasi indistinguibile.<\/p>\n<p class=\"chapter-paragraph\"><b>Diventata popolare insieme alla sorella Valentina<\/b> grazie al ruolo delle gemelle cleptomani nei film \u00abCome un gatto in tangenziale\u00bb di Riccardo Milani, Alessandra ammette infatti che quella rappresentata sul grande schermo non era semplice finzione.    &#13;<br \/>\n&#13;<br \/>\n&#13;<br \/>\n&#13;<br \/>\n&#13;<br \/>\n&#13;<br \/>\n&#13;<br \/>\n&#13;<br \/>\n&#13;<br \/>\n&#13;<br \/>\n&#13;<br \/>\n&#13;<br \/>\n&#13;<br \/>\n&#13;<br \/>\n&#13;<br \/>\n&#13;<br \/>\n&#13;<br \/>\n&#13;<br \/>\n&#13;<br \/>\n&#13;<br \/>\n&#13;<br \/>\n&#13;<br \/>\n&#13;<br \/>\n&#13;<br \/>\n&#13;<br \/>\n&#13;<br \/>\n&#13;<br \/>\n&#13;<br \/>\n&#13;<br \/>\n&#13;<br \/>\n&#13;<br \/>\n&#13;<br \/>\n&#13;<br \/>\n&#13;<br \/>\n&#13;<br \/>\n&#13;<br \/>\n&#13;<br \/>\n&#13;<br \/>\n&#13;<br \/>\n&#13;<br \/>\n&#13;<br \/>\n&#13;<br \/>\n&#13;<br \/>\n&#13;<br \/>\n&#13;<br \/>\n&#13;<br \/>\n&#13;<br \/>\n&#13;<br \/>\n&#13;<br \/>\n&#13;<br \/>\n&#13;<br \/>\n&#13;<br \/>\n&#13;\n<\/p>\n<p class=\"chapter-paragraph\"><b>Le sorelle Giudicessa hanno realmente vissuto di furti, <\/b>crescendo in una famiglia difficile, con un padre spesso in carcere per rapine. Una vita complicata che nemmeno il successo cinematografico \u00e8 riuscito a cambiare davvero. \u00abI soldi sono finiti subito. Ci siamo ritrovate come prima, anzi pure peggio\u00bb, racconta Alessandra, spiegando come dopo il film siano riaffiorate anche vecchie denunce da parte di persone che le avrebbero riconosciute.<\/p>\n<p class=\"chapter-paragraph\"><b>Nel corso dell\u2019intervista emerge tutta l\u2019amarezza <\/b>di chi sente addosso un marchio impossibile da cancellare. \u00abOrmai dove entriamo ci vengono dietro le commesse\u00bb, racconta con autoironia. \u00abMagari accompagno i miei figli a comprare qualcosa e ci sono dieci commesse che seguono me. Lasciano pure le casse libere. A me viene da ridere ma intanto mi viene da piangere\u00bb.<\/p>\n<p class=\"chapter-paragraph\"><b>Fagnani affronta poi direttamente il tema<\/b> della definizione di \u00abladra\u00bb, chiedendole se si senta offesa da quel termine. Alessandra risponde con sincerit\u00e0: \u00abMi offendo perch\u00e9 non mi sento una ladra, lo faccio per necessit\u00e0. Ci rimango male se la gente mi dice che sono ladra, per\u00f2 lo sono\u00bb.<\/p>\n<p class=\"chapter-paragraph\"><b>A Fagnani chiarisce il motivo dell\u2019assenza di Valentina<\/b>, anche lei invitata per partecipare a Belve Crime: \u00abIn questo momento sta agli arresti domiciliari e quindi non \u00e8 potuta venire\u00bb, poi si sbottona rivelando la tecnica utilizzata con la gemella: \u00abVi hanno sempre dato furto con destrezza&#8230;\u00bb, annota Fagnani. \u00abPerch\u00e9 siamo due, magari una distrae e l&#8217;altra prende, capito? Quindi per loro il reato di destrezza \u00e8 quello. Una parla alla commessa e l\u2019altra ruba\u00bb, confessa Giudicessa che poi ripercorre gli anni difficili dell\u2019infanzia. \u00abNostro padre era sempre in galera e mamma ci ha messo in collegio da bambine, siamo cresciute io e mia sorella da sole e vorrei poter tornare indietro e cambiare tutto, mi taglierei le mani per avere una vita nuova\u00bb ammette.<\/p>\n<p class=\"is-last-update\" datetime=\"2026-05-19T16:44:18+02:00\">19 maggio 2026<\/p>\n<p class=\"is-copyright\">\n            \u00a9 RIPRODUZIONE RISERVATA\n        <\/p>\n","protected":false},"excerpt":{"rendered":"di Federica Bandirali Diventata popolare insieme alla sorella per i film \u00abCome un gatto in tangenziale\u00bb, si confessa&hellip;\n","protected":false},"author":3,"featured_media":498849,"comment_status":"","ping_status":"","sticky":false,"template":"","format":"standard","meta":{"footnotes":"","_share_on_mastodon":"0"},"categories":[174],"tags":[3383,276300,2537,6847,19486,115510,2554,93498,49081,24570,276671,13035,276672,276673,203,98020,454,276674,276675,5701,19487,33839,94530,276669,204,1537,90,89,276670,1989,10766],"class_list":["post-498848","post","type-post","status-publish","format-standard","has-post-thumbnail","category-intrattenimento","tag-alessandra","tag-alessandra-giudicessa","tag-altra","tag-ammette","tag-belve","tag-belve-crime","tag-cambiare","tag-commesse","tag-confessa","tag-crime","tag-destrezza","tag-diventata","tag-diventata-popolare","tag-diventata-popolare-sorella","tag-entertainment","tag-fagnani","tag-film","tag-film-gatto","tag-film-gatto-tangenziale","tag-francesca","tag-francesca-fagnani","tag-gatto","tag-gatto-tangenziale","tag-giudicessa","tag-intrattenimento","tag-it","tag-italia","tag-italy","tag-ladra","tag-racconta","tag-sorella"],"share_on_mastodon":{"url":"https:\/\/pubeurope.com\/@it\/116604678216955617","error":""},"_links":{"self":[{"href":"https:\/\/www.europesays.com\/it\/wp-json\/wp\/v2\/posts\/498848","targetHints":{"allow":["GET"]}}],"collection":[{"href":"https:\/\/www.europesays.com\/it\/wp-json\/wp\/v2\/posts"}],"about":[{"href":"https:\/\/www.europesays.com\/it\/wp-json\/wp\/v2\/types\/post"}],"author":[{"embeddable":true,"href":"https:\/\/www.europesays.com\/it\/wp-json\/wp\/v2\/users\/3"}],"replies":[{"embeddable":true,"href":"https:\/\/www.europesays.com\/it\/wp-json\/wp\/v2\/comments?post=498848"}],"version-history":[{"count":0,"href":"https:\/\/www.europesays.com\/it\/wp-json\/wp\/v2\/posts\/498848\/revisions"}],"wp:featuredmedia":[{"embeddable":true,"href":"https:\/\/www.europesays.com\/it\/wp-json\/wp\/v2\/media\/498849"}],"wp:attachment":[{"href":"https:\/\/www.europesays.com\/it\/wp-json\/wp\/v2\/media?parent=498848"}],"wp:term":[{"taxonomy":"category","embeddable":true,"href":"https:\/\/www.europesays.com\/it\/wp-json\/wp\/v2\/categories?post=498848"},{"taxonomy":"post_tag","embeddable":true,"href":"https:\/\/www.europesays.com\/it\/wp-json\/wp\/v2\/tags?post=498848"}],"curies":[{"name":"wp","href":"https:\/\/api.w.org\/{rel}","templated":true}]}}