{"id":498854,"date":"2026-05-20T03:04:12","date_gmt":"2026-05-20T03:04:12","guid":{"rendered":"https:\/\/www.europesays.com\/it\/498854\/"},"modified":"2026-05-20T03:04:12","modified_gmt":"2026-05-20T03:04:12","slug":"nato-fuoco-amico-contro-un-drone-ucraino-in-estonia-un-intrigo-internazionale","status":"publish","type":"post","link":"https:\/\/www.europesays.com\/it\/498854\/","title":{"rendered":"Nato, fuoco amico contro un drone ucraino in Estonia: un intrigo internazionale"},"content":{"rendered":"<p>Alta tensione in <strong>Estonia<\/strong>, dove \u00e8 stato abbattuto un drone ucraino. L\u2019episodio si \u00e8 verificato nei cieli del Baltico e ha coinvolto un caccia F-16 romeno impegnato nella missione Nato di Air Policing, intervenuto dopo l\u2019ingresso del velivolo nello spazio aereo estone. Secondo il ministro della Difesa <strong>Hanno Pevkur<\/strong>, il drone sarebbe finito fuori rotta a causa delle interferenze elettroniche russe.<\/p>\n<p>I rottami sono precipitati nella zona di Kablakula, nel comune di Poltsamaa. &#8220;I nostri radar <strong>avevano gi\u00e0 individuato una possibile minaccia <\/strong>prima dell\u2019ingresso nello spazio aereo estone&#8221;, ha spiegato Pevkur all\u2019emittente pubblica Err. &#8220;Dopo l\u2019attivazione delle procedure Nato, gli F-16 romeni hanno abbattuto il drone tra Vortsjarv e Poltsamaa&#8221;.<\/p>\n<p>Le prime segnalazioni sarebbero arrivate dalle Forze di difesa della Lettonia, mentre <strong>i sistemi radar estoni <\/strong>avrebbero poi confermato la presenza del drone nella parte meridionale del Paese. Intanto proseguono le operazioni di ricerca dei resti, finite in un\u2019area paludosa.<\/p>\n<p>Dopo l\u2019incidente \u00e8 arrivata la reazione di Kiev, che ha <strong>presentato scuse ufficiali ai Paesi baltici<\/strong>. Il portavoce del ministero degli Esteri ucraino, <strong>Heorhii Tykhyi<\/strong>, ha accusato Mosca di utilizzare strumenti di guerra elettronica per alterare la traiettoria dei droni ucraini.<\/p>\n<p>&#8220;La Russia continua a deviare i droni ucraini verso i Paesi baltici attraverso strumenti di guerra elettronica, e <strong>lo fa deliberatamente insieme a un\u2019intensificazione della propaganda<\/strong>&#8220;, ha scritto Tykhyi su X.<\/p>\n<p>Il portavoce ha assicurato che l\u2019Ucraina sta collaborando con Estonia, Lettonia, Lituania e Finlandia per <strong>evitare il ripetersi di episodi simili<\/strong>. &#8220;Ci scusiamo con i nostri amici baltici per questi incidenti involontari&#8221;, ha dichiarato.<\/p>\n<p><a href=\"https:\/\/www.liberoquotidiano.it\/news\/esteri\/47703827\/occidente-resti-unito-se-vuole-battere-putin\/\" rel=\"nofollow noopener\" target=\"_blank\">L&#8217;Occidente resti unito se vuole battere PutinMai il quadro geopolitico \u00e8 stato cos\u00ec ingarbugliato. Noi siamo fra quelli che non danno torto a priori ag&#8230;<\/a><\/p>\n<p>Tykhyi ha inoltre respinto le accuse russe secondo cui i Paesi baltici avrebbero autorizzato l\u2019utilizzo del proprio spazio aereo per attacchi contro Mosca. &#8220;N\u00e9 Estonia, n\u00e9 Lettonia, n\u00e9 Lituania, n\u00e9 Finlandia hanno <strong>mai permesso l\u2019utilizzo del loro spazio aereo per attacchi contro la Russia<\/strong>, e l\u2019Ucraina non lo ha mai richiesto&#8221;, ha affermato, ribadendo infine il diritto di Kiev all\u2019autodifesa previsto dall\u2019articolo 51 della Carta delle Nazioni Unite.<\/p>\n","protected":false},"excerpt":{"rendered":"Alta tensione in Estonia, dove \u00e8 stato abbattuto un drone ucraino. L\u2019episodio si \u00e8 verificato nei cieli del&hellip;\n","protected":false},"author":3,"featured_media":498855,"comment_status":"","ping_status":"","sticky":false,"template":"","format":"standard","meta":{"footnotes":"","_share_on_mastodon":"0"},"categories":[160],"tags":[14,164,165,39541,166,2737,7,15,171,170,11,167,12,168,161,162,163],"class_list":["post-498854","post","type-post","status-publish","format-standard","has-post-thumbnail","category-mondo","tag-cronaca","tag-dal-mondo","tag-dalmondo","tag-estonia","tag-mondo","tag-nato","tag-news","tag-notizie","tag-russia","tag-ucraina","tag-ultime-notizie","tag-ultime-notizie-di-mondo","tag-ultimenotizie","tag-ultimenotiziedimondo","tag-world","tag-world-news","tag-worldnews"],"share_on_mastodon":{"url":"https:\/\/pubeurope.com\/@it\/116604689927851055","error":""},"_links":{"self":[{"href":"https:\/\/www.europesays.com\/it\/wp-json\/wp\/v2\/posts\/498854","targetHints":{"allow":["GET"]}}],"collection":[{"href":"https:\/\/www.europesays.com\/it\/wp-json\/wp\/v2\/posts"}],"about":[{"href":"https:\/\/www.europesays.com\/it\/wp-json\/wp\/v2\/types\/post"}],"author":[{"embeddable":true,"href":"https:\/\/www.europesays.com\/it\/wp-json\/wp\/v2\/users\/3"}],"replies":[{"embeddable":true,"href":"https:\/\/www.europesays.com\/it\/wp-json\/wp\/v2\/comments?post=498854"}],"version-history":[{"count":0,"href":"https:\/\/www.europesays.com\/it\/wp-json\/wp\/v2\/posts\/498854\/revisions"}],"wp:featuredmedia":[{"embeddable":true,"href":"https:\/\/www.europesays.com\/it\/wp-json\/wp\/v2\/media\/498855"}],"wp:attachment":[{"href":"https:\/\/www.europesays.com\/it\/wp-json\/wp\/v2\/media?parent=498854"}],"wp:term":[{"taxonomy":"category","embeddable":true,"href":"https:\/\/www.europesays.com\/it\/wp-json\/wp\/v2\/categories?post=498854"},{"taxonomy":"post_tag","embeddable":true,"href":"https:\/\/www.europesays.com\/it\/wp-json\/wp\/v2\/tags?post=498854"}],"curies":[{"name":"wp","href":"https:\/\/api.w.org\/{rel}","templated":true}]}}