{"id":498934,"date":"2026-05-20T04:40:24","date_gmt":"2026-05-20T04:40:24","guid":{"rendered":"https:\/\/www.europesays.com\/it\/498934\/"},"modified":"2026-05-20T04:40:24","modified_gmt":"2026-05-20T04:40:24","slug":"juve-comolli-e-il-suo-cerchio-magico-da-modesto-a-burgess-e-silverstone","status":"publish","type":"post","link":"https:\/\/www.europesays.com\/it\/498934\/","title":{"rendered":"Juve, Comolli e il suo cerchio magico: da Modesto a Burgess e Silverstone"},"content":{"rendered":"<p>                                L&#8217;ad juventino ha smontato e rimontato il club a sua immagine e somiglianza sfruttando la fiducia della propriet\u00e0, che gli ha dato carta bianca a tutti livelli: ecco chi fa parte del suo mondo<\/p>\n<p>            <a class=\"image is-50x50\" href=\"https:\/\/www.gazzetta.it\/redazione\/filippo-cornacchia\/\" rel=\"nofollow noopener\" target=\"_blank\"><br \/>\n                <img decoding=\"async\" class=\"is-rounded\" src=\"https:\/\/www.europesays.com\/it\/wp-content\/uploads\/2026\/04\/filippo-cornacchia_avatar.png\" alt=\"Filippo Cornacchia\"\/><br \/>\n            <\/a><\/p>\n<p>Giornalista<\/p>\n<p>                    19 maggio 2026 (modifica alle 18:34)  &#8211; TORINO<\/p>\n<p class=\"paragraph\" spellcheck=\"true\">Il paradosso della Juventus \u00e8 che, a 90 minuti dalla fine del campionato, si trova fuori dalla Champions League nella settimana del trentennale del trionfo &#8217;96 contro l\u2019Ajax e indietro di quindici anni. Pi\u00f9 vicina al periodo dei due due settimi posti consecutivi (2010 e 2011) che all&#8217;epopea dei 9 scudetti di fila dell&#8217;era Andrea Agnelli. Il volto, nonch\u00e9 il plenipotenziario, della Signora pi\u00f9 innovativa e meno conservatrice \u00e8 Damien Comolli. L&#8217;ex presidente del Tolosa \u00e8 al comando da 350 giorni e da 190 \u00e8 anche l&#8217;amministratore delegato del club. Il 4 giugno il manager transalpino festegger\u00e0 il suo primo compleanno in bianconero. A meno che John Elkann, che lo ha scelto personalmente, <a href=\"https:\/\/www.gazzetta.it\/Calcio\/Serie-A\/Juventus\/19-05-2026\/juve-fallimento-mercato-acquisti-ricapitalizzazioni-cifre.shtml?intcmp=hyperlink-articolo-gazit\" title=\"Juve, ogni anno \u00e8 l&#039;anno zero: da Arthur a Openda un fallimento da 875 milioni. E ora c&#039;\u00e8 Comolli nel mirino\" rel=\"nofollow noopener\" target=\"_blank\">dopo il derby col Torino di domenica non decida di rovinare la festa<\/a> o di farla saltare del tutto. Nel caso non si tratterebbe di disdire soltanto la torta, ma anche di cancellare la lunga lista degli invitati. Non sarebbe la prima volta, anzi, il vero dubbio \u00e8 proprio quello. Gi\u00e0, perch\u00e9 Comolli in undici mesi ha smontato e rimontato la Signora a sua immagine e somiglianza sfruttando la fiducia della propriet\u00e0, che gli ha dato carta bianca a tutti livelli. Dal modello di Juventus con la doppia carica dt\/ds, come succede spesso fuori dall&#8217;Italia, alla ricerca dei profili giusti anche tramite LinkedIn. Dagli algoritmi a tanti professionisti, alcuni italiani e altri stranieri. Il mondo juventino di Comolli, che in passato a vari livelli ha lavorato con Arsenal, Tottenham, Liverpool, Fenerbahce, Sain-Etienne e Tolosa, spazia dalla Corsica all\u2019Australia, dalla Scozia fino alla Turchia.<\/p>\n<p>    il fidato francese\u2014 \u00a0<\/p>\n<p class=\"paragraph is-inline\" spellcheck=\"true\">Francois Modesto, in estate tornato in Italia dopo l&#8217;esperienza nel Monza di Adriano Galliani e Silvio Berlusconi, \u00e8 il braccio operativo dell&#8217;ad sulla squadra. Tramite per le vicende di campo e confidente: direttore tecnico (dt) nell\u2019organigramma. Connazionale di Comolli, ma in realt\u00e0 uomo di mondo: Modesto \u00e9 nato e cresciuto in Corsica e ha giocato nel Bastia, nel Cagliari e nel Monaco. All&#8217;Olympiacos, in Grecia, \u00e8 stato giocatore e dirigente. Modesto \u00e8 uno dei principali uomini di fiducia di Comolli, anche se sulla carta non tocca a lui portare avanti le trattative della Juventus. Per quelle in inverno \u00e8 stato arruolato il direttore sportivo (ds) Marco Ottolini, voluto fortemente anche da Giorgio Chiellini: i due si erano conosciuti nella prima vita bianconera dell&#8217;ex dirigente del Genoa.<\/p>\n<p>    l&#8217;australiano e lo scozzese\u2014 \u00a0<\/p>\n<p class=\"paragraph is-inline\" spellcheck=\"true\">Il cerchio magico dell&#8217;ex Tolosa \u00e8 molto pi\u00f9 ampio. Un altro uomo di fiducia \u00e8 Darren Burgess. Sempre agli allenamenti e a bordo campo prima delle partite. Il guru australiano a livello internazionale <a href=\"https:\/\/www.gazzetta.it\/Calcio\/Serie-A\/Juventus\/storie\/26-09-2025\/chi-e-darren-burgess-e-cosa-fara-alla-juve-metodo-e-filosofia-del-guru-australiano\/\" title=\"Prevenzione infortuni, psicologia e performance: chi \u00e8 Burgess, nuovo &#039;guru&#039; del fitness Juve\" rel=\"nofollow noopener\" target=\"_blank\">\u00e8 considerato uno dei migliori professionisti delle performance<\/a>. Comolli lo ha portato alla Juventus anche per velocizzare e migliorare l&#8217;utilizzo dei dati tra le varie aree. Medica, atletica, tecnica. Dal campo al business, dall&#8217;Australia alla Scozia. Gli occhi di Comolli sul commerciale sono affidati a Peter Silverstone, strappato a novembre alla ricca Premier League: ultimo club il Newcastle, in passato ha lavorato anche all&#8217;Arsenal.<\/p>\n<p>    la moglie turca\u2014 \u00a0<\/p>\n<p class=\"paragraph is-inline\" spellcheck=\"true\">Comolli non \u00e8 arrivato in Italia da solo, ma <a href=\"https:\/\/www.gazzetta.it\/Calcio\/Serie-A\/Juventus\/03-06-2025\/juve-con-damien-comolli-arriva-anche-la-moglie-selinay-gurgenc-ecco-chi-e.shtml?intcmp=hyperlink-articolo-gazit\" title=\"Damien e Selinay, uniti dai... dati: ecco chi \u00e8 \" lady=\"\" comolli=\"\" rel=\"nofollow noopener\" target=\"_blank\">insieme alla moglie Selinay Gurgenc e al piccolo Ata Arsene<\/a> (il secondo nome del bimbo in onore di Wenger, il mentore del dirigente dai tempi del Monaco). Il 53enne ad bianconero ha conosciuto la dolce met\u00e0 turca a Istanbul, quando lavoravano entrambi nel Fenerbahce, ma la signora aveva un ruolo in societ\u00e0 anche nel Tolosa, il club di cui Comolli \u00e8 stato presidente prima del trasferimento in bianconero della scorsa estate. Alla Juventus la Gurgenc almeno per ora non ha incarichi ufficiali, ma i suoi luminosi capelli rossi non passano inosservati e sono una costante alle partite. All&#8217;Allianz Stadium come in trasferta: da Cremona a Lecce, passando per le tappe europee e ovviamente la &#8220;sua&#8221; Istanbul, seppur sponda Galatasaray. Sempre al fianco di Comolli, non solo in tribuna ma anche a bordo campo prima del riscaldamento dei giocatori. Forse troppo presente a ridosso del gruppo squadra, si vocifera negli ambienti bianconeri. Comunque una novit\u00e0 rispetto al passato-recente e alle abitudini del mondo Juve e dei precedenti dirigenti.<\/p>\n<p><a class=\"is-partner-link\" href=\"https:\/\/abbonamenti.gazzetta.it\/doblete-inter-gplus-de-promo\/?pwcmp=cta&amp;forceBrowser=true\" rel=\"nofollow noopener\" target=\"_blank\">Inter Campione d\u2019Italia: abbonati alla Digital Edition + Poster Prima Pagina a 4,99\u20ac\/mese<\/a><\/p>\n<p>    la torino di damien\u2014 \u00a0<\/p>\n<p class=\"paragraph is-inline\" spellcheck=\"true\">Comolli a volte viaggia con la moglie e raggiunge la squadra il giorno della partita. Il plenipotenziario francese \u00e8 tutto Continassa, viaggi e casa. A Torino la famiglia Comolli si \u00e8 integrata bene: Damien e la signora Selinay vivono nel centro storico, a ridosso dell&#8217;affascinante piazza San Carlo, e hanno un debole per un noto forno di Torino a pochi passi da casa. Meta fissa nel weekend, trasferte permettendo.<\/p>\n<p class=\"is-copyright\">\u00a9 RIPRODUZIONE RISERVATA<\/p>\n","protected":false},"excerpt":{"rendered":"L&#8217;ad juventino ha smontato e rimontato il club a sua immagine e somiglianza sfruttando la fiducia della propriet\u00e0,&hellip;\n","protected":false},"author":3,"featured_media":498935,"comment_status":"","ping_status":"","sticky":false,"template":"","format":"standard","meta":{"footnotes":"","_share_on_mastodon":"0"},"categories":[1452],"tags":[5365,3631,276695,7376,842,276696,10575,8650,34432,721,921,9051,276697,276698,17534,141831,554,10572,276699,21170,116707,31639,1277,276700,276701,1109,2283,7210,20432,1533,596,3593,276702,276703,1740,3368,276704,6852,276705,276706,1537,90,89,558,14707,64442,1229,489,2372,1739,245,244,1857,12155,1641],"class_list":["post-498934","post","type-post","status-publish","format-standard","has-post-thumbnail","category-calcio","tag-arsenal","tag-australia","tag-australia-scozia","tag-australiano","tag-bianca","tag-bianca-livelli","tag-bianconero","tag-bordo","tag-bordo-campo","tag-calcio","tag-campo","tag-carta","tag-carta-bianca","tag-carta-bianca-livelli","tag-cerchio","tag-cerchio-magico","tag-club","tag-comolli","tag-comolli-presidente","tag-corsica","tag-damien","tag-damien-comolli","tag-dato","tag-dato-carta","tag-dato-carta-bianca","tag-direttore","tag-dirigente","tag-ds","tag-dt","tag-estate","tag-fenerbahce","tag-fiducia","tag-fiducia-proprieta","tag-fiducia-proprieta-dato","tag-football","tag-francese","tag-gurgenc","tag-immagine","tag-immagine-somiglianza","tag-immagine-somiglianza-sfruttando","tag-it","tag-italia","tag-italy","tag-juventus","tag-livelli","tag-modesto","tag-moglie","tag-passato","tag-signora","tag-soccer","tag-sport","tag-sports","tag-squadra","tag-tolosa","tag-torino"],"share_on_mastodon":{"url":"","error":"Validation failed: Text character limit of 500 exceeded"},"_links":{"self":[{"href":"https:\/\/www.europesays.com\/it\/wp-json\/wp\/v2\/posts\/498934","targetHints":{"allow":["GET"]}}],"collection":[{"href":"https:\/\/www.europesays.com\/it\/wp-json\/wp\/v2\/posts"}],"about":[{"href":"https:\/\/www.europesays.com\/it\/wp-json\/wp\/v2\/types\/post"}],"author":[{"embeddable":true,"href":"https:\/\/www.europesays.com\/it\/wp-json\/wp\/v2\/users\/3"}],"replies":[{"embeddable":true,"href":"https:\/\/www.europesays.com\/it\/wp-json\/wp\/v2\/comments?post=498934"}],"version-history":[{"count":0,"href":"https:\/\/www.europesays.com\/it\/wp-json\/wp\/v2\/posts\/498934\/revisions"}],"wp:featuredmedia":[{"embeddable":true,"href":"https:\/\/www.europesays.com\/it\/wp-json\/wp\/v2\/media\/498935"}],"wp:attachment":[{"href":"https:\/\/www.europesays.com\/it\/wp-json\/wp\/v2\/media?parent=498934"}],"wp:term":[{"taxonomy":"category","embeddable":true,"href":"https:\/\/www.europesays.com\/it\/wp-json\/wp\/v2\/categories?post=498934"},{"taxonomy":"post_tag","embeddable":true,"href":"https:\/\/www.europesays.com\/it\/wp-json\/wp\/v2\/tags?post=498934"}],"curies":[{"name":"wp","href":"https:\/\/api.w.org\/{rel}","templated":true}]}}