{"id":499004,"date":"2026-05-20T05:43:15","date_gmt":"2026-05-20T05:43:15","guid":{"rendered":"https:\/\/www.europesays.com\/it\/499004\/"},"modified":"2026-05-20T05:43:15","modified_gmt":"2026-05-20T05:43:15","slug":"juve-john-elkann-gioca-danticipo-ecco-cosa-e-successo-nelle-ultime-ore-in-casa-bianconera-torino-cronaca","status":"publish","type":"post","link":"https:\/\/www.europesays.com\/it\/499004\/","title":{"rendered":"Juve, John Elkann gioca d&#8217;anticipo: ecco cosa \u00e8 successo nelle ultime ore in casa bianconera&#8230; &#8211; Torino Cronaca"},"content":{"rendered":"<p><strong>Una telefonata ti allunga la vita<\/strong>, verrebbe da dire parafrasando un vecchio spot &#8211; di recente tornato di moda &#8211; di una nota compagnia telefonica di qualche tempo fa.\u00a0<strong>\u00abDevo parlare con Elkann\u00bb<\/strong>, aveva detto sconsolato l\u2019ex ct al termine della partita. Ebbene, nelle ultime ore, non c\u2019\u00e8 stato nessun incontro tra i due, ma un <strong>contatto telefonico<\/strong>. <strong>Il presidente di Exor<\/strong> ha provato a rassicurare il tecnico per quel che riguarda il futuro. Secondo alcuni, per\u00f2, il binomio <strong>Juventus-Spalletti<\/strong> rischia di inabissarsi prima ancora di prendere quota. Perch\u00e9 dopo una lunga rincorsa alla <strong>zona Champions<\/strong> anche con picchi interessanti di rendimento, adesso l\u2019<strong>obiettivo minimo della stagione<\/strong> rischia seriamente di fallire. Il <strong>tecnico di Certaldo<\/strong> potrebbe anche far peggio dei suoi predecessori rimanendo <strong>fuori dalle prime quattro della Serie A<\/strong>, si prospetta un <strong>danno sportivo ed economico di dimensioni epocali<\/strong>.<\/p>\n<p> Powered by <a target=\"_blank\" href=\"https:\/\/evolutiongroup.digital\/\" rel=\"nofollow noopener\"> <img decoding=\"async\" src=\"https:\/\/evolutiongroup.digital\/wp-content\/themes\/evolution_group\/assets\/static\/logo\/logo-evolutiongroup-black.svg\" alt=\"powered by evolution group\"\/> <\/a> <\/p>\n<p><a href=\"https:\/\/www.torinocronaca.it\/news\/sport\/635302\/retroscena-juve-patti-chiari-o-addio-ecco-perche-spalletti-vuol-parlare-con-elkann.html?utm_source=VCMS_correlati\" class=\"vc_cont_image\" rel=\"nofollow noopener\" target=\"_blank\"><img decoding=\"async\" class=\"vc_image\" src=\"https:\/\/www.torinocronaca.it\/resizer\/150\/-1\/true\/2026_05_11\/spalletti.elkann-1778525569861.jpg--retroscena_juve__patti_chiari_o_addio__ecco_perche_spalletti_vuol_parlare_con_elkann.jpg?1778525569883\"\/><\/a><\/p>\n<p>La <strong>d\u00e9b\u00e2cle contro la Fiorentina<\/strong> \u00e8 stata una sconfitta che ha compromesso una stagione intera e che potrebbe rendere vana anche un\u2019eventuale vittoria nel <strong>derby contro il Torino<\/strong>.\u00a0<strong>Locatelli<\/strong> e compagni vogliono provarci per non avere rimpianti in caso di capitomboli della concorrenza <strong>Milan-Roma-Como<\/strong>, ma la <strong>resa dei conti alla Continassa<\/strong> \u00e8 sempre pi\u00f9 vicina. Spalletti \u00e8 apparso decisamente provato dopo il <strong>tonfo all\u2019Allianz Stadium<\/strong>, quel <strong>\u00abSe i giocatori non reagiscono dal punto di vista mentale il primo responsabile sono io\u00bb<\/strong> \u00e8 una frase che continua ad alimentare dubbi e interrogativi sul futuro nonostante un <strong>rinnovo fino al 2028<\/strong> firmato soltanto lo scorso 10 aprile. La <strong>partita della panchina bianconera<\/strong> potrebbe riaprirsi dopo la stracittadina di domenica e dopo che la classifica Serie A sar\u00e0 definita e definitiva, intanto \u00e8 gi\u00e0 iniziato il <strong>toto-allenatore<\/strong>. Da nord a sud pu\u00f2 essere un\u2019estate di <strong>rivoluzioni e di incastri<\/strong>, senza dimenticare che resta ancora vacante il ruolo di <strong>commissario tecnico della Nazionale<\/strong>. \u00c8 da escludere che <strong>Spalletti<\/strong> possa riprendersi in mano l\u2019Italia, mentre \u00e8 tutt\u2019altro che impossibile immaginarsi un eventuale <strong>Conte-bis alla Juve<\/strong>.<\/p>\n<p><a href=\"https:\/\/www.torinocronaca.it\/news\/sport\/635416\/obrador-conquista-il-toro-ma-cairo-ecco-la-mossa-pericolosa-del-presidente-granata.html?utm_source=VCMS_correlati\" class=\"vc_cont_image\" rel=\"nofollow noopener\" target=\"_blank\"><img decoding=\"async\" class=\"vc_image\" src=\"https:\/\/www.torinocronaca.it\/resizer\/150\/-1\/true\/2025_11_20\/WhatsApp_Image_2025-11-20_at_17.05.46-1763655310969.jpeg--obrador_conquista_il_toro__ma_cairo__ecco_la_mossa__pericolosa__del_presidente_granata.jpeg?1763655311046\"\/><\/a><\/p>\n<p>Il nome del <strong>leccese<\/strong> torna spesso e volentieri a essere accostato ai bianconeri, ora \u00e8 nuovamente una voce ricorrente: il suo <strong>divorzio dal Napoli e da Aurelio De Laurentiis<\/strong> sembra pi\u00f9 vicino, si parla con una certa insistenza di un suo <strong>ritorno in azzurro<\/strong> ma anche una nuova esperienza <strong>sotto la Mole<\/strong> sta iniziando ad assumere i contorni della suggestione. Il legame \u00e8 rimasto pressoch\u00e9 intatto nonostante i dodici anni di distanza, d\u2019altra parte pesano sempre le <strong>16 stagioni<\/strong> vissute da Conte prima da calciatore e poi da allenatore con tutti i trofei messi in bacheca, compresa la <strong>Champions del 1996<\/strong> oltre all\u2019inizio dell\u2019epopea dei <strong>nove scudetti di fila tra il 2011 e il 2020<\/strong>. Ad oggi si tratta ancora di <strong>fanta-mercato<\/strong>, ma nel giro di breve tempo gli scenari potrebbero.<\/p>\n","protected":false},"excerpt":{"rendered":"Una telefonata ti allunga la vita, verrebbe da dire parafrasando un vecchio spot &#8211; di recente tornato di&hellip;\n","protected":false},"author":3,"featured_media":499005,"comment_status":"","ping_status":"","sticky":false,"template":"","format":"standard","meta":{"footnotes":"","_share_on_mastodon":"0"},"categories":[176],"tags":[117617,2790,10579,20889,2263,1537,90,89,558,553,987,24806,245,244,1641],"class_list":["post-499004","post","type-post","status-publish","format-standard","has-post-thumbnail","category-sport","tag-certaldo","tag-conte","tag-elkann","tag-exor","tag-fiorentina","tag-it","tag-italia","tag-italy","tag-juventus","tag-milan","tag-roma","tag-spalletti","tag-sport","tag-sports","tag-torino"],"share_on_mastodon":{"url":"https:\/\/pubeurope.com\/@it\/116605315996793922","error":""},"_links":{"self":[{"href":"https:\/\/www.europesays.com\/it\/wp-json\/wp\/v2\/posts\/499004","targetHints":{"allow":["GET"]}}],"collection":[{"href":"https:\/\/www.europesays.com\/it\/wp-json\/wp\/v2\/posts"}],"about":[{"href":"https:\/\/www.europesays.com\/it\/wp-json\/wp\/v2\/types\/post"}],"author":[{"embeddable":true,"href":"https:\/\/www.europesays.com\/it\/wp-json\/wp\/v2\/users\/3"}],"replies":[{"embeddable":true,"href":"https:\/\/www.europesays.com\/it\/wp-json\/wp\/v2\/comments?post=499004"}],"version-history":[{"count":0,"href":"https:\/\/www.europesays.com\/it\/wp-json\/wp\/v2\/posts\/499004\/revisions"}],"wp:featuredmedia":[{"embeddable":true,"href":"https:\/\/www.europesays.com\/it\/wp-json\/wp\/v2\/media\/499005"}],"wp:attachment":[{"href":"https:\/\/www.europesays.com\/it\/wp-json\/wp\/v2\/media?parent=499004"}],"wp:term":[{"taxonomy":"category","embeddable":true,"href":"https:\/\/www.europesays.com\/it\/wp-json\/wp\/v2\/categories?post=499004"},{"taxonomy":"post_tag","embeddable":true,"href":"https:\/\/www.europesays.com\/it\/wp-json\/wp\/v2\/tags?post=499004"}],"curies":[{"name":"wp","href":"https:\/\/api.w.org\/{rel}","templated":true}]}}