{"id":499141,"date":"2026-05-20T07:37:12","date_gmt":"2026-05-20T07:37:12","guid":{"rendered":"https:\/\/www.europesays.com\/it\/499141\/"},"modified":"2026-05-20T07:37:12","modified_gmt":"2026-05-20T07:37:12","slug":"milano-nuova-dubai-cresce-la-comunita-dei-super-ricchi-calamitati-dalla-tassa-ronaldo","status":"publish","type":"post","link":"https:\/\/www.europesays.com\/it\/499141\/","title":{"rendered":"Milano, nuova Dubai: cresce la\u00a0comunit\u00e0 dei super ricchi, calamitati dalla \u201ctassa Ronaldo\u201d"},"content":{"rendered":"<p>Milano \u2013\u00a0Trasferiscono<strong> la residenza fiscale dal Regno Unito o dai Paesi arabi<\/strong>, scelgono Milano non solo per le sue bellezze e il suo carattere internazionale ma anche per <strong>i benefici del regime fiscale agevolato <\/strong>introdotto dalla cosiddetta <strong>\u201clegge Ronaldo\u201c<\/strong>, che ha preso il nome dal campione portoghese ex Juve. Un flusso di super ricchi che non si arresta, a differenza del <strong>rientro dei \u201ccervelli\u201c crollato <\/strong>dopo la stretta alle agevolazioni. Il risultato? <strong>Un aumento delle disuguaglianze <\/strong>in una citt\u00e0 che registra gi\u00e0 un costo della vita, e in particolare della casa, tra i pi\u00f9 alti d\u2019Italia.<\/p>\n<p>I dati del ministero dell\u2019Economia <\/p>\n<p>Secondo i dati del ministero dell\u2019Economia, tra il 2014 e il 2024 <strong>il reddito medio a Milano \u00e8 salito da 30mila a 37.500 euro,<\/strong> ma la crescita \u00e8 trainata quasi solo dalle fasce alte.<a rel=\"follow nofollow noopener\" href=\"https:\/\/www.ilgiorno.it\/milano\/economia\/lombardia-ricchi-flat-tax-immobili-xbkv2c9k\" target=\"_blank\"><strong> I contribuenti che dichiarano oltre 120mila euro sono aumentati del 71%,<\/strong> <\/a>passando da 28.800 a quasi 50mila: rappresentano <strong>meno del 5% della popolazione,<\/strong> ma detengono un terzo della ricchezza cittadina. La fascia prevalente si \u00e8 spostata verso l\u2019alto,<strong> tra i 26mila e i 55mila euro.<\/strong> Secondo le stime, inoltre, circa 2.500 beneficiari del regime della<a rel=\"follow nofollow noopener\" href=\"https:\/\/www.ilgiorno.it\/economia\/milionari-ricchi-lombardia-milano-cnm3ubu1\" target=\"_blank\"><strong> flat tax per i neo residenti <\/strong><\/a>hanno scelto Milano, su un totale nazionale di poco pi\u00f9 di cinquemila beneficiari da quando \u00e8 stata introdotta la norma. Solo nell\u2019ultimo anno censito dall\u2019Agenzia delle Entrate in Italia <strong>ne sono arrivati 1.070, con 425 familiari al seguito.<\/strong>  <\/p>\n<p>L\u2019incentivo ai super ricchi <\/p>\n<p>\u201cI super ricchi sono incentivati a <strong>trasferirsi in Italia,<\/strong> vista anche<strong> l\u2019abolizione dei regimi agevolati in Paesi come il Regno Unito<\/strong> e i cambiamenti geopolitici in Asia e in Medio Oriente, e Milano per le sue caratteristiche \u00e8 la citt\u00e0 pi\u00f9 attrattiva\u201d, spiega<strong> la senatrice del Pd Cristina Tajani,<\/strong> ex assessora al Lavoro a Milano, che ha dato battaglia in Parlamento con un disegno di legge che propone di introdurre <strong>una tassa extra tra il 12,5% e il 15% sui redditi prodotti all\u2019estero dagli stranieri <\/strong>ad alta capacit\u00e0 contributiva che trasferiscono la residenza fiscale in Italia, destinando ai Comuni le risorse generate.<\/p>\n<p>Approfondisci:<\/p>\n<p><a href=\"https:\/\/www.ilgiorno.it\/economia\/milionari-ricchi-lombardia-milano-cnm3ubu1\" class=\"ArticleEmbed_article__embed__content__Jzqnz\" rel=\"nofollow noopener\" target=\"_blank\">Italia terza meta mondiale dei super ricchi e Lombardia invasa dai milionari: \u201cVita e tasse? Meglio che a Monaco\u201d<img alt=\"Italia terza meta mondiale dei super ricchi e Lombardia invasa dai milionari: \u201cVita e tasse? Meglio che a Monaco\u201d\" loading=\"lazy\" width=\"140\" height=\"78\" decoding=\"async\" data-nimg=\"1\" style=\"color:transparent\"  src=\"https:\/\/www.europesays.com\/it\/wp-content\/uploads\/2026\/05\/l-italia-e-la-terza-meta-mondiale-per-migrazione-di-milionari-pexels-kim-chiko.webp\"\/><\/a> <\/p>\n<p><strong>Una proposta appoggiata anche dalla Cgil di Milano <\/strong>(\u201ca Milano, tra il 2014 e il 2024, il numero dei milionari \u00e8 aumentato del 25% \u2013 ha osservato il segretario generale milanese<strong> Luca Stanzione<\/strong> \u2013, persone che spesso utilizzano la citt\u00e0 senza lasciare un contributo adeguato\u201d), che sotto forma di emendamento al Dl fiscale \u00e8 stata bocciata, ottenendo per\u00f2<strong> \u201cun piccolo passo avanti nella trasparenza\u201d sulla flat tax.<\/strong>  <\/p>\n<p>Un sistema fiscale che rimane \u201cprofondamente iniquo\u201d <\/p>\n<p>\u201cVerranno finalmente resi noti dal Mef i dati sul gettito e su <strong>eventuali investimenti reali generati dai grandi patrimoni esteri in Italia<\/strong> \u2013 sottolinea Tajani \u2013. Oggi, chi beneficia di questo regime agevolato non contribuisce a finanziare i servizi dei Comuni in cui risiede, al contrario di <strong>pensionati e lavoratori che pagano le addizionali.<\/strong> E nemmeno \u00e8 chiesto loro di investire in attivit\u00e0 produttive, come accade in altri paesi\u201d. Un sistema fiscale che rimane<strong> \u201cprofondamente iniquo\u201d:<\/strong> premia i super ricchi, frena il rientro dei \u201ccervelli\u201c e non arresta il flusso costante dei giovani che lasciano Milano e l\u2019Italia per andare a lavorare all\u2019estero.<\/p>\n<p>Dal 2018 al 2022 sono stati 15.370 gli italiani rientrati a Milano grazie agli incentivi. Poi, ridotte le agevolazioni,<strong> si \u00e8 registrato un crollo dell\u201980%<\/strong>. \u201cMentre altri Paesi competono per attrarre talenti, competenze e capitale umano qualificato l\u2019Italia sceglie scientemente di respingerli\u201d, denuncia<strong> il Gruppo controesodo.<\/strong> \u201cLa concentrazione delle ricchezze \u2013 spiega il giuslavorista e docente della Bocconi <strong>Maurizio Del Conte<\/strong> \u2013 porta a una crescita dei prezzi non solo nella fascia alta. Il modello rischia di non reggere quando le persone scappano da una citt\u00e0 perch\u00e9 <strong>il costo della vita \u00e8 troppo alto, <\/strong>e c\u2019\u00e8 un problema irrisolto legato agli stipendi\u201d. Il Decreto primo maggio che introduce<strong> il principio del salario giusto <\/strong>\u201c\u00e8 un primo passo avanti\u201d, anche se per intervenire sulla situazione milanese <strong>\u201cbisognerebbe incentivare la contrattazione locale\u201d.<\/strong> Un \u201csalario giusto milanese\u201d, quindi, per dare ossigeno ai lavoratori nel <strong>\u201cparadiso\u201c dei super ricchi.<\/strong>  <\/p>\n","protected":false},"excerpt":{"rendered":"Milano \u2013\u00a0Trasferiscono la residenza fiscale dal Regno Unito o dai Paesi arabi, scelgono Milano non solo per le&hellip;\n","protected":false},"author":3,"featured_media":499142,"comment_status":"","ping_status":"","sticky":false,"template":"","format":"standard","meta":{"footnotes":"","_share_on_mastodon":"0"},"categories":[79],"tags":[276816,931,13611,14,93,94,28281,1537,90,89,28,7,15,273,26548,1956,26549,7370,11,84,91,12,85,92],"class_list":["post-499141","post","type-post","status-publish","format-standard","has-post-thumbnail","category-italia","tag-calamitati","tag-comunita","tag-cresce","tag-cronaca","tag-cronaca-italiana","tag-cronacaitaliana","tag-dubai","tag-it","tag-italia","tag-italy","tag-milano","tag-news","tag-notizie","tag-nuova","tag-ricchi","tag-ronaldo","tag-super","tag-tassa","tag-ultime-notizie","tag-ultime-notizie-e-news-di-oggi","tag-ultime-notizie-italia","tag-ultimenotizie","tag-ultimenotizieenewsdioggi","tag-ultimenotizieitalia"],"share_on_mastodon":{"url":"https:\/\/pubeurope.com\/@it\/116605763433189020","error":""},"_links":{"self":[{"href":"https:\/\/www.europesays.com\/it\/wp-json\/wp\/v2\/posts\/499141","targetHints":{"allow":["GET"]}}],"collection":[{"href":"https:\/\/www.europesays.com\/it\/wp-json\/wp\/v2\/posts"}],"about":[{"href":"https:\/\/www.europesays.com\/it\/wp-json\/wp\/v2\/types\/post"}],"author":[{"embeddable":true,"href":"https:\/\/www.europesays.com\/it\/wp-json\/wp\/v2\/users\/3"}],"replies":[{"embeddable":true,"href":"https:\/\/www.europesays.com\/it\/wp-json\/wp\/v2\/comments?post=499141"}],"version-history":[{"count":0,"href":"https:\/\/www.europesays.com\/it\/wp-json\/wp\/v2\/posts\/499141\/revisions"}],"wp:featuredmedia":[{"embeddable":true,"href":"https:\/\/www.europesays.com\/it\/wp-json\/wp\/v2\/media\/499142"}],"wp:attachment":[{"href":"https:\/\/www.europesays.com\/it\/wp-json\/wp\/v2\/media?parent=499141"}],"wp:term":[{"taxonomy":"category","embeddable":true,"href":"https:\/\/www.europesays.com\/it\/wp-json\/wp\/v2\/categories?post=499141"},{"taxonomy":"post_tag","embeddable":true,"href":"https:\/\/www.europesays.com\/it\/wp-json\/wp\/v2\/tags?post=499141"}],"curies":[{"name":"wp","href":"https:\/\/api.w.org\/{rel}","templated":true}]}}