{"id":499198,"date":"2026-05-20T08:26:13","date_gmt":"2026-05-20T08:26:13","guid":{"rendered":"https:\/\/www.europesays.com\/it\/499198\/"},"modified":"2026-05-20T08:26:13","modified_gmt":"2026-05-20T08:26:13","slug":"allerta-hantavirus-unaltra-turista-ricoverata-a-milano","status":"publish","type":"post","link":"https:\/\/www.europesays.com\/it\/499198\/","title":{"rendered":"Allerta hantavirus. Un\u2019altra turista ricoverata a Milano"},"content":{"rendered":"\n<p> Hantavirus, altro turista in quarantena al Sacco, per ora i test sono negativi.<\/p>\n<p> Le autorit\u00e0 britanniche hanno segnalato la presenza sul nostro territorio di una giovane viaggiatrice di 20 anni che si trovava a bordo del volo Johannesburg Amsterdam sul quale sedeva anche la donna, poi deceduta, positiva all\u2019hantavirus. Uno dei primi contagi esplosi sull\u2019ormai nota nave da crociera teatro del primo focolaio.<\/p>\n<p> La giovane turista \u00e8 stata trasportata ieri al centro malattie infettive regionali interno all\u2019ospedale Sacco e non \u00e8 risultata infetta. Con lei una accompagnatrice presa in carico, anche lei negativa. Ci\u00f2 nonostante la prima turista venuta a contatto sull\u2019aereo con la donna infetta \u00e8 stata posta in isolamento per monitorare lo stato dell\u2019eventuale positivizzazione o la comparsa di sintomi correlati. La stessa precauzione adottata settimana scorsa per il primo turista inglese fermato a Milano dopo aver visitato mezza Italia, Como compresa. Come contatti diretti i due resteranno sotto osservazione per sei settimane dall\u2019incontro con i casi positivi. Ciclicamente ai pazienti verranno somministrati test ed esami.<\/p>\n<p> \u00abIn applicazione dei protocolli sanitari previsti per i contatti di casi confermati &#8211; spiega l\u2019assessore regionale al Welfare, <strong class=\"nero\">Guido Bertolaso<\/strong> &#8211; la turista \u00e8 stata sottoposta agli accertamenti virologici, risultati negativi, e posta in quarantena presso l\u2019ospedale Sacco di Milano per il periodo di osservazione sanitaria\u00bb. La Regione rivendica la pronta risposta della nostra rete di sorveglianza, in poche ore capace di individuare i possibili positivi una volta ricevuta la comunicazione dalle autorit\u00e0 sovraordinate. Restano da ricostruire per\u00f2 gli spostamenti avvenuti prima della segnalazione e del conseguente ricovero, come gi\u00e0 accaduto per il primo turista britannico posto in quarantena, che ha avuto modo sceso dall\u2019aereo di fare diverse tappe, Roma, Venezia e anche il lago di Como. <\/p>\n","protected":false},"excerpt":{"rendered":"Hantavirus, altro turista in quarantena al Sacco, per ora i test sono negativi. Le autorit\u00e0 britanniche hanno segnalato&hellip;\n","protected":false},"author":3,"featured_media":499199,"comment_status":"","ping_status":"","sticky":false,"template":"","format":"standard","meta":{"footnotes":"","_share_on_mastodon":"0"},"categories":[175],"tags":[9312,40762,239,1537,90,89,370,2890,240,188,2644,29684],"class_list":["post-499198","post","type-post","status-publish","format-standard","has-post-thumbnail","category-salute","tag-cliniche","tag-guido-bertolaso","tag-health","tag-it","tag-italia","tag-italy","tag-malattia","tag-ospedali","tag-salute","tag-tempo-libero","tag-vacanze","tag-virale"],"share_on_mastodon":{"url":"https:\/\/pubeurope.com\/@it\/116605956815939539","error":""},"_links":{"self":[{"href":"https:\/\/www.europesays.com\/it\/wp-json\/wp\/v2\/posts\/499198","targetHints":{"allow":["GET"]}}],"collection":[{"href":"https:\/\/www.europesays.com\/it\/wp-json\/wp\/v2\/posts"}],"about":[{"href":"https:\/\/www.europesays.com\/it\/wp-json\/wp\/v2\/types\/post"}],"author":[{"embeddable":true,"href":"https:\/\/www.europesays.com\/it\/wp-json\/wp\/v2\/users\/3"}],"replies":[{"embeddable":true,"href":"https:\/\/www.europesays.com\/it\/wp-json\/wp\/v2\/comments?post=499198"}],"version-history":[{"count":0,"href":"https:\/\/www.europesays.com\/it\/wp-json\/wp\/v2\/posts\/499198\/revisions"}],"wp:featuredmedia":[{"embeddable":true,"href":"https:\/\/www.europesays.com\/it\/wp-json\/wp\/v2\/media\/499199"}],"wp:attachment":[{"href":"https:\/\/www.europesays.com\/it\/wp-json\/wp\/v2\/media?parent=499198"}],"wp:term":[{"taxonomy":"category","embeddable":true,"href":"https:\/\/www.europesays.com\/it\/wp-json\/wp\/v2\/categories?post=499198"},{"taxonomy":"post_tag","embeddable":true,"href":"https:\/\/www.europesays.com\/it\/wp-json\/wp\/v2\/tags?post=499198"}],"curies":[{"name":"wp","href":"https:\/\/api.w.org\/{rel}","templated":true}]}}