{"id":500271,"date":"2026-05-20T22:54:18","date_gmt":"2026-05-20T22:54:18","guid":{"rendered":"https:\/\/www.europesays.com\/it\/500271\/"},"modified":"2026-05-20T22:54:18","modified_gmt":"2026-05-20T22:54:18","slug":"elodie-al-festival-di-cannes-2026-e-la-piu-chic-della-nona-serata-tutti-i-look-e-i-nostri-voti-sul-red-carpet","status":"publish","type":"post","link":"https:\/\/www.europesays.com\/it\/500271\/","title":{"rendered":"Elodie al Festival di Cannes 2026 \u00e8 la pi\u00f9 chic della nona serata. Tutti i look (e i nostri voti) sul red carpet"},"content":{"rendered":"<p>Tra gli outfit pi\u00f9 ammirati sul tappeto rosso, senza dubbio quello di <strong>Bella<\/strong> <strong>Hadid<\/strong>, fasciata da un abito bianco di pizzo dalla profonda scollatura, firmato Schiaparelli: praticamente una replica perfetta di quello iconico indossato nel 1969 da <strong>Jane<\/strong> <strong>Birkin<\/strong> ed entrato di diritto nella storia del costume.<\/p>\n<p><img decoding=\"async\" alt=\"Serge Gainsbourg e Jane Birkin nel 1969\" loading=\"lazy\" class=\"ResponsiveImageContainer-dkeESL cQPiWi responsive-image__image\"   src=\"https:\/\/www.europesays.com\/it\/wp-content\/uploads\/2026\/05\/GettyImages-104403425.jpg\"\/><\/p>\n<p>Serge Gainsbourg e Jane Birkin nel 1969 (Photo by Keystone-France\/Gamma-Keystone via Getty Images)<\/p>\n<p>Keystone-France\/Getty Images<img decoding=\"async\" alt=\"Bella Hadid\" loading=\"lazy\" class=\"ResponsiveImageContainer-dkeESL cQPiWi responsive-image__image\"   src=\"https:\/\/www.europesays.com\/it\/wp-content\/uploads\/2026\/05\/GettyImages-2277324147.jpg\"\/><\/p>\n<p>Bella Hadid (Photo by Lyvans Boolaky\/Getty Images)<\/p>\n<p>Lyvans Boolaky\/Getty Images<\/p>\n<p>In mezzo a molte <strong>modelle di fama internazionale<\/strong>, capitanate da <strong>Bar<\/strong> <strong>Refaeli<\/strong>, per noi, per\u00f2, a spiccare sono due presenze italianissime, due cantanti che nel corso della loro carriera si sono prestate, e anche con grande successo di critica, alla recitazione: <a href=\"https:\/\/www.vanityfair.it\/article\/elodie-primo-bacio-franceska-nuredini-ufficiale\" rel=\"nofollow noopener\" target=\"_blank\"><strong>Elodie<\/strong> &#8211; alla quale l&#8217;amore sembra fare proprio bene<\/a> &#8211; e <strong>Sarah<\/strong> <strong>Toscano<\/strong>.<\/p>\n<p>Per la rubrica \u00abToh, chi si rivede\u00bb, ecco l&#8217;indimenticata <strong>Aida<\/strong> <strong>Yespica<\/strong>, per la quale il tempo sembra essersi fermato, mentre sul fronte grandi attrici hollywoodiani con grandi abiti couture, ecco farsi notare un&#8217;originalissima <strong>Ruth<\/strong> <strong>Wilson<\/strong> che di certo lascia il segno.<\/p>\n<p>I look al photocall:Guarda tutti i look sul red carpet della nona serata del Festival di Cannes 2026 (e i nostri voti):<\/p>\n","protected":false},"excerpt":{"rendered":"Tra gli outfit pi\u00f9 ammirati sul tappeto rosso, senza dubbio quello di Bella Hadid, fasciata da un abito&hellip;\n","protected":false},"author":3,"featured_media":500272,"comment_status":"","ping_status":"","sticky":false,"template":"","format":"standard","meta":{"footnotes":"","_share_on_mastodon":"0"},"categories":[174],"tags":[25553,8049,203,43749,27822,204,1537,90,89],"class_list":["post-500271","post","type-post","status-publish","format-standard","has-post-thumbnail","category-intrattenimento","tag-bella-hadid","tag-elodie","tag-entertainment","tag-festival-di-cannes","tag-heidi-klum","tag-intrattenimento","tag-it","tag-italia","tag-italy"],"share_on_mastodon":{"url":"https:\/\/pubeurope.com\/@it\/116609369617010127","error":""},"_links":{"self":[{"href":"https:\/\/www.europesays.com\/it\/wp-json\/wp\/v2\/posts\/500271","targetHints":{"allow":["GET"]}}],"collection":[{"href":"https:\/\/www.europesays.com\/it\/wp-json\/wp\/v2\/posts"}],"about":[{"href":"https:\/\/www.europesays.com\/it\/wp-json\/wp\/v2\/types\/post"}],"author":[{"embeddable":true,"href":"https:\/\/www.europesays.com\/it\/wp-json\/wp\/v2\/users\/3"}],"replies":[{"embeddable":true,"href":"https:\/\/www.europesays.com\/it\/wp-json\/wp\/v2\/comments?post=500271"}],"version-history":[{"count":0,"href":"https:\/\/www.europesays.com\/it\/wp-json\/wp\/v2\/posts\/500271\/revisions"}],"wp:featuredmedia":[{"embeddable":true,"href":"https:\/\/www.europesays.com\/it\/wp-json\/wp\/v2\/media\/500272"}],"wp:attachment":[{"href":"https:\/\/www.europesays.com\/it\/wp-json\/wp\/v2\/media?parent=500271"}],"wp:term":[{"taxonomy":"category","embeddable":true,"href":"https:\/\/www.europesays.com\/it\/wp-json\/wp\/v2\/categories?post=500271"},{"taxonomy":"post_tag","embeddable":true,"href":"https:\/\/www.europesays.com\/it\/wp-json\/wp\/v2\/tags?post=500271"}],"curies":[{"name":"wp","href":"https:\/\/api.w.org\/{rel}","templated":true}]}}