{"id":500383,"date":"2026-05-21T00:26:18","date_gmt":"2026-05-21T00:26:18","guid":{"rendered":"https:\/\/www.europesays.com\/it\/500383\/"},"modified":"2026-05-21T00:26:18","modified_gmt":"2026-05-21T00:26:18","slug":"premiata-alle-olimpiadi-come-simbolo-dello-sport-ora-il-suo-club-dopo-100-anni-ha-una-data-di-scadenza","status":"publish","type":"post","link":"https:\/\/www.europesays.com\/it\/500383\/","title":{"rendered":"Premiata alle Olimpiadi come simbolo dello sport, ora il suo club dopo 100 anni ha una data di scadenza"},"content":{"rendered":"<p data-path-to-node=\"9\">Se la Viscontini rappresenta lo stallo all&#8217;inizio del tunnel, il <b data-path-to-node=\"9\" data-index-in-node=\"65\">Villapizzone<\/b> mostra chiaramente cosa c&#8217;\u00e8 in fondo: un <strong>lento, inesorabile trascinamento<\/strong>. La storia di via Perin del Vaga, che non sar\u00e0 un caso isolato, \u00e8 la prefigurazione di ci\u00f2 che attende la periferia calcistica milanese se il sistema delle concessioni comunali non trover\u00e0 una <strong>via d&#8217;uscita strutturale<\/strong>. Si vive con le dita incrociate, aggrappati a <strong>proroghe temporanee<\/strong> che non risolvono il problema, ma si limitano a <strong>spostare la scadenza un metro pi\u00f9 in l\u00e0<\/strong>, <strong>logorando le strutture<\/strong> e, di riflesso, l&#8217;esperienza stessa dei ragazzi e delle famiglie sul territorio.<\/p>\n<blockquote><p>&#13;<br \/>\n<strong>SI VIVE CON LE DITA INCROCIATE, SPOSTANDO LA SCADENZA UN METRO PIU&#8217; IN LA&#8217;, SENZA POSSIBILITA&#8217; DI INTERVENTO: \u00abNOI PERO&#8217; NON MOLLIAMO\u00bb<\/strong>&#13;\n<\/p><\/blockquote>\n<p data-path-to-node=\"10\">A rimetterci, alla fine, \u00e8 l&#8217;utenza di quartiere. E il paradosso politico si fa quasi <strong>grottesco<\/strong> se si pensa che l&#8217;anima organizzativa del Villapizzone \u00e8 <b data-path-to-node=\"10\" data-index-in-node=\"160\">Bice Passera<\/b>, la dirigente scelta come <strong>portabandiera<\/strong> dello sport di base nella cerimonia di chiusura delle <strong>Olimpiadi Invernali<\/strong>. Un simbolo del valore sociale dello sport milanese, costretto per\u00f2 a gestire una struttura con il timer inserito.<\/p>\n<p>    <a href=\"https:\/\/www.sprintesport.it\/scuola-calcio\/2026\/02\/24\/news\/la-miglior-responsabile-di-scuola-calcio-ha-rappresentato-milano-alla-chiusura-delle-olimpiadi-749964\/?utm_source=VCMS_correlati\" class=\"vc_cont_image\" rel=\"nofollow noopener\" target=\"_blank\"><img decoding=\"async\" class=\"vc_image\" src=\"https:\/\/www.europesays.com\/it\/wp-content\/uploads\/2026\/05\/Unknown-1-1771929891046-1771936153185.jpeg--villapizzone_bice_passera__.jpeg\"\/><\/a><\/p>\n<p><b data-path-to-node=\"11\" data-index-in-node=\"0\">DI NUOVO: \u00abLE BANCHE DICONO SI&#8217;, MA ANCHE NOI SIAMO BLOCCATI\u00bb<\/b><\/p>\n<p data-path-to-node=\"12\">Il dialogo tra <strong>Villapizzone<\/strong> e <strong>Comune<\/strong> c&#8217;\u00e8, forse anche in virt\u00f9 del fatto che si \u00e8 arrivati ormai sull&#8217;orlo del precipizio, e gli uffici si sono spesi nei limiti del possibile concedendo una nuova proroga fino al 31 luglio 2027, dopo che ce n\u2019era gi\u00e0 stata una precedente. Ma la pezza burocratica si scontra con la realt\u00e0 dei fatti. Il campo sintetico principale ha 13 anni, \u00e8 arrivato a fine ciclo e va rifatto al pi\u00f9 presto. La societ\u00e0 ha gi\u00e0 pronto un piano di investimenti per rinnovare il terreno (che gi\u00e0 da solo, come visto, \u00e8 nell&#8217;ordine dei 350.000 euro); per <strong>coprire la tribuna<\/strong> e creare uno <strong>spazio bocce<\/strong> per i pensionati, pagando tutto di tasca propria. Il Credito Sportivo \u00e8 pronto a fare la sua parte, ma esige garanzie sulla durata del titolo. Senza quelle, non si firma il mutuo. E il Villapizzone, come la Viscontini, ha le mani legate.<\/p>\n<blockquote data-path-to-node=\"13\"><p>&#13;<\/p>\n<p data-path-to-node=\"13,0\">\u00abAndiamo avanti a proroghe \u2014 racconta Bice Passera \u2014 ma cos\u00ec \u00e8 impossibile programmare investimenti a lungo termine. Cosa succede ora? Non possiamo che aspettare il bando con una struttura sulla quale, nel frattempo, non possiamo intervenire se non per tamponare necessit\u00e0 immediate, che comunque hanno sempre un costo di cui ci facciamo carico. <strong>Noi non molleremo mai il Villapizzone, ma sostanzialmente ci dobbiamo trascinare fino a l\u00ec in questo modo<\/strong>. Intanto per\u00f2 si crea instabilit\u00e0 attorno alla societ\u00e0. Le famiglie ci chiedono continuamente quando verr\u00e0 rifatto il campo, o quando verr\u00e0 rinnovata la concessione: vogliono giustamente il meglio per i loro figli e non c\u2019\u00e8 una sola riunione in cui non venga fatta questa domanda\u00bb.<\/p>\n<p>&#13;\n<\/p><\/blockquote>\n<p data-path-to-node=\"14\">Il countdown, tra l&#8217;altro, ha una data simbolica pesante: <b data-path-to-node=\"14\" data-index-in-node=\"58\">il 2027 sar\u00e0 l&#8217;anno del Centenario del Villapizzone<\/b>. Cento anni di storia che rischiano di essere celebrati sul filo del rasoio di una scadenza.<\/p>\n<p><b data-path-to-node=\"15\" data-index-in-node=\"0\">CANONI IN AUMENTO CON I PROSSIMI BANDI<\/b><\/p>\n<p data-path-to-node=\"16\">Oltre allo stallo degli investimenti, sui tavoli delle societ\u00e0 milanesi aleggia un altro spettro: le indicazioni andrebbero verso un\u00a0<strong>drastico adeguamento dei canoni<\/strong> di locazione da parte del Comune per le aree sportive, che per il Villapizzone potrebbero passare dalla cifra storicamente irrisoria attuale a una quota pi\u00f9 orientata ai valori di mercato (si parla di un potenziale rincaro <strong>da 2.000 a circa 20.000 euro<\/strong>). Una stangata che la societ\u00e0 \u00e8 pronta ad affrontare con senso di responsabilit\u00e0, ma che aggrava un quadro gi\u00e0 saturo.<\/p>\n<blockquote><p>&#13;<br \/>\n<strong>\u00abCENTO ANNI DI TRADIZIONE SPORTIVA E SOCIAL, DI CONTI ONORATI AL CENTESIMO, DEVONO CONTARE QUALCOSA. L&#8217;ALTERNATIVA NON PUO&#8217; ESSERE SOLO &#8220;CHI OFFRE DI PIU&#8217; SI PRENDE IL CENTRO&#8221;<\/strong>&#13;\n<\/p><\/blockquote>\n<p data-path-to-node=\"17\">A peggiorare la situazione logistica della zona si aggiunge poi il progetto di riassetto del <b data-path-to-node=\"17\" data-index-in-node=\"93\">Centro Sportivo Pavesi FIPAV di via de Lemene<\/b>, storica oasi federale della pallavolo che ospita per\u00f2 anche un importante campo da calcio a 11 in erba naturale omologato. I piani di rifunzionalizzazione parrebbero destinati a cancellare quest&#8217;ultimo per fare spazio ad altre discipline, togliendo un polmone vitale alle societ\u00e0 della zona nord-ovest.<\/p>\n<blockquote data-path-to-node=\"18\"><p>&#13;<\/p>\n<p data-path-to-node=\"18,0\">\u00abSi sta delineando una situazione preoccupante \u2014 spiega Passera \u2014 Vengono tolti altri campi, magari non di nostra propriet\u00e0, ma ai quali noi ci appoggiavamo pagando un regolare affitto. Senza quegli spazi esterni devi diminuire l\u2019attivit\u00e0 mettendo a rischio la sopravvivenza del club, perch\u00e9 altrimenti l\u2019unica possibilit\u00e0 rimasta &#8211; a fronte dell&#8217;aumentare dei costi, \u00e8 alzare le quote d\u2019iscrizione\u00bb. Una scelta che in via Perin del Vaga vogliono evitare a tutti i costi, dato che le tariffe oscillano tra i 230 e i 330 euro annui: \u00abLe nostre quote sono popolari, e spesso dobbiamo gestire delicate situazioni familiari. Nessuno di noi guadagna nulla dal Villapizzone. Reinvestiamo tutto e copriamo dove serve. Tutto questo ha un valore che non pu\u00f2 non avere un peso\u00bb.<\/p>\n<p>&#13;\n<\/p><\/blockquote>\n<p><strong>NON \u00c8 UNA CACCIA ALLE STREGHE<\/strong><\/p>\n<p data-path-to-node=\"20\">Il Comune, oggi rispetto a ieri e l&#8217;altro ieri, deve muoversi all&#8217;interno del rigido perimetro del <strong>Codice degli Appalti<\/strong> e della <strong>direttiva Bolkestein<\/strong>, o rischia indagini da parte della magistratura contabile. <strong>L&#8217;Europa<\/strong> (e di riflessione le sentenze del Consiglio di Stato italiano) <strong>impone che i beni pubblici non possano pi\u00f9 essere assegnati con rinnovi automatici<\/strong> o proroghe infinite ai soliti soggetti. Tutto deve passare da bandi pubblici, trasparenti e aperti alla concorrenza.\u00a0Ma l&#8217;assenza di una clausola di salvaguardia \u2014 che vincoli chi eventualmente vincer\u00e0 i futuri bandi a rilevare i debiti d&#8217;investimento precedenti \u2014 blocca ogni iniziativa e gela le banche.<\/p>\n<p data-path-to-node=\"21\">Il Comitato Regionale e <strong>Valentina Battistini<\/strong> stanno provando a tessere una mediazione istituzionale per far valere le ragioni dei club, ma la sensazione \u00e8 che senza un cambio di passo politico si vada dritti verso il muro contro muro dei bandi economici.<\/p>\n<blockquote data-path-to-node=\"22\"><p>&#13;<\/p>\n<p data-path-to-node=\"22,0\">\u00abCome la Viscontini riteniamo anche noi giusto ci possa essere una strategia di protezione che continui a far pagare i debiti a chi entra dopo, ma ci dicono che non \u00e8 possibile per legge \u2014 conclude Bice Passera \u2014 Il nostro campo \u00e8 piccolo e forse poco appetibile, ma realt\u00e0 che non hanno un centro e a cui potrebbe interessare l&#8217;area ci sono. Il lavoro che facciamo per il sociale, cos\u00ec come l\u2019esperienza maturata in tanti anni o lo storico pulito dei nostri pagamenti devono essere riconosciuti. <strong>L&#8217;alternativa non pu\u00f2 essere soltanto &#8220;chi offre di pi\u00f9 si prende il centro&#8221;<\/strong>\u00bb.<\/p>\n<p>&#13;\n<\/p><\/blockquote>\n<p data-path-to-node=\"23\">La parabola del Villapizzone sta mostrando gi\u00e0 ora alla citt\u00e0 il rischio di una burocrazia immobile e difensiva: un lento declino strutturale che impoverisce le periferie, <strong>prima ancora che si aprano le buste dei bandi<\/strong>.<\/p>\n<p><strong>LE ALTRE TAPPE DELL&#8217;INCHIESTA<\/strong><\/p>\n<p>    <a href=\"https:\/\/www.sprintesport.it\/trendy-news\/2026\/05\/06\/news\/milano-sta-trasformando-il-calcio-in-uno-sport-per-ricchi-754174\/?utm_source=VCMS_correlati\" class=\"vc_cont_image\" rel=\"nofollow noopener\" target=\"_blank\"><img decoding=\"async\" class=\"vc_image\" src=\"https:\/\/cdn-www-sprintesport-it.m33cloud.com\/resizer\/150\/-1\/true\/2026_05_06\/Milano_sta_trasformando_il_calcio_in_uno_sport_per_ricchi-1778067408860.jpg--milano_sta_trasformando_il_calcio_in_uno_sport_per_ricchi.jpg?1778067408884\"\/><\/a><\/p>\n<p>    <a href=\"https:\/\/www.sprintesport.it\/lombardia\/2026\/05\/13\/news\/via-dei-ciclamini-la-storia-di-un-centro-sportivo-che-racconta-come-cambia-milano-754543\/?utm_source=VCMS_correlati\" class=\"vc_cont_image\" rel=\"nofollow noopener\" target=\"_blank\"><img decoding=\"async\" class=\"vc_image\" src=\"https:\/\/cdn-www-sprintesport-it.m33cloud.com\/resizer\/150\/-1\/true\/2026_05_13\/Campi-1778672329758.jpg--via_dei_ciclamini__la_storia_di_un_centro_sportivo_che_racconta_come_cambia_milano.jpg?1778672329783\"\/><\/a><\/p>\n<p>    <a href=\"https:\/\/www.sprintesport.it\/top-news\/2026\/05\/17\/news\/milano-nel-vicolo-cieco-delle-concessioni-il-grido-dallallarme-della-viscontini-754720\/?utm_source=VCMS_correlati\" class=\"vc_cont_image\" rel=\"nofollow noopener\" target=\"_blank\"><img decoding=\"async\" class=\"vc_image\" src=\"https:\/\/www.europesays.com\/it\/wp-content\/uploads\/2026\/05\/Campo-1778958399665.jpg--caso_viscontini.jpg\"\/><\/a><\/p>\n","protected":false},"excerpt":{"rendered":"Se la Viscontini rappresenta lo stallo all&#8217;inizio del tunnel, il Villapizzone mostra chiaramente cosa c&#8217;\u00e8 in fondo: un&hellip;\n","protected":false},"author":3,"featured_media":500384,"comment_status":"","ping_status":"","sticky":false,"template":"","format":"standard","meta":{"footnotes":"","_share_on_mastodon":"0"},"categories":[1474],"tags":[8607,1537,90,89,245,244,277412,1869],"class_list":["post-500383","post","type-post","status-publish","format-standard","has-post-thumbnail","category-volley","tag-concessioni","tag-it","tag-italia","tag-italy","tag-sport","tag-sports","tag-villapizzone","tag-volley"],"share_on_mastodon":{"url":"https:\/\/pubeurope.com\/@it\/116609731563870842","error":""},"_links":{"self":[{"href":"https:\/\/www.europesays.com\/it\/wp-json\/wp\/v2\/posts\/500383","targetHints":{"allow":["GET"]}}],"collection":[{"href":"https:\/\/www.europesays.com\/it\/wp-json\/wp\/v2\/posts"}],"about":[{"href":"https:\/\/www.europesays.com\/it\/wp-json\/wp\/v2\/types\/post"}],"author":[{"embeddable":true,"href":"https:\/\/www.europesays.com\/it\/wp-json\/wp\/v2\/users\/3"}],"replies":[{"embeddable":true,"href":"https:\/\/www.europesays.com\/it\/wp-json\/wp\/v2\/comments?post=500383"}],"version-history":[{"count":0,"href":"https:\/\/www.europesays.com\/it\/wp-json\/wp\/v2\/posts\/500383\/revisions"}],"wp:featuredmedia":[{"embeddable":true,"href":"https:\/\/www.europesays.com\/it\/wp-json\/wp\/v2\/media\/500384"}],"wp:attachment":[{"href":"https:\/\/www.europesays.com\/it\/wp-json\/wp\/v2\/media?parent=500383"}],"wp:term":[{"taxonomy":"category","embeddable":true,"href":"https:\/\/www.europesays.com\/it\/wp-json\/wp\/v2\/categories?post=500383"},{"taxonomy":"post_tag","embeddable":true,"href":"https:\/\/www.europesays.com\/it\/wp-json\/wp\/v2\/tags?post=500383"}],"curies":[{"name":"wp","href":"https:\/\/api.w.org\/{rel}","templated":true}]}}