{"id":500446,"date":"2026-05-21T01:27:12","date_gmt":"2026-05-21T01:27:12","guid":{"rendered":"https:\/\/www.europesays.com\/it\/500446\/"},"modified":"2026-05-21T01:27:12","modified_gmt":"2026-05-21T01:27:12","slug":"musmarra-dalla-riunione-di-mercato-dellinter-arriva-una-novita-su-kone","status":"publish","type":"post","link":"https:\/\/www.europesays.com\/it\/500446\/","title":{"rendered":"Musmarra: &#8220;Dalla riunione di mercato dell&#8217;Inter arriva una novit\u00e0 su Kon\u00e9&#8221;"},"content":{"rendered":"<p>Quello di Manu Kon\u00e9 resta un nome molto apprezzato in casa Inter e, dopo il mancato arrivo dell&#8217;estate scorsa, i nerazzurri potrebbero tornare alla carica<\/p>\n<p><strong>Scegli Fcinter1908 come tuo sito preferito su Google:\u00a0<a href=\"https:\/\/www.google.com\/preferences\/source?q=fcinter1908.it\" rel=\"nofollow noopener\" target=\"_blank\">clicca qui<\/a><\/strong><\/p>\n<p>Quello di Manu Kon\u00e9 resta un nome molto apprezzato in casa Inter e, dopo il mancato arrivo dell&#8217;estate scorsa, i nerazzurri potrebbero tornare alla carica.<\/p>\n<p>Secondo quanto riferisce Alfio Musmarra su YouTube, riguardo al centrocampista della Roma emerge un&#8217;importante novit\u00e0 dalla riunione di mercato di ieri in sede tra Chivu e la dirigenza interista:<\/p>\n<p>&#8220;L&#8217;altro nome su cui ci sono conferme importanti \u00e8 Kon\u00e9: Chivu vuole dall&#8217;anno scorso, c&#8217;era un&#8217;operazione gi\u00e0 chiusa e poi congelata. La novit\u00e0 \u00e8 che Gasperini abbia accettato di buon grado di fare a meno di lui. Credo sia un&#8217;operazione eventualmente slegata da Carlos Augusto, che piace alla Roma, e anche da Frattesi&#8221;.<\/p>\n<p class=\"is-copyright\">\u00a9 RIPRODUZIONE RISERVATA<\/p>\n","protected":false},"excerpt":{"rendered":"Quello di Manu Kon\u00e9 resta un nome molto apprezzato in casa Inter e, dopo il mancato arrivo dell&#8217;estate&hellip;\n","protected":false},"author":3,"featured_media":500447,"comment_status":"","ping_status":"","sticky":false,"template":"","format":"standard","meta":{"footnotes":"","_share_on_mastodon":"0"},"categories":[1452],"tags":[7467,277434,277435,1262,277436,277437,721,1740,350,1537,90,89,33639,1693,7462,1739,245,244],"class_list":["post-500446","post","type-post","status-publish","format-standard","has-post-thumbnail","category-calcio","tag-apprezzato","tag-apprezzato-inter","tag-apprezzato-inter-mancato","tag-arrivo","tag-arrivo-estate","tag-arrivo-estate-scorsa","tag-calcio","tag-football","tag-inter","tag-it","tag-italia","tag-italy","tag-kone","tag-nome","tag-novita","tag-soccer","tag-sport","tag-sports"],"share_on_mastodon":{"url":"https:\/\/pubeurope.com\/@it\/116609971101407711","error":""},"_links":{"self":[{"href":"https:\/\/www.europesays.com\/it\/wp-json\/wp\/v2\/posts\/500446","targetHints":{"allow":["GET"]}}],"collection":[{"href":"https:\/\/www.europesays.com\/it\/wp-json\/wp\/v2\/posts"}],"about":[{"href":"https:\/\/www.europesays.com\/it\/wp-json\/wp\/v2\/types\/post"}],"author":[{"embeddable":true,"href":"https:\/\/www.europesays.com\/it\/wp-json\/wp\/v2\/users\/3"}],"replies":[{"embeddable":true,"href":"https:\/\/www.europesays.com\/it\/wp-json\/wp\/v2\/comments?post=500446"}],"version-history":[{"count":0,"href":"https:\/\/www.europesays.com\/it\/wp-json\/wp\/v2\/posts\/500446\/revisions"}],"wp:featuredmedia":[{"embeddable":true,"href":"https:\/\/www.europesays.com\/it\/wp-json\/wp\/v2\/media\/500447"}],"wp:attachment":[{"href":"https:\/\/www.europesays.com\/it\/wp-json\/wp\/v2\/media?parent=500446"}],"wp:term":[{"taxonomy":"category","embeddable":true,"href":"https:\/\/www.europesays.com\/it\/wp-json\/wp\/v2\/categories?post=500446"},{"taxonomy":"post_tag","embeddable":true,"href":"https:\/\/www.europesays.com\/it\/wp-json\/wp\/v2\/tags?post=500446"}],"curies":[{"name":"wp","href":"https:\/\/api.w.org\/{rel}","templated":true}]}}