{"id":500689,"date":"2026-05-21T05:40:12","date_gmt":"2026-05-21T05:40:12","guid":{"rendered":"https:\/\/www.europesays.com\/it\/500689\/"},"modified":"2026-05-21T05:40:12","modified_gmt":"2026-05-21T05:40:12","slug":"enrico-papi-la-lite-con-ilary-blasi-la-frecciatina-a-stefano-de-martino-la-caramella-bianca-e-il-matrimonio-fluido-la-fedelta-e-sopravvalutata","status":"publish","type":"post","link":"https:\/\/www.europesays.com\/it\/500689\/","title":{"rendered":"Enrico Papi, la lite con Ilary Blasi, la frecciatina a Stefano De Martino, la &#8220;caramella bianca&#8221; e il matrimonio fluido: \u00abLa fedelt\u00e0 \u00e8 sopravvalutata\u00bb"},"content":{"rendered":"<p><strong><a href=\"https:\/\/www.leggo.it\/t\/enrico-papi\" rel=\"nofollow noopener\" target=\"_blank\">Enrico Papi<\/a><\/strong> torna con una nuova edizione di <strong><a href=\"https:\/\/www.leggo.it\/t\/sarabanda\" rel=\"nofollow noopener\" target=\"_blank\">Sarabanda<\/a><\/strong>, versione Celebrity. Nella prima puntata di gioved\u00ec 22 maggio ci saranno due squadre a sfidarsi: il primo team sar\u00e0 formato da Jake La Furia, Donatella Rettore, Paolo Ruffini e Violante Placido; il secondo vedr\u00e0 in gara Anna Tatangelo, Elisabetta Gregoraci, Fabio Fognini e Roberto Lipari.<\/p>\n<p> Enrico Papi, chi \u00e8  <\/p>\n<p><strong><a href=\"https:\/\/www.leggo.it\/t\/enrico-papi\" rel=\"nofollow noopener\" target=\"_blank\">Enrico Papi<\/a><\/strong> nasce il 3 giugno 1965 a Roma. Si diploma al liceo classico Sant\u2019Apollinare di Roma e si iscrive in seguito all\u2019universit\u00e0 per studiare Giurisprudenza, ma interrompe gli studi poco dopo per approfondire il suo lato pi\u00f9 artistico e da inizio alla sua carriera nel mondo dello spettacolo con il teatro e il suo cabaret. Papi arriva al successo piano piano, aprendo i concerti di importanti artisti come Fiorella Mannoia e Ivan Graziani.<\/p>\n<p>  Il matrimonio e la fluidit\u00e0  <\/p>\n<p><img decoding=\"async\" alt=\"\" src=\"https:\/\/www.europesays.com\/it\/wp-content\/uploads\/2026\/05\/enrico_papi_6_20140317.jpg\"\/><\/p>\n<p>Nella vita privata di <strong><a href=\"https:\/\/www.leggo.it\/t\/enrico-papi\" rel=\"nofollow noopener\" target=\"_blank\">Enrico Papi<\/a><\/strong> c\u2019\u00e8 spazio anche per qualche retroscena del passato. <strong>Valeria Marini<\/strong>, in una vecchia intervista, ha raccontato di aver avuto una storia con lui agli inizi delle rispettive carriere. Il conduttore, interpellato dal Corriere della Sera, ha preferito non sbilanciarsi: \u00abA Valeria voglio molto bene, ma ho la memoria del pesce rosso\u00bb.<\/p>\n<p>Centrale, invece, il matrimonio con Raffaella, raccontato senza filtri a Chi: Papi ha ammesso che la coppia ha \u201cvacillato\u201d pi\u00f9 volte, ma sempre cercando di proteggere il rispetto reciproco. Sul tradimento, il conduttore ha spiegato: \u00ab<strong>Il tradimento \u00e8 sopravvalutato<\/strong>, poi chiaramente tutto dipende dall&#8217;entit\u00e0 del tradimento stesso. Raffaella sa perfettamente che <strong>sono attratto dalla bellezza e che sono curioso per natura<\/strong>. Con questo non sto dicendo che siamo una coppia libertina ma nel nostro rapporto non regna l&#8217;ipocrisia. Nessuno \u00e8 proprietario dell&#8217;altro\u00bb. In passato Papi ha anche parlato della sua visione dell\u2019amore e dell\u2019identit\u00e0, definendosi <strong>fluido<\/strong>: \u00abIo potrei innamorarmi di un uomo o di una donna allo stesso modo, mai avuto nessun tipo di preclusione\u00bb. Poi ha precisato di non aver avuto flirt con uomini, aggiungendo: \u00abPotrebbe capitare e non ci trovo niente di male\u00bb.<\/p>\n","protected":false},"excerpt":{"rendered":"Enrico Papi torna con una nuova edizione di Sarabanda, versione Celebrity. Nella prima puntata di gioved\u00ec 22 maggio&hellip;\n","protected":false},"author":3,"featured_media":500690,"comment_status":"","ping_status":"","sticky":false,"template":"","format":"standard","meta":{"footnotes":"","_share_on_mastodon":"0"},"categories":[174],"tags":[4829,203,217,204,1537,90,89,4831,5994],"class_list":["post-500689","post","type-post","status-publish","format-standard","has-post-thumbnail","category-intrattenimento","tag-enrico-papi","tag-entertainment","tag-ilary-blasi","tag-intrattenimento","tag-it","tag-italia","tag-italy","tag-sarabanda","tag-tradimento"],"share_on_mastodon":{"url":"https:\/\/pubeurope.com\/@it\/116610966275667887","error":""},"_links":{"self":[{"href":"https:\/\/www.europesays.com\/it\/wp-json\/wp\/v2\/posts\/500689","targetHints":{"allow":["GET"]}}],"collection":[{"href":"https:\/\/www.europesays.com\/it\/wp-json\/wp\/v2\/posts"}],"about":[{"href":"https:\/\/www.europesays.com\/it\/wp-json\/wp\/v2\/types\/post"}],"author":[{"embeddable":true,"href":"https:\/\/www.europesays.com\/it\/wp-json\/wp\/v2\/users\/3"}],"replies":[{"embeddable":true,"href":"https:\/\/www.europesays.com\/it\/wp-json\/wp\/v2\/comments?post=500689"}],"version-history":[{"count":0,"href":"https:\/\/www.europesays.com\/it\/wp-json\/wp\/v2\/posts\/500689\/revisions"}],"wp:featuredmedia":[{"embeddable":true,"href":"https:\/\/www.europesays.com\/it\/wp-json\/wp\/v2\/media\/500690"}],"wp:attachment":[{"href":"https:\/\/www.europesays.com\/it\/wp-json\/wp\/v2\/media?parent=500689"}],"wp:term":[{"taxonomy":"category","embeddable":true,"href":"https:\/\/www.europesays.com\/it\/wp-json\/wp\/v2\/categories?post=500689"},{"taxonomy":"post_tag","embeddable":true,"href":"https:\/\/www.europesays.com\/it\/wp-json\/wp\/v2\/tags?post=500689"}],"curies":[{"name":"wp","href":"https:\/\/api.w.org\/{rel}","templated":true}]}}