{"id":500750,"date":"2026-05-21T06:38:14","date_gmt":"2026-05-21T06:38:14","guid":{"rendered":"https:\/\/www.europesays.com\/it\/500750\/"},"modified":"2026-05-21T06:38:14","modified_gmt":"2026-05-21T06:38:14","slug":"flotilla-cosi-il-governo-ha-deciso-di-reagire-a-israele-il-video-choc-mostrato-da-tajani-a-meloni-poi-la-scelta-superata-una-linea-rossa","status":"publish","type":"post","link":"https:\/\/www.europesays.com\/it\/500750\/","title":{"rendered":"Flotilla, cos\u00ec il governo ha deciso di reagire a Israele. Il video choc mostrato da Tajani a Meloni, poi la scelta: \u00abSuperata una linea rossa\u00bb"},"content":{"rendered":"<p>    di<br \/>\n    Paola Di Caro<\/p>\n<p class=\"summary-art is-line-h-12\">Avere contro il mondo intero potrebbe aiutare il ministro israeliano alle elezioni. E complicare gli equilibri gi\u00e0 fragilissimi della Knesset<\/p>\n<p class=\"chapter-paragraph\">La prima esigenza per Palazzo Chigi e la Farnesina era \u00ab<a href=\"https:\/\/roma.corriere.it\/notizie\/politica\/26_maggio_20\/italiani-flotilla-meloni-tajani-6fca4ebd-8ffc-469c-9a21-41b6e546fxlk.shtml\" title=\"Flotilla, la linea di Meloni e Tajani sugli italiani: \u00abGarantire l\u2019incolumit\u00e0\u00bb. Le opposizioni attaccano\" rel=\"nofollow noopener\" target=\"_blank\">riportare a casa i nostri concittadini<\/a>\u00bb, in sicurezza e senza alcun tipo di ulteriori umiliazioni. Apparentemente scontato, dopo le parole del <b>premier israeliano <\/b>che ha comunque<a href=\"https:\/\/www.corriere.it\/esteri\/26_maggio_20\/en-gvir-schernisce-gli-attivisti-della-flotilla-ad-ashdod-meloni-e-tajani-trattamento-inaccettabile-83efca4d-abf3-46cd-9b8e-73f755a6fxlk.shtml\" title=\"Ben-Gvir deride gli attivisti della Flotilla in ginocchio, bendati e ammanettati: \u00abBenvenuti in Israele\u00bb. Mattarella: \u00abLivello infimo e incivile\u00bb. L&#039;ira di Meloni e Tajani. E Netanyahu: \u00abUn errore\u00bb\" rel=\"nofollow noopener\" target=\"_blank\"> censurato l\u2019atteggiamento del ministro Ben-Gvir<\/a> parlando per\u00f2 di \u00abprovocatori\u00bb stranieri che andranno \u00abespulsi\u00bb. Ma nemmeno questo gesto era cos\u00ec facile e immediato, e tutte le forze si sono concentrate sull\u2019obiettivo. Che pare ottenuto, dopo l\u2019incontro in serata del <b>ministro degli Esteri Antonio Tajani con l\u2019ambasciatore israeliano<\/b>: \u00ab<a href=\"https:\/\/roma.corriere.it\/notizie\/cronaca\/26_maggio_19\/flotilla-intercettata-fermati-tutti-i-29-italiani-c-e-anche-un-deputato-3a222047-b9c6-471f-9e27-c00b72cc8xlk.shtml\" rel=\"nofollow noopener\" target=\"_blank\">Dovrebbero tornare tutti domani (oggi, ndr)<\/a>\u00bb. Caso insomma risolto, nel giro di poche ore e con pressione fortissima di tutte le istituzioni italiane.<\/p>\n<p class=\"chapter-paragraph\">Quello che per\u00f2 sar\u00e0 deciso come\u00a0<a href=\"https:\/\/roma.corriere.it\/notizie\/cronaca\/26_maggio_20\/caso-flotilla-protesta-m5s-davanti-a-montecitorio-ipocrisia-su-israele-accuse-a-meloni-tajani-e-crosetto-2babd04b-4ead-45a4-a0e9-c95fcd90dxlk.shtml\" title=\"Caso Flotilla, protesta M5S davanti a Montecitorio: \u00abIpocrisia su Israele\u00bb. Accuse a Meloni, Tajani e Crosetto\" rel=\"nofollow noopener\" target=\"_blank\">reazione a Israele e al suo governo<\/a> verr\u00e0 dopo, riflettendo su ogni passo. Chiaro che, come ha detto il ministro degli Esteri <b>Antonio Tajani, si \u00e8 \u00absuperata la linea rossa\u00bb<\/b>.\u00a0Ed \u00e8 successo ieri mattina, quando \u00e8 stato diffuso il video dallo stesso ministro israeliano:  il leader di FI, prima di mandare un suo post di condanna sui social come stava per fare, ha mostrato alla premier Meloni le immagini a margine dell<a href=\"https:\/\/roma.corriere.it\/notizie\/politica\/26_maggio_20\/meloni-con-modi-amicizia-sincera-e-fiducia-reciproca-3323b099-556e-4835-8145-0d0b23a22xlk.shtml\" title=\"Meloni e l&#039;incontro con il premier indiano: \u00abCon Modi amicizia sincera e fiducia reciproca\u00bb. Annunciata partenership per scambi commerciali da 20 miliardi\" rel=\"nofollow noopener\" target=\"_blank\">\u2019incontro con il presidente indiano Modi<\/a>: \u00abCi siamo fermati un attimo, mentre stavamo andando all\u2019incontro con le imprese, e abbiamo deciso di prendere una <b>posizione molto dura e di convocare l\u2019ambasciatore di Israele<\/b>\u00bb, ha spiegato.    &#13;<br \/>\n&#13;<br \/>\n&#13;<br \/>\n&#13;<br \/>\n&#13;<br \/>\n&#13;<br \/>\n&#13;<br \/>\n&#13;<br \/>\n&#13;<br \/>\n&#13;<br \/>\n&#13;<br \/>\n&#13;<br \/>\n&#13;<br \/>\n&#13;<br \/>\n&#13;<br \/>\n&#13;<br \/>\n&#13;<br \/>\n&#13;<br \/>\n&#13;<br \/>\n&#13;<br \/>\n&#13;<br \/>\n&#13;<br \/>\n&#13;<br \/>\n&#13;<br \/>\n&#13;<br \/>\n&#13;<br \/>\n&#13;<br \/>\n&#13;<br \/>\n&#13;<br \/>\n&#13;<br \/>\n&#13;<br \/>\n&#13;<br \/>\n&#13;<br \/>\n&#13;<br \/>\n&#13;<br \/>\n&#13;<br \/>\n&#13;<br \/>\n&#13;<br \/>\n&#13;<br \/>\n&#13;<br \/>\n&#13;<br \/>\n&#13;<br \/>\n&#13;<br \/>\n&#13;<br \/>\n&#13;<br \/>\n&#13;<br \/>\n&#13;<br \/>\n&#13;<br \/>\n&#13;<br \/>\n&#13;<br \/>\n&#13;<br \/>\n&#13;<br \/>\n&#13;\n<\/p>\n<p class=\"chapter-paragraph\"><b>\u00abInaccettabile\u00bb la parola che tutti pronunciano nel governo,<\/b> ma che non basta all\u2019opposizione, che vorrebbe interrompere immediatamente i rapporti con Israele. <b>Il governo per\u00f2 va con i piedi di piombo<\/b>. Da Farnesina e Chigi fanno notare come gi\u00e0 negli ultimi tempi le posizioni dell\u2019Italia si siano indurite rispetto ad Israele: anche nelle <b>risoluzioni Onu pro-Palestina<\/b> prima l\u2019Italia si asteneva, ora vota a favore. E in Europa, pur restando tra i Paesi che cercano di mantenere un rapporto diplomatico con Israele soprattutto su terreni come la cooperazione scientifica<b>, il vento sta cambiando<\/b>.  Tajani ha apprezzato la<a href=\"https:\/\/www.corriere.it\/esteri\/26_maggio_20\/chi-e-itamar-ben-gvir-il-ministro-della-sicurezza-nazionale-che-gira-con-la-pistola-e-non-ha-fatto-il-servizio-militare-perche-357afbfd-5aec-41c7-ab30-da51a7e9bxlk.shtml\" title=\"Razzismo, pistole e umiliazioni: chi \u00e8 Itamar Ben-Gvir, il ministro pi\u00f9 estremista di Israele (e perch\u00e9 Netanyahu lo perdoner\u00e0 anche stavolta)\" rel=\"nofollow noopener\" target=\"_blank\"> presa di distanza di Netanyahu<\/a> come del <b>ministro degli Esteri Sa\u2019ar,<\/b> sa bene come sia arrabbiato con il suo ministro il presidente Herzog, ma la questione non pu\u00f2 chiudersi qui. Andr\u00e0 affrontata in sede europea, certamente, perch\u00e9 il trattato di cooperazione riguarda la Ue nel suo complesso, ma l\u2019Italia deve oggi tenere il punto senza che la situazione precipiti.<\/p>\n<p>APPROFONDISCI CON IL PODCAST<\/p>\n<p class=\"chapter-paragraph\">E questo perch\u00e9, \u00e8 il ragionamento del governo e del ministro degli Esteri,\u00a0<a href=\"https:\/\/video.corriere.it\/esteri\/il-video-degli-attivisti-della-flotilla-bendati-e-in-ginocchio-ben-gvir-li-deride-benvenuti-in-israele-\/2555fc30-ba6f-4b46-a620-993190debxlk\" title=\"Il video degli attivisti della Flotilla bendati e in ginocchio, Ben Gvir li deride: \u00abBenvenuti in Israele\u00bb\" rel=\"nofollow noopener\" target=\"_blank\">il pesantissimo gesto di Ben-Gvir<\/a> va certamente censurato non solo perch\u00e9 offensivo nei confronti degli italiani, ma \u00abdel proprio Paese, che non merita ministri cos\u00ec\u00bb, di quella parte di israeliani che \u00abcredono nei diritti civili, vorrebbero mantenere i rapporti con tutti\u00bb, non sono sfacciatamente aggressivi e vorrebbero invece la pace. Ma siccome <b>in Israele il voto \u00e8 prossimo<\/b> e ci sono gesti,  come<b> quello di Ben-Gvir, chiaramente orientati ad ottenere un consenso<\/b> interno, un attacco dall\u2019estero potrebbe perfino essergli utile, e farlo salire nei consensi proprio tra le frange pi\u00f9 estremiste. Un po\u2019 come, dicono i suoi, succede in Italia con<b> Vannacci:<\/b> avere contro il mondo intero potrebbe facilitarlo. E complicare gli equilibri gi\u00e0 fragilissimi della Knesset, dove ciascuno dei 120 deputati conta.<\/p>\n<p class=\"is-mr-t-20 is-mr-b-20\"><b><br \/>\n                    <a href=\"https:\/\/roma.corriere.it\/?intcmp=Notizielocali_nd_010623_corriere_ss_roma\" target=\"_blank\" rel=\"nofollow noopener\">Vai a tutte le notizie di Roma<\/a><br \/>\n            <\/b><\/p>\n<p class=\"chapter-paragraph\"><b><a href=\"https:\/\/www.corriere.it\/newsletter\/?theme=52&amp;intcmp=NL-artic_nd_050624_corriere_ss_roma\" target=\"_blank\" rel=\"nofollow noopener\">Iscriviti alla newsletter di Corriere Roma<\/a><\/b><\/p>\n<p class=\"is-last-update\" datetime=\"2026-05-21T08:08:33+02:00\">21 maggio 2026 ( modifica il 21 maggio 2026 | 08:08)<\/p>\n<p class=\"is-copyright\">\n            \u00a9 RIPRODUZIONE RISERVATA\n        <\/p>\n","protected":false},"excerpt":{"rendered":"di Paola Di Caro Avere contro il mondo intero potrebbe aiutare il ministro israeliano alle elezioni. E complicare&hellip;\n","protected":false},"author":3,"featured_media":500751,"comment_status":"","ping_status":"","sticky":false,"template":"","format":"standard","meta":{"footnotes":"","_share_on_mastodon":"0"},"categories":[79],"tags":[913,119,120,391,26820,197618,9933,2563,276326,277549,277550,1089,14,93,94,3059,6933,277551,277552,768,3764,3765,20325,277553,277554,324,26821,399,18521,72,760,1537,90,89,68067,4781,77555,4046,58,7,15,2527,11,84,91,12,85,92],"class_list":["post-500750","post","type-post","status-publish","format-standard","has-post-thumbnail","category-italia","tag-ambasciatore","tag-antonio","tag-antonio-tajani","tag-ben","tag-ben-gvir","tag-censurato","tag-certamente","tag-chigi","tag-complicare","tag-complicare-equilibri","tag-complicare-equilibri-fragilissimi","tag-cooperazione","tag-cronaca","tag-cronaca-italiana","tag-cronacaitaliana","tag-deciso","tag-equilibri","tag-equilibri-fragilissimi","tag-equilibri-fragilissimi-knesset","tag-esteri","tag-esteri-antonio","tag-esteri-antonio-tajani","tag-farnesina","tag-fragilissimi","tag-fragilissimi-knesset","tag-gesto","tag-gvir","tag-incontro","tag-intero","tag-israele","tag-israeliano","tag-it","tag-italia","tag-italy","tag-knesset","tag-linea","tag-linea-rossa","tag-mantenere","tag-meloni","tag-news","tag-notizie","tag-tajani","tag-ultime-notizie","tag-ultime-notizie-e-news-di-oggi","tag-ultime-notizie-italia","tag-ultimenotizie","tag-ultimenotizieenewsdioggi","tag-ultimenotizieitalia"],"share_on_mastodon":{"url":"","error":"Validation failed: Text character limit of 500 exceeded"},"_links":{"self":[{"href":"https:\/\/www.europesays.com\/it\/wp-json\/wp\/v2\/posts\/500750","targetHints":{"allow":["GET"]}}],"collection":[{"href":"https:\/\/www.europesays.com\/it\/wp-json\/wp\/v2\/posts"}],"about":[{"href":"https:\/\/www.europesays.com\/it\/wp-json\/wp\/v2\/types\/post"}],"author":[{"embeddable":true,"href":"https:\/\/www.europesays.com\/it\/wp-json\/wp\/v2\/users\/3"}],"replies":[{"embeddable":true,"href":"https:\/\/www.europesays.com\/it\/wp-json\/wp\/v2\/comments?post=500750"}],"version-history":[{"count":0,"href":"https:\/\/www.europesays.com\/it\/wp-json\/wp\/v2\/posts\/500750\/revisions"}],"wp:featuredmedia":[{"embeddable":true,"href":"https:\/\/www.europesays.com\/it\/wp-json\/wp\/v2\/media\/500751"}],"wp:attachment":[{"href":"https:\/\/www.europesays.com\/it\/wp-json\/wp\/v2\/media?parent=500750"}],"wp:term":[{"taxonomy":"category","embeddable":true,"href":"https:\/\/www.europesays.com\/it\/wp-json\/wp\/v2\/categories?post=500750"},{"taxonomy":"post_tag","embeddable":true,"href":"https:\/\/www.europesays.com\/it\/wp-json\/wp\/v2\/tags?post=500750"}],"curies":[{"name":"wp","href":"https:\/\/api.w.org\/{rel}","templated":true}]}}