{"id":500862,"date":"2026-05-21T08:25:15","date_gmt":"2026-05-21T08:25:15","guid":{"rendered":"https:\/\/www.europesays.com\/it\/500862\/"},"modified":"2026-05-21T08:25:15","modified_gmt":"2026-05-21T08:25:15","slug":"michelle-hunziker-cambio-allenamento-ogni-tre-mesi-anche-la-beauty-routine-varia-non-ho-paura-dei-50-anni","status":"publish","type":"post","link":"https:\/\/www.europesays.com\/it\/500862\/","title":{"rendered":"Michelle Hunziker: \u00abCambio allenamento ogni tre mesi, anche la beauty routine varia. Non ho paura dei 50 anni\u00bb"},"content":{"rendered":"<p>\n                            Il punto serale sulle notizie del giorno<br \/>\n                            <b>Iscriviti<\/b> e ricevi le notizie via email\n                        <\/p>\n<p>Showgirl, imprenditrice, madre di tre figlie e da poco nonna, <strong><a href=\"https:\/\/www.ilmessaggero.it\/t\/michelle-hunziker\" rel=\"nofollow noopener\" target=\"_blank\">Michelle Hunziker<\/a><\/strong> racconta al Corriere della Sera la sua filosofia della bellezza: un concetto olistico che non si ferma all&#8217;estetica, ma affonda le radici nell&#8217;amore e nello stile di vita. A partire da Goovi, il suo brand cosmetico pensato per le donne che vogliono prendersi cura di s\u00e9 in modo facile e colorato.<\/p>\n<p>&#13;<br \/>\n    APPROFONDIMENTI&#13;<\/p>\n<p>&#13;<\/p>\n<p>                <a href=\"https:\/\/www.ilmessaggero.it\/persone\/michelle_hunziker_dove_vive_casa_milano-9507052.html\" title=\"Michelle Hunziker e l&#039;appartamento di lusso a CityLife: il soggiorno con eleganti vetrate, il terrazzo con parquet, le pareti in velluto\" rel=\"nofollow noopener\" target=\"_blank\"><img loading=\"lazy\" decoding=\"async\" src=\"https:\/\/www.europesays.com\/it\/wp-content\/uploads\/2026\/05\/1779351915_627_9507052_01200821_nuovo_progetto_2026_05_01t200759.359.jpg\" title=\"Michelle Hunziker e l'appartamento di lusso a CityLife: il soggiorno con eleganti vetrate, il terrazzo con parquet, le pareti in velluto\" width=\"64\" height=\"64\" data-pagespeed-no-transform=\"\"\/><\/a>            <\/p>\n<p>    &#13;<\/p>\n<p>    &#13;<\/p>\n<p>La bellezza \u00e8 amore: parola di Michelle <\/p>\n<p>La bellezza, per Michelle Hunziker, non \u00e8 una questione di crema o di filtro. \u00c8 qualcosa di pi\u00f9 antico e difficile da imbottigliare. \u00abUn concetto meraviglioso, olistico, che non si riduce all&#8217;estetica\u00bb, spiega la conduttrice. \u00abPer me la vera bellezza \u00e8 l&#8217;amore, motore di ogni cosa\u00bb. <\/p>\n<p>L&#8217;intuizione le viene da lontano: da bambina, durante il percorso per la Cresima, chiese al suo padre spirituale come mai la Madonna fosse cos\u00ec bella. La risposta \u2014 \u00abPerch\u00e9 ama\u00bb \u2014 non l&#8217;ha pi\u00f9 abbandonata. Essere innamorati, anche solo della vita, rende radiosi; gli altri lo percepiscono, dice. E aggiunge: \u00abLa scienza dovrebbe mettere assieme tutti gli ormoni che scatenano l&#8217;innamoramento in un elisir di eterna bellezza\u00bb. Ma in attesa di quel miracolo chimico, si pu\u00f2 fare molto da soli: \u00abPossiamo produrre ormoni della felicit\u00e0 ogni giorno, con il nostro stile di vita\u00bb.Allenamento, beauty routine e i 50 anni\u00a0 <\/p>\n<p>Il segreto, in fondo, \u00e8 non adagiarsi. Hunziker cambia attivit\u00e0 fisica ogni tre mesi \u2014 \u00abil corpo \u00e8 furbo, se gli dai uno stimolo in pi\u00f9 esce dalla sua comfort zone\u00bb \u2014 e applica la stessa logica alla cura della pelle: antiossidanti e vitamina C quando \u00e8 stanca, collagene quando lavora sull&#8217;elasticit\u00e0. \u00abCambio sempre\u00bb, sintetizza. Una filosofia che vale anche per il tempo che passa: i 50 anni non la spaventano. \u00abPrima dei 40 tutti mi avvisavano che mi sarei stancata prima\u00bb, ricorda. Fu solo sua madre a dirle che l&#8217;et\u00e0 pi\u00f9 bella va dai quaranta ai cinquantacinque anni. E lei le ha creduto. \u00abSento di raccogliere sempre pi\u00f9 responsabilit\u00e0, maturit\u00e0, consapevolezza\u00bb, dice. Il corpo cambier\u00e0, certo \u2014 \u00abperder\u00e0 dei pezzi, e acquister\u00e0 altre skills\u00bb \u2014 ma intanto si concentra su quello che pu\u00f2 controllare: uno stile di vita sano, che, nota con pragmatismo, \u00abgiova anche all&#8217;estetica\u00bb.<\/p>\n<p>&#13;<br \/>\n                            \u00a9 RIPRODUZIONE RISERVATA&#13;<\/p>\n<p>&#13;<\/p>\n","protected":false},"excerpt":{"rendered":"Il punto serale sulle notizie del giorno Iscriviti e ricevi le notizie via email Showgirl, imprenditrice, madre di&hellip;\n","protected":false},"author":3,"featured_media":500863,"comment_status":"","ping_status":"","sticky":false,"template":"","format":"standard","meta":{"footnotes":"","_share_on_mastodon":"0"},"categories":[174],"tags":[464,225360,685,203,204,1537,90,89,7541,2656],"class_list":["post-500862","post","type-post","status-publish","format-standard","has-post-thumbnail","category-intrattenimento","tag-battiti-live","tag-battiti-live-spring","tag-canale-5","tag-entertainment","tag-intrattenimento","tag-it","tag-italia","tag-italy","tag-michelle-hunziker","tag-stasera-in-tv"],"share_on_mastodon":{"url":"https:\/\/pubeurope.com\/@it\/116611614985749985","error":""},"_links":{"self":[{"href":"https:\/\/www.europesays.com\/it\/wp-json\/wp\/v2\/posts\/500862","targetHints":{"allow":["GET"]}}],"collection":[{"href":"https:\/\/www.europesays.com\/it\/wp-json\/wp\/v2\/posts"}],"about":[{"href":"https:\/\/www.europesays.com\/it\/wp-json\/wp\/v2\/types\/post"}],"author":[{"embeddable":true,"href":"https:\/\/www.europesays.com\/it\/wp-json\/wp\/v2\/users\/3"}],"replies":[{"embeddable":true,"href":"https:\/\/www.europesays.com\/it\/wp-json\/wp\/v2\/comments?post=500862"}],"version-history":[{"count":0,"href":"https:\/\/www.europesays.com\/it\/wp-json\/wp\/v2\/posts\/500862\/revisions"}],"wp:featuredmedia":[{"embeddable":true,"href":"https:\/\/www.europesays.com\/it\/wp-json\/wp\/v2\/media\/500863"}],"wp:attachment":[{"href":"https:\/\/www.europesays.com\/it\/wp-json\/wp\/v2\/media?parent=500862"}],"wp:term":[{"taxonomy":"category","embeddable":true,"href":"https:\/\/www.europesays.com\/it\/wp-json\/wp\/v2\/categories?post=500862"},{"taxonomy":"post_tag","embeddable":true,"href":"https:\/\/www.europesays.com\/it\/wp-json\/wp\/v2\/tags?post=500862"}],"curies":[{"name":"wp","href":"https:\/\/api.w.org\/{rel}","templated":true}]}}