{"id":500980,"date":"2026-05-21T10:04:16","date_gmt":"2026-05-21T10:04:16","guid":{"rendered":"https:\/\/www.europesays.com\/it\/500980\/"},"modified":"2026-05-21T10:04:16","modified_gmt":"2026-05-21T10:04:16","slug":"inter-la-grande-novita-su-palestra-cosa-e-emerso-dal-vertice-di-mercato","status":"publish","type":"post","link":"https:\/\/www.europesays.com\/it\/500980\/","title":{"rendered":"Inter, la grande novit\u00e0 su Palestra. Cosa \u00e8 emerso dal vertice di mercato&#8230;"},"content":{"rendered":"<p>Il giocatore di propriet\u00e0 dell&#8217;Atalanta rappresenta un obiettivo importante per il club nerazzurro<\/p>\n<p><strong>Scegli Fcinter1908 come tuo sito preferito su Google:\u00a0<a href=\"https:\/\/www.google.com\/preferences\/source?q=fcinter1908.it\" rel=\"nofollow noopener\" target=\"_blank\">clicca qui<\/a><\/strong><\/p>\n<p>Quello di Marco <strong>Palestra<\/strong> \u00e8 il profilo perfetto per <strong>l&#8217;Inter<\/strong>: giovane, forte e italiano che non guasta mai per Beppe Marotta. Caratteristiche che spingono il club nerazzurro a fare almeno un tentativo serio per portarlo a Milano. Tentativo che verrebbe fatto anche se Denzel Dumfries dovesse rimanere.<\/p>\n<p>&#8220;Il primo vertice di mercato in casa nerazzurra andato in scena due giorni fa ha certificato, tra le altre cose, il gradimento totale sul giocatore. L\u2019allenatore e i dirigenti sono assolutamente convinti che il laterale abbia le caratteristiche giuste per inserirsi nei meccanismi della squadra e che addirittura meriti un tentativo concreto a prescindere da quello che sar\u00e0 il futuro di Denzel Dumfries&#8221;, sottolinea il <strong>Corriere dello Sport<\/strong>.<\/p>\n<p>&#8220;Questa \u00e8 la grande novit\u00e0 che arriva da viale della Liberazione rispetto a ci\u00f2 che si poteva immaginare in precedenza: i Campioni d\u2019Italia tenteranno l\u2019assalto all\u2019esterno di propriet\u00e0 dell\u2019Atalanta senza fare necessariamente affidamento sul gruzzoletto di 25 milioni garantiti eventualmente da chi arriver\u00e0 a Milano per attivare la clausola presente nel contratto dell\u2019olandese. Anche perch\u00e9 in ogni caso l\u2019ex PSV, ormai trentenne, non rinnover\u00e0 ulteriormente il contratto e sar\u00e0 quindi destinato a lasciare l\u2019Italia al termine dell\u2019accordo esistente. Il club quindi ha necessit\u00e0 di lavorare in prospettiva ed \u00e8 convinto di poter sostenere questo tipo di investimento&#8221;.<\/p>\n<p>&#8220;Prima di tutto perch\u00e9 le cessioni di Luis Henrique, gi\u00e0 tentato dalla Premier League a gennaio, e Diouf potrebbero finanziare l\u2019operazione. L\u2019Atalanta rimane bottega cara e spesso intransigente sull\u2019aspetto economico, ma nell\u2019anno in cui mancheranno gli introiti della Champions League i bergamaschi potrebbero risultare pi\u00f9 propensi al dialogo. La base di partenza sembra attestarsi comunque intorno ai 40 milioni. Toccher\u00e0 all\u2019Inter studiare la formula corretta, magari anche provando a inserire contropartite, per ammorbidire la posizione degli orobici. Un ulteriore beneficio deriverebbe dall\u2019abilit\u00e0 del ragazzo di utilizzare entrambi i piedi. Per Chivu pu\u00f2 giocare tranquillamente a sinistra, dove si alternerebbe nel caso anche con Dimarco&#8221;.\u00a0<\/p>\n<p class=\"is-copyright\">\u00a9 RIPRODUZIONE RISERVATA<\/p>\n","protected":false},"excerpt":{"rendered":"Il giocatore di propriet\u00e0 dell&#8217;Atalanta rappresenta un obiettivo importante per il club nerazzurro Scegli Fcinter1908 come tuo sito&hellip;\n","protected":false},"author":3,"featured_media":500981,"comment_status":"","ping_status":"","sticky":false,"template":"","format":"standard","meta":{"footnotes":"","_share_on_mastodon":"0"},"categories":[1452],"tags":[569,721,23885,2839,554,8759,6693,4864,8393,49392,49393,31512,1740,564,350,1537,90,89,1980,1412,28,8392,7462,6843,10422,14154,1739,245,244,6801],"class_list":["post-500980","post","type-post","status-publish","format-standard","has-post-thumbnail","category-calcio","tag-atalanta","tag-calcio","tag-caratteristiche","tag-chivu","tag-club","tag-club-nerazzurro","tag-contratto","tag-corriere","tag-corriere-sport","tag-denzel","tag-denzel-dumfries","tag-dumfries","tag-football","tag-giocatore","tag-inter","tag-it","tag-italia","tag-italy","tag-league","tag-mercato","tag-milano","tag-nerazzurro","tag-novita","tag-palestra","tag-potrebbero","tag-proprieta","tag-soccer","tag-sport","tag-sports","tag-tentativo"],"share_on_mastodon":{"url":"https:\/\/pubeurope.com\/@it\/116612003854731444","error":""},"_links":{"self":[{"href":"https:\/\/www.europesays.com\/it\/wp-json\/wp\/v2\/posts\/500980","targetHints":{"allow":["GET"]}}],"collection":[{"href":"https:\/\/www.europesays.com\/it\/wp-json\/wp\/v2\/posts"}],"about":[{"href":"https:\/\/www.europesays.com\/it\/wp-json\/wp\/v2\/types\/post"}],"author":[{"embeddable":true,"href":"https:\/\/www.europesays.com\/it\/wp-json\/wp\/v2\/users\/3"}],"replies":[{"embeddable":true,"href":"https:\/\/www.europesays.com\/it\/wp-json\/wp\/v2\/comments?post=500980"}],"version-history":[{"count":0,"href":"https:\/\/www.europesays.com\/it\/wp-json\/wp\/v2\/posts\/500980\/revisions"}],"wp:featuredmedia":[{"embeddable":true,"href":"https:\/\/www.europesays.com\/it\/wp-json\/wp\/v2\/media\/500981"}],"wp:attachment":[{"href":"https:\/\/www.europesays.com\/it\/wp-json\/wp\/v2\/media?parent=500980"}],"wp:term":[{"taxonomy":"category","embeddable":true,"href":"https:\/\/www.europesays.com\/it\/wp-json\/wp\/v2\/categories?post=500980"},{"taxonomy":"post_tag","embeddable":true,"href":"https:\/\/www.europesays.com\/it\/wp-json\/wp\/v2\/tags?post=500980"}],"curies":[{"name":"wp","href":"https:\/\/api.w.org\/{rel}","templated":true}]}}