{"id":501101,"date":"2026-05-21T11:34:26","date_gmt":"2026-05-21T11:34:26","guid":{"rendered":"https:\/\/www.europesays.com\/it\/501101\/"},"modified":"2026-05-21T11:34:26","modified_gmt":"2026-05-21T11:34:26","slug":"vasco-rossi-e-la-sua-band-sbarcano-a-rimini-in-vista-del-concerto-i-fan-gli-danno-gia-la-caccia","status":"publish","type":"post","link":"https:\/\/www.europesays.com\/it\/501101\/","title":{"rendered":"Vasco Rossi e la sua band sbarcano a Rimini in vista del concerto, i fan gli danno gi\u00e0 la caccia"},"content":{"rendered":"<p>Rimini, 20 maggio 2026 \u2013 La sua band \u00e8 arrivata marted\u00ec. E da stasera anche il \u2019Komandante\u2019 finalmente arriva a <strong>Rimini<\/strong>. Dopo le prove alla discoteca Cromie a <strong>Castellaneta<\/strong>, in Puglia, <a rel=\"follow nofollow noopener\" href=\"https:\/\/www.ilrestodelcarlino.it\/ancona\/cultura\/marco-aprie-concerto-vasco-rossi-y0vne7sc\" target=\"_blank\"><strong>Vasco Rossi<\/strong><\/a> \u00e8 in citt\u00e0 per le ultime prove allo stadio \u2019<strong>Romeo Neri<\/strong>\u2019 di Rimini, dove <strong>il 30 maggio<\/strong> dar\u00e0 il via al suo tour. Come sempre, il rocker ha scelto come <strong>buen retiro<\/strong> il <strong>Grand Hotel di Rimini<\/strong>. La caccia dei fan, alla ricerca di foto e autografi, \u00e8 gi\u00e0 iniziata. E nei prossimi giorni ci sar\u00e0 sempre <strong>pi\u00f9 gente fuori dallo stadio<\/strong>. Basta ricordare quanto accadde nel 2023, con i fedelissimi di Vasco <strong>accampati per giorni<\/strong> fuori dal \u2019Romeo Neri\u2019.<\/p>\n<p>Vasco Rossi, previsti oltre 40mila spettatori allo stadio <\/p>\n<p>Saranno complessivamente <strong>pi\u00f9 di 40mila<\/strong> gli spettatori allo stadio, per le due serate: la prova generale del <strong>29 maggio<\/strong>, aperta ai soli iscritti del <strong>Blasco fan club,<\/strong> e <strong>il concerto del 30<\/strong>. Tra loro anche 500 fan del \u2019<strong>Komandante<\/strong>\u2019 provenienti dall\u2019estero, da 18 paesi diversi. C\u2019\u00e8 chi arriver\u00e0 perfino &#8211; segnala il Blasco fan club \u2013 da <strong>Australia<\/strong>, <strong>Argentina<\/strong> e <strong>Uruguay<\/strong>.<\/p>\n<p>Approfondisci:<\/p>\n<p><a href=\"https:\/\/www.ilrestodelcarlino.it\/ancona\/cultura\/marco-aprie-concerto-vasco-rossi-y0vne7sc\" class=\"ArticleEmbed_article__embed__content__Jzqnz\" rel=\"nofollow noopener\" target=\"_blank\">L\u2019emozione di Marco: \u201cAprir\u00f2 il concerto di Vasco Rossi, \u00e8 un sogno che si realizza: mai smettere di crederci\u201d<img alt=\"L\u2019emozione di Marco: \u201cAprir\u00f2 il concerto di Vasco Rossi, \u00e8 un sogno che si realizza: mai smettere di crederci\u201d\" loading=\"lazy\" width=\"140\" height=\"78\" decoding=\"async\" data-nimg=\"1\" style=\"color:transparent\"  src=\"https:\/\/www.europesays.com\/it\/wp-content\/uploads\/2026\/05\/1779363262_845_marco-martellini-giovane-cantautore-civitanovese-diplomato-al-liceo-rinaldini-a-destra-vasco-rossi.w.webp\"\/><\/a><img alt=\"T15ABFOTO_A\" loading=\"lazy\" width=\"4000\" height=\"2643\" decoding=\"async\" data-nimg=\"1\" style=\"color:transparent;max-width:100%;height:auto\"   src=\"https:\/\/www.europesays.com\/it\/wp-content\/uploads\/2026\/05\/t15abfoto_a.webp\"\/><\/p>\n<p>Un concerto di Vasco Rossi a Rimini di qualche anno fa<\/p>\n<p>Il legame di Vasco con la Riviera e un pubblico intergenerazionale\u00a0<\/p>\n<p>Il pubblico di Vasco abbraccer\u00e0 tutte le generazioni: oltre mille partecipanti dello show a Rimini sono minorenni, ma <strong>non mancano i fan che superano i 90 anni<\/strong>. Per celebrare il soldout riminese e il legame di Vasco con la Riviera, il fan club ha lanciato anche le infradito \u2019<strong>Il Blasco<\/strong>\u2019 pensate per lasciare sulla sabbia l\u2019impronta del logo.<\/p>\n<p>L\u2019intervista e l\u2019annuncio della sorpresa per i fan nel 2027 <\/p>\n<p>Intanto il <strong>Komandante<\/strong> in una lunga e intensa intervista rilasciata a <strong>Tv Sorrisi e Canzoni<\/strong>,\u00a0ha raccontato tantissimi particolari sulla sua vita e tra gli argomenti toccati \u00e8 tornato anche sulla grande sorpresa per il 2027 che aveva promesso ai fan\u00a0sui social. Sorpresa \u2013\u00a0in\u00a0vista dei 50 anni di carriera del cantautore \u2013 che ha ribadito anche nell\u2019intervista: \u201c<strong>Ho avuto l\u2019idea di fare una grande festa<\/strong>, stiamo lavorando a un evento per oltre 500mila persone\u201d, spiega il rocker. Modena park \u201c\u00e8 stato un evento bellissimo ma irripetibile. <strong>Sar\u00e0 una cosa diversa<\/strong>\u201d.<\/p>\n<p>Il rocker di Zocca ha poi parlato anche delle sue attivit\u00e0 giornaliere come <strong>la lettura<\/strong> (\u201cleggo moltissimo la mattina\u201d) e <strong>la meditazione<\/strong> (\u201cal mattino sto 20 minuti in silenzio concentrandomi sul respiro e sul silenzio che ho dentro. Quando arrivano i pensieri osservali e lasciali andare. Qualcuno ti ha fatto un dispetto? Lascia andare\u201d).<\/p>\n<p> <img alt=\"Vasco Rossi e la sua band sbarcano a Rimini in vista del concerto, i fan gli danno gi\u00e0 la caccia\" loading=\"lazy\" width=\"429\" height=\"762\" decoding=\"async\" data-nimg=\"1\" style=\"color:transparent\"  src=\"https:\/\/www.europesays.com\/it\/wp-content\/uploads\/2026\/05\/xa7axmm.jpeg\"\/><br \/>\nLe date del tour 2026 di Vasco Rossi <\/p>\n<p>Il Vasco live 2026 parte il <strong>30 maggio 2026 da Rimini,<\/strong> Stadio Romeo Neri con la data zero; 5 e 6 giugno 2026 Ferrara, Parco Urbano Giorgio Bassani; 12 e 13 giugno 2026 Olbia, Arena 18 e 19 giugno 2026 Bari, Stadio San Nicola 23 e 24 giugno 2026 Ancona, Stadio del Conero 28 e 29 giugno 2026 Udine, Bluenergy Stadium.<\/p>\n","protected":false},"excerpt":{"rendered":"Rimini, 20 maggio 2026 \u2013 La sua band \u00e8 arrivata marted\u00ec. E da stasera anche il \u2019Komandante\u2019 finalmente&hellip;\n","protected":false},"author":3,"featured_media":501102,"comment_status":"","ping_status":"","sticky":false,"template":"","format":"standard","meta":{"footnotes":"","_share_on_mastodon":"0"},"categories":[174],"tags":[1585,6478,1569,1095,203,5700,204,1537,90,89,10973,9509,44693,18122],"class_list":["post-501101","post","type-post","status-publish","format-standard","has-post-thumbnail","category-intrattenimento","tag-band","tag-caccia","tag-concerto","tag-danno","tag-entertainment","tag-fan","tag-intrattenimento","tag-it","tag-italia","tag-italy","tag-rimini","tag-rossi","tag-sbarcano","tag-vasco"],"share_on_mastodon":{"url":"https:\/\/pubeurope.com\/@it\/116612358548907436","error":""},"_links":{"self":[{"href":"https:\/\/www.europesays.com\/it\/wp-json\/wp\/v2\/posts\/501101","targetHints":{"allow":["GET"]}}],"collection":[{"href":"https:\/\/www.europesays.com\/it\/wp-json\/wp\/v2\/posts"}],"about":[{"href":"https:\/\/www.europesays.com\/it\/wp-json\/wp\/v2\/types\/post"}],"author":[{"embeddable":true,"href":"https:\/\/www.europesays.com\/it\/wp-json\/wp\/v2\/users\/3"}],"replies":[{"embeddable":true,"href":"https:\/\/www.europesays.com\/it\/wp-json\/wp\/v2\/comments?post=501101"}],"version-history":[{"count":0,"href":"https:\/\/www.europesays.com\/it\/wp-json\/wp\/v2\/posts\/501101\/revisions"}],"wp:featuredmedia":[{"embeddable":true,"href":"https:\/\/www.europesays.com\/it\/wp-json\/wp\/v2\/media\/501102"}],"wp:attachment":[{"href":"https:\/\/www.europesays.com\/it\/wp-json\/wp\/v2\/media?parent=501101"}],"wp:term":[{"taxonomy":"category","embeddable":true,"href":"https:\/\/www.europesays.com\/it\/wp-json\/wp\/v2\/categories?post=501101"},{"taxonomy":"post_tag","embeddable":true,"href":"https:\/\/www.europesays.com\/it\/wp-json\/wp\/v2\/tags?post=501101"}],"curies":[{"name":"wp","href":"https:\/\/api.w.org\/{rel}","templated":true}]}}