{"id":501109,"date":"2026-05-21T11:39:15","date_gmt":"2026-05-21T11:39:15","guid":{"rendered":"https:\/\/www.europesays.com\/it\/501109\/"},"modified":"2026-05-21T11:39:15","modified_gmt":"2026-05-21T11:39:15","slug":"milano-pirata-investe-due-sorelle-sulle-strisce-una-muore-linvestitore-prima-e-scappato-poi-si-e-costituito-era-ubriaco-e-positivo-alla-cocaina","status":"publish","type":"post","link":"https:\/\/www.europesays.com\/it\/501109\/","title":{"rendered":"Milano, pirata investe due sorelle sulle strisce: una muore. L&#8217;investitore prima \u00e8 scappato, poi si \u00e8 costituito: era ubriaco e positivo alla cocaina"},"content":{"rendered":"<p>    di<br \/>\n    Pierpaolo Lio<\/p>\n<p class=\"summary-art is-line-h-12\">La vittima \u00e8 Alfonsa Curiale, l&#8217;incidente in via Carnia. La donna \u00e8 finita sul parabrezza ed \u00e8 poi stata sbalzata di 25 metri. L&#8217;altra non \u00e8 in pericolo di vita<\/p>\n<p class=\"chapter-paragraph\">Un pirata della strada ha investito <b>due anziane sorell<\/b>e di 75 e 70 anni che attraversavano sulle strisce, intorno alle 21.30 di mercoled\u00ec, in via Carnia a Milano. Una delle due donne, <b>Alfonsa Curiale di 75 anni<\/b>, <b>\u00e8 morta<\/b>. L\u2019altra, di 70, \u00e8 ricoverata ma non \u00e8 in pericolo di vita.\u00a0<\/p>\n<p class=\"chapter-paragraph\"><b>Il guidatore,\u00a0<\/b>G.P.,\u00a0<b>\u00e8 un 38enne\u00a0<\/b>di Segrate. \u00c8 risultato positivo sia all\u2019alcol test che al drug test, ed \u00e8 stato <b>arrestato<\/b>.\u00a0<b>Dopo l\u2019incidente l&#8217;uomo ha provato a scappare.\u00a0<\/b><br \/>&#13;<br \/>\n&#13;<br \/>\n&#13;<br \/>\n&#13;<br \/>\n&#13;<br \/>\n&#13;<br \/>\n&#13;<br \/>\n&#13;<br \/>\n&#13;<br \/>\n&#13;<br \/>\n&#13;<br \/>\n&#13;<br \/>\n&#13;<br \/>\n&#13;<br \/>\n&#13;<br \/>\n&#13;<br \/>\n&#13;<br \/>\n&#13;<br \/>\n&#13;<br \/>\n&#13;<br \/>\n&#13;<br \/>\n&#13;<br \/>\n&#13;<br \/>\n&#13;<br \/>\n&#13;<br \/>\n&#13;<br \/>\n&#13;<br \/>\n&#13;<br \/>\n&#13;<br \/>\n&#13;<br \/>\n&#13;<br \/>\n&#13;<br \/>\n&#13;<br \/>\n&#13;<br \/>\n&#13;<br \/>\n&#13;<br \/>\n&#13;<br \/>\n&#13;<br \/>\n&#13;<br \/>\n&#13;<br \/>\n&#13;<br \/>\n&#13;<br \/>\n&#13;<br \/>\n&#13;<br \/>\n&#13;<br \/>\n&#13;<br \/>\n&#13;<br \/>\n&#13;<br \/>\n&#13;<br \/>\n&#13;<br \/>\n&#13;<br \/>\n&#13;<br \/>\n&#13;\n<\/p>\n<p class=\"chapter-paragraph\">L\u2019auto, una piccola Smart, viaggiava a velocit\u00e0 sostenuta quando ha centrato le due donne mentre attraversavano sulle strisce. La vittima, Alfonsa, la sorella pi\u00f9 anziana, \u00e8 <b>finita sul parabrezza ed \u00e8 poi stata sbalzata di 25 metri<\/b>. Soccorsa d\u2019urgenza e trasportata all\u2019ospedale San Raffaele, \u00e8 morta poco dopo. La sorella \u00e8 finita invece in codice giallo al Niguarda.\u00a0\u00a0<\/p>\n<p class=\"chapter-paragraph\">Dopo lo schianto l\u2019auto investitrice \u00e8 fuggita. Solo un\u2019ora dopo, <b>la madre del \u00abpirata\u00bb ha contattato le forze dell\u2019ordine<\/b>. Il figlio e la sua Smart incidentata sono stati ritrovati nel parcheggio di un supermercato in via Ornato, zona Niguarda. Il guidatore aveva un <b>tasso alcolemico<\/b> di 1,99, quasi <b>quattro volte la soglia<\/b> di 0,5.\u00a0\u00c8 risultato, inoltre, <b>positivo alla cocaina<\/b>.<\/p>\n<p class=\"chapter-paragraph\">Articolo in aggiornamento&#8230;\u00a0<\/p>\n<p class=\"is-mr-t-20 is-mr-b-20\"><b><br \/>\n                    <a href=\"https:\/\/milano.corriere.it\/?intcmp=Notizielocali_nd_010623_corriere_ss_milano\" target=\"_blank\" rel=\"nofollow noopener\">Vai a tutte le notizie di Milano<\/a><br \/>\n            <\/b><\/p>\n<p class=\"chapter-paragraph\"><b><a href=\"https:\/\/www.corriere.it\/newsletter\/?theme=41&amp;intcmp=IIIcolonna_NL_CorMilano\" target=\"_blank\" rel=\"nofollow noopener\">Iscriviti alla newsletter di Corriere Milano<\/a><\/b><\/p>\n<p class=\"is-last-update\" datetime=\"2026-05-21T11:59:27+02:00\">21 maggio 2026 ( modifica il 21 maggio 2026 | 11:59)<\/p>\n<p class=\"is-copyright\">\n            \u00a9 RIPRODUZIONE RISERVATA\n        <\/p>\n","protected":false},"excerpt":{"rendered":"di Pierpaolo Lio La vittima \u00e8 Alfonsa Curiale, l&#8217;incidente in via Carnia. La donna \u00e8 finita sul parabrezza&hellip;\n","protected":false},"author":3,"featured_media":501110,"comment_status":"","ping_status":"","sticky":false,"template":"","format":"standard","meta":{"footnotes":"","_share_on_mastodon":"0"},"categories":[6],"tags":[277770,277771,2537,277772,277773,2765,72550,9564,14,277774,2429,846,277775,277776,8,1537,90,89,7,15,82,9,83,10,37919,2123,17779,13,11,80,84,12,81,85],"class_list":["post-501109","post","type-post","status-publish","format-standard","has-post-thumbnail","category-ultime-notizie","tag-alfonsa","tag-alfonsa-curiale","tag-altra","tag-attraversavano","tag-attraversavano-strisce","tag-auto","tag-carnia","tag-cocaina","tag-cronaca","tag-curiale","tag-donne","tag-finita","tag-finita-parabrezza","tag-finita-parabrezza-sbalzata","tag-headlines","tag-it","tag-italia","tag-italy","tag-news","tag-notizie","tag-notizie-di-cronaca","tag-notizie-principali","tag-notiziedicronaca","tag-notizieprincipali","tag-pirata","tag-positivo","tag-strisce","tag-titoli","tag-ultime-notizie","tag-ultime-notizie-di-cronaca","tag-ultime-notizie-e-news-di-oggi","tag-ultimenotizie","tag-ultimenotiziedicronaca","tag-ultimenotizieenewsdioggi"],"share_on_mastodon":{"url":"","error":"Validation failed: Text character limit of 500 exceeded"},"_links":{"self":[{"href":"https:\/\/www.europesays.com\/it\/wp-json\/wp\/v2\/posts\/501109","targetHints":{"allow":["GET"]}}],"collection":[{"href":"https:\/\/www.europesays.com\/it\/wp-json\/wp\/v2\/posts"}],"about":[{"href":"https:\/\/www.europesays.com\/it\/wp-json\/wp\/v2\/types\/post"}],"author":[{"embeddable":true,"href":"https:\/\/www.europesays.com\/it\/wp-json\/wp\/v2\/users\/3"}],"replies":[{"embeddable":true,"href":"https:\/\/www.europesays.com\/it\/wp-json\/wp\/v2\/comments?post=501109"}],"version-history":[{"count":0,"href":"https:\/\/www.europesays.com\/it\/wp-json\/wp\/v2\/posts\/501109\/revisions"}],"wp:featuredmedia":[{"embeddable":true,"href":"https:\/\/www.europesays.com\/it\/wp-json\/wp\/v2\/media\/501110"}],"wp:attachment":[{"href":"https:\/\/www.europesays.com\/it\/wp-json\/wp\/v2\/media?parent=501109"}],"wp:term":[{"taxonomy":"category","embeddable":true,"href":"https:\/\/www.europesays.com\/it\/wp-json\/wp\/v2\/categories?post=501109"},{"taxonomy":"post_tag","embeddable":true,"href":"https:\/\/www.europesays.com\/it\/wp-json\/wp\/v2\/tags?post=501109"}],"curies":[{"name":"wp","href":"https:\/\/api.w.org\/{rel}","templated":true}]}}