{"id":501324,"date":"2026-05-21T14:38:14","date_gmt":"2026-05-21T14:38:14","guid":{"rendered":"https:\/\/www.europesays.com\/it\/501324\/"},"modified":"2026-05-21T14:38:14","modified_gmt":"2026-05-21T14:38:14","slug":"finale-de-il-paradiso-delle-signore-come-si-chiude-la-decima-stagione-e-cosa-cambia-nel-daytime-di-rai-1","status":"publish","type":"post","link":"https:\/\/www.europesays.com\/it\/501324\/","title":{"rendered":"Finale de Il Paradiso delle Signore: come si chiude la decima stagione e cosa cambia nel daytime di Rai 1"},"content":{"rendered":"<p>Dopo mesi di ascolti importanti e trame sempre pi\u00f9 seguite dal pubblico, anche per <strong><a href=\"https:\/\/www.ilmattino.it\/t\/il-paradiso-delle-signore\" rel=\"nofollow noopener\" target=\"_blank\">Il Paradiso delle Signore<\/a><\/strong> \u00e8 arrivato il momento della pausa estiva. La soap quotidiana di <a href=\"https:\/\/www.ilmattino.it\/t\/rai-1\" rel=\"nofollow noopener\" target=\"_blank\">Rai 1<\/a> chiuder\u00e0 la sua decima stagione questa settimana, con l\u2019ultima puntata in onda venerd\u00ec 22 maggio 2026. Poi, da luned\u00ec 25 maggio, il palinsesto pomeridiano della rete cambier\u00e0 volto, lasciando i fan in attesa dei nuovi episodi.<\/p>\n","protected":false},"excerpt":{"rendered":"Dopo mesi di ascolti importanti e trame sempre pi\u00f9 seguite dal pubblico, anche per Il Paradiso delle Signore&hellip;\n","protected":false},"author":3,"featured_media":501325,"comment_status":"","ping_status":"","sticky":false,"template":"","format":"standard","meta":{"footnotes":"","_share_on_mastodon":"0"},"categories":[1444],"tags":[10359,1518,39049,203,65316,204,1537,90,89,2848,3501,64986,253],"class_list":["post-501324","post","type-post","status-publish","format-standard","has-post-thumbnail","category-tv","tag-alberto-matano","tag-anticipazioni","tag-caterina-balivo","tag-entertainment","tag-il-paradiso-delle-signore","tag-intrattenimento","tag-it","tag-italia","tag-italy","tag-rai","tag-rai-1","tag-tg1","tag-tv"],"share_on_mastodon":{"url":"https:\/\/pubeurope.com\/@it\/116613081099307436","error":""},"_links":{"self":[{"href":"https:\/\/www.europesays.com\/it\/wp-json\/wp\/v2\/posts\/501324","targetHints":{"allow":["GET"]}}],"collection":[{"href":"https:\/\/www.europesays.com\/it\/wp-json\/wp\/v2\/posts"}],"about":[{"href":"https:\/\/www.europesays.com\/it\/wp-json\/wp\/v2\/types\/post"}],"author":[{"embeddable":true,"href":"https:\/\/www.europesays.com\/it\/wp-json\/wp\/v2\/users\/3"}],"replies":[{"embeddable":true,"href":"https:\/\/www.europesays.com\/it\/wp-json\/wp\/v2\/comments?post=501324"}],"version-history":[{"count":0,"href":"https:\/\/www.europesays.com\/it\/wp-json\/wp\/v2\/posts\/501324\/revisions"}],"wp:featuredmedia":[{"embeddable":true,"href":"https:\/\/www.europesays.com\/it\/wp-json\/wp\/v2\/media\/501325"}],"wp:attachment":[{"href":"https:\/\/www.europesays.com\/it\/wp-json\/wp\/v2\/media?parent=501324"}],"wp:term":[{"taxonomy":"category","embeddable":true,"href":"https:\/\/www.europesays.com\/it\/wp-json\/wp\/v2\/categories?post=501324"},{"taxonomy":"post_tag","embeddable":true,"href":"https:\/\/www.europesays.com\/it\/wp-json\/wp\/v2\/tags?post=501324"}],"curies":[{"name":"wp","href":"https:\/\/api.w.org\/{rel}","templated":true}]}}