{"id":501343,"date":"2026-05-21T14:48:14","date_gmt":"2026-05-21T14:48:14","guid":{"rendered":"https:\/\/www.europesays.com\/it\/501343\/"},"modified":"2026-05-21T14:48:14","modified_gmt":"2026-05-21T14:48:14","slug":"i-manifesti-di-renzi-stile-ventennio-contro-meloni-sono-un-caso-politico-fs-chiede-spiegazioni-a-grandi-stazioni-retail-sullo-slogan-dei-treni-in-ritardo","status":"publish","type":"post","link":"https:\/\/www.europesays.com\/it\/501343\/","title":{"rendered":"I manifesti di Renzi stile Ventennio contro Meloni sono un caso politico: Fs chiede spiegazioni a Grandi Stazioni Retail sullo slogan dei \u00abtreni in ritardo\u00bb"},"content":{"rendered":"<p>    di<br \/>\n    Claudio Bozza<\/p>\n<p class=\"summary-art is-line-h-12\">La campagna di Italia viva sui treni in ritardo irrita il governo. La sfida dell&#8217;ex premier: prolunghiamo l&#8217;iniziativa, se ci venisse negata andremo in Parlamento<\/p>\n<p class=\"chapter-paragraph\">\u00abQUANDO C&#8217;ERA LEI i treni arrivavano in ritardo\u00bb. <a href=\"https:\/\/www.corriere.it\/politica\/26_maggio_18\/italia-viva-per-il-2xmille-lancia-la-campagna-anti-meloni-quando-c-era-lei-33d98d52-867b-41de-80cb-84dd78a00xlk.shtml?refresh_ce\" rel=\"nofollow noopener\" target=\"_blank\">Il governo, nella persona della premier Giorgia Meloni, non ha affatto gradito le frasi in stile littorio proiettate in questi giorni sui maxischermi<\/a> nelle stazioni delle grandi citt\u00e0 italiane. Si tratta di una provocatoria campagna pubblicitaria lanciata da Italia viva per attaccare il governo e anche per cercare di \u00abacchiappare\u00bb pi\u00f9 fondi possibili dal 2 per mille delle dichiarazioni dei redditi.<\/p>\n<p class=\"chapter-paragraph\">Ferrovie ha chiesto spiegazioni all&#8217;amministratore delegato di Grandi Stazioni Retail, che come societ\u00e0 esterna gestisce gli spazi commerciali e pubblicitari all&#8217;interno degli scali ferroviari, riguardo un messaggio preciso: quello sui treni in ritardo, lesivo della societ\u00e0.\u00a0<b>La campagna del partito di Matteo Renzi\u00a0 doveva durare 4 giorni, per un costo quotidiano di 5 mila euro, con la proiezione dei manifesti in stile Istituto Luce e che ammiccano al Ventennio.\u00a0<\/b>    &#13;<br \/>\n&#13;<br \/>\n&#13;<br \/>\n&#13;<br \/>\n&#13;<br \/>\n&#13;<br \/>\n&#13;<br \/>\n&#13;<br \/>\n&#13;<br \/>\n&#13;<br \/>\n&#13;<br \/>\n&#13;<br \/>\n&#13;<br \/>\n&#13;<br \/>\n&#13;<br \/>\n&#13;<br \/>\n&#13;<br \/>\n&#13;<br \/>\n&#13;<br \/>\n&#13;<br \/>\n&#13;<br \/>\n&#13;<br \/>\n&#13;<br \/>\n&#13;<br \/>\n&#13;<br \/>\n&#13;<br \/>\n&#13;<br \/>\n&#13;<br \/>\n&#13;<br \/>\n&#13;<br \/>\n&#13;<br \/>\n&#13;<br \/>\n&#13;<br \/>\n&#13;<br \/>\n&#13;<br \/>\n&#13;<br \/>\n&#13;<br \/>\n&#13;<br \/>\n&#13;<br \/>\n&#13;<br \/>\n&#13;<br \/>\n&#13;<br \/>\n&#13;<br \/>\n&#13;<br \/>\n&#13;<br \/>\n&#13;<br \/>\n&#13;<br \/>\n&#13;<br \/>\n&#13;<br \/>\n&#13;<br \/>\n&#13;<br \/>\n&#13;<br \/>\n&#13;\n<\/p>\n<p class=\"chapter-paragraph\">Italia viva, venuta a conoscenza dell&#8217;intervento, ha chiesto l&#8217;estensione della campagna per ulteriori 4 giorni.\u00a0\u00abVedremo quale sar\u00e0 la risposta: siamo in democrazia e siamo contro ogni censura\u00bb, filtra dalle stanze dell&#8217;ex premier.\u00a0<b>\u00abMeloni s\u00ec \u00e8 molto arrabbiata perch\u00e9 ci sono i cartelloni<\/b> che ironizzano sui ritardi accanto ai tabelloni dei treni in ritardo &#8211; scrive Renzi sui social -. Giorgia non devi arrabbiarti con me per i cartelloni pubblicitari: devi arrabbiarti con Salvini per i treni in ritardo. Come al solito hai sbagliato Matteo\u00bb. Qualora Grandi Stazioni non accettasse l&#8217;estensione della campagna Renzi fa sapere che presenter\u00e0 una interrogazione parlamentare.<\/p>\n<p class=\"is-last-update\" datetime=\"2026-05-21T15:03:31+02:00\">21 maggio 2026 ( modifica il 21 maggio 2026 | 15:03)<\/p>\n<p class=\"is-copyright\">\n            \u00a9 RIPRODUZIONE RISERVATA\n        <\/p>\n","protected":false},"excerpt":{"rendered":"di Claudio Bozza La campagna di Italia viva sui treni in ritardo irrita il governo. La sfida dell&#8217;ex&hellip;\n","protected":false},"author":3,"featured_media":501344,"comment_status":"","ping_status":"","sticky":false,"template":"","format":"standard","meta":{"footnotes":"","_share_on_mastodon":"0"},"categories":[6],"tags":[277889,39,68837,1061,14,7882,277890,1251,185464,8,1537,90,68780,89,58,7,15,82,9,83,10,115,2471,16887,29269,1581,13,17650,277888,11,80,84,12,81,85,22311],"class_list":["post-501343","post","type-post","status-publish","format-standard","has-post-thumbnail","category-ultime-notizie","tag-arrabbiarti","tag-campagna","tag-cartelloni","tag-chiesto","tag-cronaca","tag-devi","tag-devi-arrabbiarti","tag-grandi","tag-grandi-stazioni","tag-headlines","tag-it","tag-italia","tag-italia-viva","tag-italy","tag-meloni","tag-news","tag-notizie","tag-notizie-di-cronaca","tag-notizie-principali","tag-notiziedicronaca","tag-notizieprincipali","tag-premier","tag-renzi","tag-ritardo","tag-stazioni","tag-stile","tag-titoli","tag-treni","tag-treni-ritardo","tag-ultime-notizie","tag-ultime-notizie-di-cronaca","tag-ultime-notizie-e-news-di-oggi","tag-ultimenotizie","tag-ultimenotiziedicronaca","tag-ultimenotizieenewsdioggi","tag-viva"],"share_on_mastodon":{"url":"","error":"Validation failed: Text character limit of 500 exceeded"},"_links":{"self":[{"href":"https:\/\/www.europesays.com\/it\/wp-json\/wp\/v2\/posts\/501343","targetHints":{"allow":["GET"]}}],"collection":[{"href":"https:\/\/www.europesays.com\/it\/wp-json\/wp\/v2\/posts"}],"about":[{"href":"https:\/\/www.europesays.com\/it\/wp-json\/wp\/v2\/types\/post"}],"author":[{"embeddable":true,"href":"https:\/\/www.europesays.com\/it\/wp-json\/wp\/v2\/users\/3"}],"replies":[{"embeddable":true,"href":"https:\/\/www.europesays.com\/it\/wp-json\/wp\/v2\/comments?post=501343"}],"version-history":[{"count":0,"href":"https:\/\/www.europesays.com\/it\/wp-json\/wp\/v2\/posts\/501343\/revisions"}],"wp:featuredmedia":[{"embeddable":true,"href":"https:\/\/www.europesays.com\/it\/wp-json\/wp\/v2\/media\/501344"}],"wp:attachment":[{"href":"https:\/\/www.europesays.com\/it\/wp-json\/wp\/v2\/media?parent=501343"}],"wp:term":[{"taxonomy":"category","embeddable":true,"href":"https:\/\/www.europesays.com\/it\/wp-json\/wp\/v2\/categories?post=501343"},{"taxonomy":"post_tag","embeddable":true,"href":"https:\/\/www.europesays.com\/it\/wp-json\/wp\/v2\/tags?post=501343"}],"curies":[{"name":"wp","href":"https:\/\/api.w.org\/{rel}","templated":true}]}}