{"id":501442,"date":"2026-05-21T16:09:16","date_gmt":"2026-05-21T16:09:16","guid":{"rendered":"https:\/\/www.europesays.com\/it\/501442\/"},"modified":"2026-05-21T16:09:16","modified_gmt":"2026-05-21T16:09:16","slug":"cuba-gli-usa-spostano-nei-caraibi-la-portaerei-nimitz-lipotesi-che-stiano-valutando-un-modello-caracas-anche-per-lavana","status":"publish","type":"post","link":"https:\/\/www.europesays.com\/it\/501442\/","title":{"rendered":"Cuba, gli Usa spostano nei Caraibi la portaerei Nimitz. L&#8217;ipotesi che stiano valutando un \u00abmodello Caracas\u00bb anche per L&#8217;Avana"},"content":{"rendered":"<p>    di<br \/>\n    Sara Gandolfi<\/p>\n<p class=\"summary-art is-line-h-12\">L&#8217;annuncio coincide con l&#8217;intensificarsi della campagna di pressione dell&#8217;amministrazione Usa contro Cuba e dopo l&#8217;incriminazione dell&#8217;ex presidente Ra\u00fal Castro. Rubio: \u00abCuba ha accettato la nostra offerta sugli aiuti umanitari da 100 milioni di dollari\u00bb<\/p>\n<p class=\"chapter-paragraph\">Con l&#8217;<a href=\"https:\/\/www.corriere.it\/esteri\/26_maggio_20\/raul-castro-incriminato-negli-usa-l-avana-furiosa-atto-politico-vogliono-giustificare-aggressione-a-cuba-7ad6a618-610f-492d-80e1-86f088dcbxlk.shtml?refresh_ce\" rel=\"nofollow noopener\" target=\"_blank\">incriminazione di Ra\u00fal Castro<\/a>, <b>sembra ripetersi a Cuba la trama venezuelana<\/b>. Lo dimostrerebbe anche l&#8217;arrivo nel Mar dei Caraibi meridionale della portaerei a propulsione nucleare <b>Nimitz <\/b>e relativo gruppo d&#8217;attacco &#8211; anche se una fonte governativa ha assicurato al New York Times che si tratta di una\u00a0\u00abdimostrazione di forza e non di importanti operazioni militari\u00bb come fece con la portaerei Gerald Ford per la cattura di Nicol\u00e1s Maduro.<\/p>\n<p class=\"chapter-paragraph\">In ogni caso, per Donald Trump la cattura e la prigionia del presidente venezuelano rappresenta lo \u00abscenario perfetto\u00bb che la sua amministrazione intende emulare per riorganizzare i governi \u00abostili\u00bb agli Usa nel mondo. Dopo il successo del raid contro il dittatore di Caracas \u2013 nessuna vittima americana e un nuovo regime poco democratico ma obbediente a Washington \u2013 il tycoon ci ha provato, senza risultati, con il governo degli ayatollah a Teheran. Ora, si preannuncia una transizione \u00aballa venezuelana\u00bb anche per Cuba. <b>Ma \u00e8 fattibile nell\u2019isola della Revoluci\u00f3n?<\/b>    &#13;<br \/>\n&#13;<br \/>\n&#13;<br \/>\n&#13;<br \/>\n&#13;<br \/>\n&#13;<br \/>\n&#13;<br \/>\n&#13;<br \/>\n&#13;<br \/>\n&#13;<br \/>\n&#13;<br \/>\n&#13;<br \/>\n&#13;<br \/>\n&#13;<br \/>\n&#13;<br \/>\n&#13;<br \/>\n&#13;<br \/>\n&#13;<br \/>\n&#13;<br \/>\n&#13;<br \/>\n&#13;<br \/>\n&#13;<br \/>\n&#13;<br \/>\n&#13;<br \/>\n&#13;<br \/>\n&#13;<br \/>\n&#13;<br \/>\n&#13;<br \/>\n&#13;<br \/>\n&#13;<br \/>\n&#13;<br \/>\n&#13;<br \/>\n&#13;<br \/>\n&#13;<br \/>\n&#13;<br \/>\n&#13;<br \/>\n&#13;<br \/>\n&#13;<br \/>\n&#13;<br \/>\n&#13;<br \/>\n&#13;<br \/>\n&#13;<br \/>\n&#13;<br \/>\n&#13;<br \/>\n&#13;<br \/>\n&#13;<br \/>\n&#13;<br \/>\n&#13;<br \/>\n&#13;<br \/>\n&#13;<br \/>\n&#13;<br \/>\n&#13;<br \/>\n&#13;\n<\/p>\n<p class=\"chapter-paragraph\">Il \u00abmodello Caracas\u00bb \u00e8 semplice. Decapiti il leader supremo, mantieni al potere la maggior parte dei funzionari di medio rango per garantire stabilit\u00e0 amministrativa e stringi subito una serie di accordi economico-commerciali con questi nuovi leader. La democrazia, insomma, passa in secondo piano.<br \/>In Venezuela, la presidente ad interim Delcy Rodr\u00edguez lavora fin dal giorno 1 &#8211; dopo la cattura di Maduro, il 3 gennaio, e il suo trasferimento a New York per il processo &#8211; in piena sintonia con il capo della Casa Bianca. <b>Ventisei anni di \u00abchavismo\u00bb sono stati apparentemente cancellati in una notte in nome del nuovo business petrolifero<\/b>. Apparentemente, perch\u00e9 il vertice militare, baluardo della dittatura, \u00e8 ancora saldamente al comando e di elezioni democratiche per ora non si parla.<\/p>\n<p class=\"chapter-paragraph\"><b>Ma L\u2019Avana non \u00e8 Caracas<\/b>, mette in guardia chi conosce meglio il regime dei Castro. Ed \u00e8 poco probabile che si insedi\u00a0\u00abun castrismo con il sigillo dello zio Sam\u00bb. Al di l\u00e0 dell\u2019apparente compattezza del governo comunista dietro la figura dell\u2019ultranovantenne Ra\u00fal Castro, e nonostante le esternazioni pro-capitaliste di uno dei suoi nipoti, <b>l\u2019ostacolo principale risiede negli Stati Uniti, non a Cuba<\/b>. \u00abNelle mie conversazioni con persone dell\u2019amministrazione, non vedo spazio per gli attuali leader, n\u00e9 per il presidente n\u00e9 per la famiglia Castro. Sono convinto che <b>l\u2019obiettivo finale di Trump sia un cambio di governo a Cuba, a brevissimo termine<\/b>\u00bb, ha detto a Mondo Capovolto del Corriere Hugo Cancio, influente imprenditore cubano-americano di Miami, ideatore della piattaforma di e-commerce Katapulk, sorta di Amazon che permette agli esuli di ordinare e spedire ad amici e parenti merci altrimenti introvabili sull\u2019isola.<\/p>\n<p class=\"chapter-paragraph\">A differenza del Venezuela, gli esuli cubani hanno creato un potente network politico, perfettamente integrato nelle istituzioni di Washington: ben 11 membri del Congresso degli Stati Uniti sono di origine cubane ed esercitano una forte e costante pressione sull\u2019Amministrazione con l\u2019obbiettivo di rovesciare il regime dell\u2019Avana. Senza contare che molti leader locali e nazionali sono saliti al potere basando il proprio consenso elettorale proprio sulla promessa di un drastico cambio di regime a Cuba. <b>La comunit\u00e0 cubana di Miami non accetterebbe mai una soluzione ibrida<\/b>.<\/p>\n<p class=\"chapter-paragraph\">Il segretario di Stato e aspirante futuro presidente di origine cubana Marco Rubio, cui sono stati affidati i negoziati (per nulla segreti) con il sempre pi\u00f9 potente nipote di Ra\u00fal Castro, Ra\u00fal Rodr\u00edguez Castro, \u00e8 ben consapevole che <b>il \u00abmodello venezuelano\u00bb\u00a0non verrebbe mai digerito dalla sua comunit\u00e0<\/b>, che rappresenta una fetta importante dell\u2019elettorato. E in parte lo conferma l\u2019ultimo sondaggio del Pew Research Center sul tasso di approvazione del presidente Usa tra gli elettori ispanici: <b>solo il 66% dei \u00ablatinos\u00bb che votarono Trump nel 2024 ancora approva il suo operato<\/b>, con un calo di 27 punti percentuali dall&#8217;inizio del suo secondo mandato. Proprio Rubio ha spiegato che Cuba \u00abha accettato\u00bb l&#8217;offerta Usa sugli aiuti umanitari da complessivi 100 milioni di dollari.<\/p>\n<p class=\"chapter-paragraph\">Se tramonta \u00abla soluzione venezuelana\u00bb, resta l\u2019invasione. E qui si entra in uno scenario assolutamente imprevedibile, con diverse grandi incognite. Come si comporterebbero i militari cubani addestrati alla fedelt\u00e0 assoluta? E quale sarebbe la reazione dei cubani, un popolo rassegnato e digiuno da troppi anni di democrazia, composto per la maggioranza da donne, vecchi e bambini, perch\u00e9 i giovani uomini sono fuggiti in massa dall\u2019isola?<\/p>\n<p class=\"chapter-paragraph\"><b>La rivoluzione cubana \u00e8 al potere dal 1959.<\/b> Al contrario del Venezuela, che ha conosciuto il \u00abchavismo\u00bb soltanto nel 1998, sull\u2019isola non esiste un\u2019opposizione politica reale. Solo pochi gruppi dissidenti, perlopi\u00f9 vicini alla Chiesa cattolica, e da lei protetti. \u00abI venezuelani desiderano un ritorno ai giorni di gloria del boom petrolifero del XX secolo; <b>i cubani desiderano un nuovo inizio<\/b>\u00bb, scrive Politico. Anche i giovani per\u00f2 sanno, perch\u00e9 nelle scuole rivoluzionarie non hanno mai smesso di insegnarlo, che Cuba \u00e8 stata \u00abposseduta\u00bb a lungo dagli Stati Uniti e, prima della rivoluzione, \u00abgli interessi statunitensi si appropriavano di circa met\u00e0 dello zucchero prodotto a prezzi ridotti, possedevano circa un terzo di tutti gli zuccherifici, un terzo dei servizi pubblici, il 90% di tutta la produzione di energia elettrica e quasi un quarto del territorio dell&#8217;isola\u00bb.<\/p>\n<p class=\"chapter-paragraph\">Trump \u00e8 in cerca di una vittoria politica, per ammorbidire gli elettori infuriati \u00abdalla lunga guerra in Iran e dall\u2019aumento dei prezzi della benzina\u00bb, scrive il New York Times. E il capo della Cia John Ratcliff, nella sua <a href=\"https:\/\/www.corriere.it\/esteri\/26_maggio_15\/capo-cia-cuba-vertice-governo-avana-7429acdc-4141-42e0-934a-9bdc4f032xlk.shtml\" rel=\"nofollow noopener\" target=\"_blank\">storica recente visita all\u2019Avana<\/a>, ha lanciato un ultimatum al ministro dell\u2019Interno cubano, L\u00e1zaro Casas e a Ra\u00fal Rodr\u00edguez Castro. \u00abSarebbe spiacevole se capitasse qualcosa di brutto a questa bella isola\u00bb, avrebbe detto in stile boss, lo stesso giorno in cui l\u2019Avana ammetteva che le ultime riserve di carburante stanno ormai finendo. Quando le minacce finiranno, qualsiasi decisione non sar\u00e0 una passeggiata e avr\u00e0 sviluppi imponderabili.<\/p>\n<p class=\"is-last-update\" datetime=\"2026-05-21T17:59:45+02:00\">21 maggio 2026 ( modifica il 21 maggio 2026 | 17:59)<\/p>\n<p class=\"is-copyright\">\n            \u00a9 RIPRODUZIONE RISERVATA\n        <\/p>\n","protected":false},"excerpt":{"rendered":"di Sara Gandolfi L&#8217;annuncio coincide con l&#8217;intensificarsi della campagna di pressione dell&#8217;amministrazione Usa contro Cuba e dopo l&#8217;incriminazione&hellip;\n","protected":false},"author":3,"featured_media":501443,"comment_status":"","ping_status":"","sticky":false,"template":"","format":"standard","meta":{"footnotes":"","_share_on_mastodon":"0"},"categories":[6],"tags":[8398,86541,761,798,31,13247,51807,391,6099,777,46707,46708,2712,21220,277927,931,14,2711,277928,277929,110454,2726,146529,7695,30384,3761,13089,125727,1598,8,178537,1302,10714,1537,90,89,381,58615,9768,888,2506,277930,1354,11040,11041,16859,7,221909,15,82,9,83,10,1413,1694,56478,477,332,3952,15773,2428,135,10360,277931,3792,15966,16591,262762,277932,4309,32898,1484,13,379,11,80,84,12,81,85,3414,410,45671,25920,16860],"class_list":["post-501442","post","type-post","status-publish","format-standard","has-post-thumbnail","category-ultime-notizie","tag-accettato","tag-accettato-offerta","tag-aiuti","tag-aiuti-umanitari","tag-amministrazione","tag-apparentemente","tag-avana","tag-ben","tag-cambio","tag-capo","tag-caracas","tag-caraibi","tag-castro","tag-cattura","tag-chavismo","tag-comunita","tag-cronaca","tag-cuba","tag-cuba-accettato","tag-cuba-accettato-offerta","tag-cubana","tag-cubani","tag-cubano","tag-democrazia","tag-desiderano","tag-dollari","tag-elettori","tag-esuli","tag-giovani","tag-headlines","tag-incriminazione","tag-inizio","tag-isola","tag-it","tag-italia","tag-italy","tag-leader","tag-maduro","tag-miami","tag-militari","tag-modello","tag-modello-caracas","tag-ne","tag-new","tag-new-york","tag-new-york-times","tag-news","tag-nimitz","tag-notizie","tag-notizie-di-cronaca","tag-notizie-principali","tag-notiziedicronaca","tag-notizieprincipali","tag-offerta","tag-origine","tag-petrolifero","tag-politica","tag-politico","tag-portaerei","tag-potente","tag-potere","tag-presidente","tag-pressione","tag-pressione-amministrazione","tag-prezzi","tag-rappresenta","tag-raul","tag-raul-castro","tag-raul-rodriguez","tag-regime","tag-rodriguez","tag-rubio","tag-titoli","tag-trump","tag-ultime-notizie","tag-ultime-notizie-di-cronaca","tag-ultime-notizie-e-news-di-oggi","tag-ultimenotizie","tag-ultimenotiziedicronaca","tag-ultimenotizieenewsdioggi","tag-uniti","tag-usa","tag-venezuela","tag-venezuelana","tag-york"],"share_on_mastodon":{"url":"","error":"Validation failed: Text character limit of 500 exceeded"},"_links":{"self":[{"href":"https:\/\/www.europesays.com\/it\/wp-json\/wp\/v2\/posts\/501442","targetHints":{"allow":["GET"]}}],"collection":[{"href":"https:\/\/www.europesays.com\/it\/wp-json\/wp\/v2\/posts"}],"about":[{"href":"https:\/\/www.europesays.com\/it\/wp-json\/wp\/v2\/types\/post"}],"author":[{"embeddable":true,"href":"https:\/\/www.europesays.com\/it\/wp-json\/wp\/v2\/users\/3"}],"replies":[{"embeddable":true,"href":"https:\/\/www.europesays.com\/it\/wp-json\/wp\/v2\/comments?post=501442"}],"version-history":[{"count":0,"href":"https:\/\/www.europesays.com\/it\/wp-json\/wp\/v2\/posts\/501442\/revisions"}],"wp:featuredmedia":[{"embeddable":true,"href":"https:\/\/www.europesays.com\/it\/wp-json\/wp\/v2\/media\/501443"}],"wp:attachment":[{"href":"https:\/\/www.europesays.com\/it\/wp-json\/wp\/v2\/media?parent=501442"}],"wp:term":[{"taxonomy":"category","embeddable":true,"href":"https:\/\/www.europesays.com\/it\/wp-json\/wp\/v2\/categories?post=501442"},{"taxonomy":"post_tag","embeddable":true,"href":"https:\/\/www.europesays.com\/it\/wp-json\/wp\/v2\/tags?post=501442"}],"curies":[{"name":"wp","href":"https:\/\/api.w.org\/{rel}","templated":true}]}}