{"id":501587,"date":"2026-05-21T18:12:14","date_gmt":"2026-05-21T18:12:14","guid":{"rendered":"https:\/\/www.europesays.com\/it\/501587\/"},"modified":"2026-05-21T18:12:14","modified_gmt":"2026-05-21T18:12:14","slug":"entusiasmo-e-bellezza-artexicre-al-museo-bernareggi","status":"publish","type":"post","link":"https:\/\/www.europesays.com\/it\/501587\/","title":{"rendered":"Entusiasmo e bellezza, ArtexiCre al Museo Bernareggi"},"content":{"rendered":"\n<p> <strong class=\"nero\">Laboratori artistici, cacce al tesoro, passeggiate in Citt\u00e0 Alta <\/strong>e attivit\u00e0 nel nuovo museo: nell\u2019estate 2026 torna <strong class=\"nero\">ArtexiCre, il progetto educativo promosso dai Dipartimenti Educativi della Fondazione Bernareggi<\/strong> che da anni accompagna i Cre degli oratori e dei MiniCre delle scuole dell\u2019infanzia con proposte dedicate all\u2019arte e alla creativit\u00e0. <\/p>\n<p>L\u2019edizione di quest\u2019anno ha un significato particolare perch\u00e9 coincide con il <strong class=\"nero\">primo ArtexiCre del nuovo Museo Diocesano Bernareggi<\/strong>, che sar\u00e0 uno dei luoghi centrali delle attivit\u00e0. Sono gi\u00e0 61 gli oratori e le scuole dell\u2019infanzia iscritti ai percorsi estivi. <\/p>\n<p>  La caccia al tesoro per i pi\u00f9 piccoli <\/p>\n<p>Il tema del Cre 2026, \u00abBella Fra! \u2013 Guardate a lui e sarete raggianti\u00bb, prende spunto dagli 800 anni dalla morte di San Francesco d\u2019Assisi. Per la prima volta il centro della proposta non sar\u00e0 solo un tema, <strong class=\"nero\">ma una figura da incontrare attraverso l\u2019esperienza dell\u2019arte<\/strong>. Non una lezione su Francesco, ma un percorso dentro immagini, simboli, storie e gesti capaci di parlare ancora oggi ai pi\u00f9 giovani. Molte attivit\u00e0 si svolgeranno negli spazi del nuovo museo e nei luoghi culturali della Citt\u00e0 Alta. I gruppi partecipanti potranno visitare le installazioni di arte contemporanea ospitate all\u2019ex Ateneo, al Tempietto di Santa Croce e alla Domus Magna di via Arena, sede principale delle attivit\u00e0 estive. <strong class=\"nero\">Tra le novit\u00e0 spicca il nuovo percorso \u00abMuseo dolce museo\u00bb, una caccia alle storie pensata per i pi\u00f9 piccoli <\/strong>nel Museo Bernareggi: un\u2019esperienza fatta di indizi, dettagli nascosti e racconti da ricostruire osservando le opere da vicino. <\/p>\n<p>  Le proposte \u00abIn Cammino\u00bb per Citt\u00e0 Alta <\/p>\n<p>Accanto ai laboratori prenderanno forma anche <strong class=\"nero\">l<strong class=\"nero\">e proposte <\/strong>\u00abIn Cammino\u00bb, dedicate alla scoperta di Citt\u00e0 Alta. <\/strong>Tra queste \u00abCon il passo giusto \u2013 Sulle tracce di Francesco\u00bb, una passeggiata tra strade, piazze e scorci dei colli per leggere Bergamo come un intreccio di arte, natura e memoria, accompagnati dai ragazzi e dalle ragazze del progetto \u00abLe Vie del Sacro\u00bb. Per i gruppi delle medie sar\u00e0 invece proposta \u00abIndizInCitt\u00e0\u00bb, una caccia al tesoro urbana tra simboli, mappe e percorsi nascosti. Accanto alle attivit\u00e0 in Citt\u00e0 Alta, sar\u00e0 possibile ospitare in oratorio alcuni laboratori pensati per bambini e preadolescenti. Saranno gli educatori della Fondazione Bernareggi a portare materiali, opere e attivit\u00e0 creative nei cortili e negli spazi dei Cre, trasformando l\u2019arte in un\u2019esperienza ancora pi\u00f9 vicina. \u00c8 una delle caratteristiche che da sempre distingue ArtexiCre: <strong class=\"nero\">non soltanto invitare i ragazzi a entrare nel museo, ma permettere al museo stesso di abitare il territorio, incontrando le comunit\u00e0 <\/strong>. Un modo per rendere l\u2019arte accessibile, partecipata e capace di creare relazioni attraverso il gioco, la creativit\u00e0 e la scoperta.<\/p>\n<p>  Tutte le proposte in campo <\/p>\n<p> <strong class=\"nero\">Le attivit\u00e0 in Citt\u00e0 Alta si svolgeranno dall\u20198 giugno al 24 luglio e saranno rivolte a bambini dai 6 ai 13 anni.<\/strong> I laboratori saranno organizzati in piccoli gruppi e potranno essere abbinati a passeggiate e percorsi in museo. ArtexiCre proseguir\u00e0 anche negli oratori con laboratori itineranti e <strong class=\"nero\">nelle scuole dell\u2019infanzia con il progetto ArtexiMiniCre, dal 1\u00b0 al 31 luglio<\/strong>. <\/p>\n<p>\u00abDa oltre 15 anni &#8211; spiega don <strong class=\"nero\">Davide Rota Conti, direttore del Museo Bernareggi <\/strong>&#8211; ArtexiCre accompagna l\u2019estate degli oratori con una proposta educativa che mette i bambini e i ragazzi in contatto diretto con l\u2019arte e i luoghi della cultura. Oggi questo percorso entra in una nuova fase: il 2026 sar\u00e0 infatti il primo ArtexiCre del nuovo Museo Diocesano Bernareggi, una novit\u00e0 importante per un progetto nato nel 2010 e mai interrotto, nemmeno negli anni in cui il museo non disponeva di una sede fisica. Oggi, finalmente, il museo pu\u00f2 diventare per i Cre un luogo da abitare davvero: una casa delle arti, della creativit\u00e0 e della meraviglia. Uno spazio <strong class=\"nero\">familiare e accogliente<\/strong> in cui i pi\u00f9 giovani possano sentirsi coinvolti, ascoltati e stimolati attraverso <strong class=\"nero\">i linguaggi dell\u2019arte<\/strong>. Crediamo che il compito educativo sia oggi una delle responsabilit\u00e0 pi\u00f9 urgenti per il nostro museo. L\u2019arte \u00e8 un\u2019esperienza che educa a guardare il mondo con pi\u00f9 profondit\u00e0, ad abitare le domande, a riconoscere la bellezza e il significato nascosti nei luoghi, nelle opere e nelle storie che ci circondano. Educare attraverso l\u2019arte significa formare sensibilit\u00e0, immaginazione e capacit\u00e0 di lettura della realt\u00e0\u00bb. <\/p>\n<p>\u00abMolti dei percorsi di quest\u2019anno &#8211; conclude &#8211; nasceranno proprio dentro e attorno al nuovo museo, per aiutare bambini e ragazzi a costruire un rapporto diretto con il patrimonio custodito dalla comunit\u00e0 ecclesiale. In <strong class=\"nero\">Citt\u00e0 Alta ArtexiCre si svilupper\u00e0 tra il Museo Bernareggi, dedicato all\u2019arte antica, e la Domus Magna <\/strong>che, grazie alla preziosa collaborazione con Fondazione MIA, ospiter\u00e0 le installazioni di arte contemporanea. ArtexiCre continua cos\u00ec a essere molto pi\u00f9 di un\u2019attivit\u00e0 estiva: \u00e8 un\u2019esperienza diffusa di educazione, cultura e relazione, attraverso cui il nuovo Museo Bernareggi rinnova la propria vocazione educativa e pastorale al servizio delle giovani generazioni, accanto agli Oratori e alle Scuole dell\u2019Infanzia della Diocesi\u00bb.<\/p>\n","protected":false},"excerpt":{"rendered":"Laboratori artistici, cacce al tesoro, passeggiate in Citt\u00e0 Alta e attivit\u00e0 nel nuovo museo: nell\u2019estate 2026 torna ArtexiCre,&hellip;\n","protected":false},"author":3,"featured_media":501588,"comment_status":"","ping_status":"","sticky":false,"template":"","format":"standard","meta":{"footnotes":"","_share_on_mastodon":"0"},"categories":[1446],"tags":[1615,1613,1614,80450,1611,1610,5880,1644,278022,1612,203,278021,278020,204,23475,1537,90,89,8399,223552,2061],"class_list":["post-501587","post","type-post","status-publish","format-standard","has-post-thumbnail","category-arte-e-design","tag-arte","tag-arte-e-design","tag-arteedesign","tag-arti-generico","tag-arts","tag-arts-and-design","tag-biblioteche","tag-cultura","tag-davide-rota-conti","tag-design","tag-entertainment","tag-fondazione-bernareggi","tag-fondazione-mia","tag-intrattenimento","tag-istruzione","tag-it","tag-italia","tag-italy","tag-musei","tag-san-francesco-dassisi","tag-scuola"],"share_on_mastodon":{"url":"https:\/\/pubeurope.com\/@it\/116613922554252240","error":""},"_links":{"self":[{"href":"https:\/\/www.europesays.com\/it\/wp-json\/wp\/v2\/posts\/501587","targetHints":{"allow":["GET"]}}],"collection":[{"href":"https:\/\/www.europesays.com\/it\/wp-json\/wp\/v2\/posts"}],"about":[{"href":"https:\/\/www.europesays.com\/it\/wp-json\/wp\/v2\/types\/post"}],"author":[{"embeddable":true,"href":"https:\/\/www.europesays.com\/it\/wp-json\/wp\/v2\/users\/3"}],"replies":[{"embeddable":true,"href":"https:\/\/www.europesays.com\/it\/wp-json\/wp\/v2\/comments?post=501587"}],"version-history":[{"count":0,"href":"https:\/\/www.europesays.com\/it\/wp-json\/wp\/v2\/posts\/501587\/revisions"}],"wp:featuredmedia":[{"embeddable":true,"href":"https:\/\/www.europesays.com\/it\/wp-json\/wp\/v2\/media\/501588"}],"wp:attachment":[{"href":"https:\/\/www.europesays.com\/it\/wp-json\/wp\/v2\/media?parent=501587"}],"wp:term":[{"taxonomy":"category","embeddable":true,"href":"https:\/\/www.europesays.com\/it\/wp-json\/wp\/v2\/categories?post=501587"},{"taxonomy":"post_tag","embeddable":true,"href":"https:\/\/www.europesays.com\/it\/wp-json\/wp\/v2\/tags?post=501587"}],"curies":[{"name":"wp","href":"https:\/\/api.w.org\/{rel}","templated":true}]}}