{"id":501595,"date":"2026-05-21T18:17:19","date_gmt":"2026-05-21T18:17:19","guid":{"rendered":"https:\/\/www.europesays.com\/it\/501595\/"},"modified":"2026-05-21T18:17:19","modified_gmt":"2026-05-21T18:17:19","slug":"alex-marquez-saltera-i-gp-al-mugello-e-a-balaton-park-fp-news","status":"publish","type":"post","link":"https:\/\/www.europesays.com\/it\/501595\/","title":{"rendered":"Alex Marquez salter\u00e0 i GP al Mugello e a Balaton Park | FP &#8211; News"},"content":{"rendered":"<p><strong>Inizia il recupero<\/strong><\/p>\n<p>La terribile caduta di <strong>Alex Marquez<\/strong> avvenuta nell\u2019ultimo Gran Premio di Catalogna aveva fatto temere tutti sulle sue condizioni, almeno fino al primo comunicato del team Gresini che aveva riportato la <strong>frattura marginale della vertebra C7 e della clavicola destra<\/strong>. Nel corso di questa settimana, il pilota spagnolo \u00e8 stato sottoposto a un intervento chirurgico riuscito con successo, ma immaginare un suo rientro per il GP d\u2019Italia sembrava estremamente difficile, se non impossibile.<\/p>\n<p><strong>Niente Mugello e Balaton<\/strong><\/p>\n<p>L\u2019ufficialit\u00e0 della sua assenza, infatti, \u00e8 giunta da un post pubblicato sui social sempre dal team Gresini,  e ci\u00f2 non solo per la gara che si terr\u00e0 al <strong>Mugello<\/strong> il prossimo fine settimana, ma anche per quella sul circuito di <strong>Balaton Park<\/strong>, dove di svolger\u00e0 il GP d\u2019Ungheria il 7 giugno: \u201cAlex Marquez salter\u00e0 i Gran Premio del Mugello e di Balaton\u201d.<\/p>\n<p>Un comunicato brevissimo, nel quale si vede un Marquez sorridente a pochi giorni da un incidente che avrebbe potuto aver conseguenze ben pi\u00f9 gravi. La squadra non ha aggiunto ulteriori informazioni sui tempi di recupero, n\u00e9 chi sar\u00e0 il pilota che lo sostituir\u00e0 per i prossimi due appuntamenti.<\/p>\n","protected":false},"excerpt":{"rendered":"Inizia il recupero La terribile caduta di Alex Marquez avvenuta nell\u2019ultimo Gran Premio di Catalogna aveva fatto temere&hellip;\n","protected":false},"author":3,"featured_media":501596,"comment_status":"","ping_status":"","sticky":false,"template":"","format":"standard","meta":{"footnotes":"","_share_on_mastodon":"0"},"categories":[176],"tags":[3677,1537,90,89,278023,45927,245,244],"class_list":["post-501595","post","type-post","status-publish","format-standard","has-post-thumbnail","category-sport","tag-alex-marquez","tag-it","tag-italia","tag-italy","tag-motogp-mugello","tag-motogp-ungheria","tag-sport","tag-sports"],"share_on_mastodon":{"url":"https:\/\/pubeurope.com\/@it\/116613942375096603","error":""},"_links":{"self":[{"href":"https:\/\/www.europesays.com\/it\/wp-json\/wp\/v2\/posts\/501595","targetHints":{"allow":["GET"]}}],"collection":[{"href":"https:\/\/www.europesays.com\/it\/wp-json\/wp\/v2\/posts"}],"about":[{"href":"https:\/\/www.europesays.com\/it\/wp-json\/wp\/v2\/types\/post"}],"author":[{"embeddable":true,"href":"https:\/\/www.europesays.com\/it\/wp-json\/wp\/v2\/users\/3"}],"replies":[{"embeddable":true,"href":"https:\/\/www.europesays.com\/it\/wp-json\/wp\/v2\/comments?post=501595"}],"version-history":[{"count":0,"href":"https:\/\/www.europesays.com\/it\/wp-json\/wp\/v2\/posts\/501595\/revisions"}],"wp:featuredmedia":[{"embeddable":true,"href":"https:\/\/www.europesays.com\/it\/wp-json\/wp\/v2\/media\/501596"}],"wp:attachment":[{"href":"https:\/\/www.europesays.com\/it\/wp-json\/wp\/v2\/media?parent=501595"}],"wp:term":[{"taxonomy":"category","embeddable":true,"href":"https:\/\/www.europesays.com\/it\/wp-json\/wp\/v2\/categories?post=501595"},{"taxonomy":"post_tag","embeddable":true,"href":"https:\/\/www.europesays.com\/it\/wp-json\/wp\/v2\/tags?post=501595"}],"curies":[{"name":"wp","href":"https:\/\/api.w.org\/{rel}","templated":true}]}}