{"id":501891,"date":"2026-05-21T22:09:18","date_gmt":"2026-05-21T22:09:18","guid":{"rendered":"https:\/\/www.europesays.com\/it\/501891\/"},"modified":"2026-05-21T22:09:18","modified_gmt":"2026-05-21T22:09:18","slug":"percorso-giro-ditalia-milano-mappa-vie-chiuse-e-divieti","status":"publish","type":"post","link":"https:\/\/www.europesays.com\/it\/501891\/","title":{"rendered":"Percorso Giro d&#8217;Italia Milano: mappa vie chiuse e divieti"},"content":{"rendered":"<p>Il <a href=\"https:\/\/www.milanotoday.it\/tag\/giro-d-italia\/\" rel=\"nofollow noopener\" target=\"_blank\">Giro d\u2019Italia<\/a> torna a Milano domenica 24 maggio. E con il passaggio della 15esima tappa in citt\u00e0 le strade si coloreranno di rosa, con il passaggio della carovana di ciclisti. \u00a0La gara partir\u00e0 da Voghera intorno alle 13.40 per concludersi sul traguardo di corso Venezia verso le 17, dove andranno in scena le premiazioni ufficiali.<\/p>\n<p>Per Milano si tratta di un traguardo storico: per la 90\u00aa volta la citt\u00e0 ospiter\u00e0 l&#8217;arrivo di una tappa, a conferma di un legame indissolubile iniziato nel lontano 1909 con la prima storica edizione del Giro.<\/p>\n<p><img decoding=\"async\" src=\"https:\/\/www.europesays.com\/it\/wp-content\/uploads\/2026\/05\/la-tappa-voghera-milano.jpg\" alt=\"La tappa Voghera-Milano\" title=\"La tappa Voghera-Milano\"\/><\/p>\n<p>Dove (e a che ora) passa il Giro: la mappa<\/p>\n<p>I corridori faranno il loro ingresso a Milano da via della Chiesa Rossa intorno alle 15.30. Da quel momento, il gruppo percorrer\u00e0 per ben quattro volte un circuito cittadino di 16,3 chilometri che toccher\u00e0 la zona sud ed est della citt\u00e0.<\/p>\n<p>Il percorso si snoder\u00e0 da piazza Abbiategrasso, piazza Agrippa e via Bazzi, per poi immettersi sulla circonvallazione esterna (la linea filoviaria 90-91-92) lungo viale Toscana fino a piazzale Loreto. Da l\u00ec, la corsa proseguir\u00e0 su corso Buenos Aires e corso Venezia, per poi svoltare sulla circonvallazione interna (via San Damiano e via Visconti di Modrone). Attraverso via Mascagni e viale Bianca Maria, i ciclisti torneranno sulla cerchia esterna per ricominciare il giro.<\/p>\n<p><img decoding=\"async\" src=\"https:\/\/www.europesays.com\/it\/wp-content\/uploads\/2026\/05\/la-mappa-5.jpg\" alt=\"La mappa-5\" title=\"La mappa\"\/><\/p>\n<p>Strade chiuse e divieti: il piano mobilit\u00e0<\/p>\n<p>Per permettere lo svolgimento della manifestazione in totale sicurezza, il Comune ha predisposto un piano di chiusure e <a href=\"https:\/\/www.milanotoday.it\/tag\/divieti\/\" rel=\"nofollow noopener\" target=\"_blank\">divieti<\/a>. Tutte le vie del circuito cittadino saranno completamente <a href=\"https:\/\/www.milanotoday.it\/tag\/strade-chiuse\/\" rel=\"nofollow noopener\" target=\"_blank\">chiuse<\/a> al transito dalle ore 11.30 di domenica 24 maggio fino al termine della corsa (previsto intorno alle 18). Sar\u00e0 vietato anche l&#8217;attraversamento degli incroci lungo il percorso.<\/p>\n<p>Scatter\u00e0 gi\u00e0 dalle ore 18 di sabato 23 maggio il divieto di sosta con rimozione forzata per tutti i veicoli lungo l&#8217;intero tracciato. Per quanto riguarda i mezzi pubblici numerose linee di superficie di tram e bus subiranno modifiche di percorso e deviazioni.\u00a0<\/p>\n<p>L&#8217;elenco delle strade chiuse<\/p>\n<p>Ecco l&#8217;elenco dettagliato delle strade che saranno chiuse al traffico e dove viger\u00e0 il divieto di sosta nel fine settimana:<\/p>\n<ul>\n<li data-list-item-id=\"ed8a289516c1f6dd9f731ac3c4640d6da\">Via della Chiesa Rossa<\/li>\n<li data-list-item-id=\"e77ff8e8b0ee45409450286cd2a022831\">Via San Domenico Savio (fino a piazza Abbiategrasso)<\/li>\n<li data-list-item-id=\"ef0aa9eb416533e2baa3c204b47492c9b\">Via Medeghino<\/li>\n<li data-list-item-id=\"e054f3b92d30ecab6425833a06a67ca8c\">Piazza Agrippa<\/li>\n<li data-list-item-id=\"eef68ac167b0d312aab2666ed9b884f07\">Via Valla<\/li>\n<li data-list-item-id=\"e14f098917c4855aaf272c3f016c14639\">Via Lampedusa (fino a via Bazzi)<\/li>\n<li data-list-item-id=\"ed387b68027e7cf9513d9352c4419a73c\">Viale Toscana (ingresso circuito)<\/li>\n<li data-list-item-id=\"e561868c1fc6e8f21911d7b89440a8330\">Viale Isonzo (corsia bus)<\/li>\n<li data-list-item-id=\"e4c46a450b2429846b229a8c34a8e4262\">Piazzale Lodi<\/li>\n<li data-list-item-id=\"ee35df3b3f4658f685e7912a85f0cd370\">Viale Umbria<\/li>\n<li data-list-item-id=\"e6a35aff152fe1686869ee6c035e0b541\">Viale Piceno<\/li>\n<li data-list-item-id=\"ea1d4dd3d6bed55a20f451e263522498c\">Piazzale Dateo<\/li>\n<li data-list-item-id=\"e25d101d6b4a57cbfef8e92cdc935efe4\">Viale dei Mille<\/li>\n<li data-list-item-id=\"ecef0577d8aece467731662191f0618fa\">Piazza Ascoli<\/li>\n<li data-list-item-id=\"ed3d9844c6947df0734a7e7dcb3424e5b\">Viale Abruzzi (fino a via Paisiello)<\/li>\n<li data-list-item-id=\"e0194245137484175e38b5b604bbba428\">Piazzale Loreto<\/li>\n<li data-list-item-id=\"ee143512434ba796d31882075f9636ce6\">Corso Buenos Aires<\/li>\n<li data-list-item-id=\"e909017ebcc4b0c4a0a8f48dc1647a882\">Piazza Oberdan<\/li>\n<li data-list-item-id=\"e938f1351d54429d49c7809bda19f82c4\">Corso Venezia (traguardo dopo via Palestro)<\/li>\n<li data-list-item-id=\"e46d918856ace0bd38a6e6ac75d058248\">Via San Damiano<\/li>\n<li data-list-item-id=\"e7ce5caef6a2b59eb21069472b2b82f53\">Via Visconti di Modrone<\/li>\n<li data-list-item-id=\"e0efba1aa908b6b00d79a28abc24cf47c\">Via Mascagni<\/li>\n<li data-list-item-id=\"e78dfeda58a005480d78881949d129fec\">Viale Bianca Maria<\/li>\n<li data-list-item-id=\"e66f80ad1d0315fc111c52a0f5b6cf6ae\">Piazza 5 Giornate<\/li>\n<li data-list-item-id=\"edb0a1442384555ef3ee186105e0fe3ee\">Viale Regina Margherita<\/li>\n<li data-list-item-id=\"e021f2431dbcb2a429c29bebbd6c28025\">Via Campi<\/li>\n<li data-list-item-id=\"e8a7b213aa043b1649bf7c69103153360\">Via Spartaco<\/li>\n<li data-list-item-id=\"e58be511034a49187b6ab435aa619048a\">Via Maestri Campionesi<\/li>\n<li data-list-item-id=\"ec94112b7b704bed9d8c2a6127d1b770f\">Viale Tibaldi<\/li>\n<li data-list-item-id=\"e47e56e9afa785324da6db414c4b9c14e\">Piazza Belfanti<\/li>\n<li data-list-item-id=\"e520fa8b2de3c72f40dd506ae0395e9af\">Viale Liguria<\/li>\n<\/ul>\n<p>Il programma e gli eventi in citt\u00e0<\/p>\n<p>La giornata di festa comincer\u00e0 per\u00f2 molto prima del passaggio dei professionisti:<\/p>\n<ul>\n<li data-list-item-id=\"e0e997f27d74f3288bfb54cea08a80e43\">Dalle 13.25 alle 14.25: sfileranno le biciclette a pedalata assistita del Giro-E Enel.<\/li>\n<li data-list-item-id=\"e48ef332f7b9d77fd9fe4795f39a4b426\">Alle 14.40: entrer\u00e0 in citt\u00e0 il coloratissimo serpentone della Carovana del Giro, atteso sul traguardo di corso Venezia per le 14.55 con musica, giochi e intrattenimento.<\/li>\n<li data-list-item-id=\"e9b1b536b3e5ae3c1c02e86606cf93016\">Dalle 13 alle 18.30: in via Marina sar\u00e0 aperto Giroland, il villaggio del Giro a ingresso libero dove adulti e bambini potranno ammirare cimeli storici, biciclette iconiche e il celebre Trofeo Senza Fine.eventi collaterali: il mito del Vigorelli e la Piscina Cozzi<\/li>\n<\/ul>\n<p>Il passaggio della Corsa Rosa sar\u00e0 l&#8217;occasione per celebrare il tempio del ciclismo milanese: il velodromo Maspes Vigorelli. Sulla sua leggendaria pista si sono appena concluse le gare giovanili del Trofeo Rosa Milanosport. Un&#8217;altra storica struttura comunale sar\u00e0 protagonista: la piscina Cozzi di viale Tunisia, che per l&#8217;occasione \u00e8 stata scelta per ospitare il blindatissimo &#8220;Quartier Tappa&#8221; dell&#8217;organizzazione.<\/p>\n<p>  &#13;<br \/>\n&#13;<br \/>\n  &lt;!?php if ( SF_DOMAIN == &#8216;citynews-bruxellestoday&#8217; || SF_DOMAIN == &#8216;citynews-cagliaritoday&#8217; || SF_DOMAIN == &#8216;citynews-sassaritoday&#8217; || SF_DOMAIN == &#8216;citynews-tarantotoday&#8217; || SF_DOMAIN == &#8216;citynews-viterbotoday&#8217; || SF_DOMAIN == &#8216;citynews-ferraratoday&#8217; ): ?&gt;&#13;<br \/>\n    &#13;<br \/>\n  &lt;!?php endif; ?&gt;&#13;<br \/>\n  &#13;<br \/>\n&#13;<br \/>\n        &#13;<br \/>\n        &#13;<\/p>\n","protected":false},"excerpt":{"rendered":"Il Giro d\u2019Italia torna a Milano domenica 24 maggio. E con il passaggio della 15esima tappa in citt\u00e0&hellip;\n","protected":false},"author":3,"featured_media":501892,"comment_status":"","ping_status":"","sticky":false,"template":"","format":"standard","meta":{"footnotes":"","_share_on_mastodon":"0"},"categories":[1456],"tags":[1824,1825,18191,4851,1537,90,89,245,244,15314],"class_list":["post-501891","post","type-post","status-publish","format-standard","has-post-thumbnail","category-ciclismo","tag-ciclismo","tag-cycling","tag-divieti","tag-giro-ditalia","tag-it","tag-italia","tag-italy","tag-sport","tag-sports","tag-strade-chiuse"],"share_on_mastodon":{"url":"https:\/\/pubeurope.com\/@it\/116614854573327902","error":""},"_links":{"self":[{"href":"https:\/\/www.europesays.com\/it\/wp-json\/wp\/v2\/posts\/501891","targetHints":{"allow":["GET"]}}],"collection":[{"href":"https:\/\/www.europesays.com\/it\/wp-json\/wp\/v2\/posts"}],"about":[{"href":"https:\/\/www.europesays.com\/it\/wp-json\/wp\/v2\/types\/post"}],"author":[{"embeddable":true,"href":"https:\/\/www.europesays.com\/it\/wp-json\/wp\/v2\/users\/3"}],"replies":[{"embeddable":true,"href":"https:\/\/www.europesays.com\/it\/wp-json\/wp\/v2\/comments?post=501891"}],"version-history":[{"count":0,"href":"https:\/\/www.europesays.com\/it\/wp-json\/wp\/v2\/posts\/501891\/revisions"}],"wp:featuredmedia":[{"embeddable":true,"href":"https:\/\/www.europesays.com\/it\/wp-json\/wp\/v2\/media\/501892"}],"wp:attachment":[{"href":"https:\/\/www.europesays.com\/it\/wp-json\/wp\/v2\/media?parent=501891"}],"wp:term":[{"taxonomy":"category","embeddable":true,"href":"https:\/\/www.europesays.com\/it\/wp-json\/wp\/v2\/categories?post=501891"},{"taxonomy":"post_tag","embeddable":true,"href":"https:\/\/www.europesays.com\/it\/wp-json\/wp\/v2\/tags?post=501891"}],"curies":[{"name":"wp","href":"https:\/\/api.w.org\/{rel}","templated":true}]}}