{"id":50214,"date":"2025-08-16T04:13:19","date_gmt":"2025-08-16T04:13:19","guid":{"rendered":"https:\/\/www.europesays.com\/it\/50214\/"},"modified":"2025-08-16T04:13:19","modified_gmt":"2025-08-16T04:13:19","slug":"mektoub-my-love-canto-due-la-recensione","status":"publish","type":"post","link":"https:\/\/www.europesays.com\/it\/50214\/","title":{"rendered":"Mektoub, My Love: Canto Due. La recensione"},"content":{"rendered":"<p>Amin non \u00e8 pi\u00f9 quel corpo imparziale che osserva da lontano e cos\u00ec fa anche il cinema di Kechiche che segue lo scorrere della vita ma che inizia anche a fare i conti con se stesso. LOCARNO 78 Concorso<\/p>\n<p>&#8212;&#8212;&#8212;&#8212;&#8212;&#8212;&#8212;&#8212;&#8212;-<br \/>\n<strong>LA SCUOLA DI DOCUMENTARIO di SENTIERI SELVAGGI<\/strong><\/p>\n<p><a href=\"https:\/\/www.scuolasentieriselvaggi.it\/scuola-di-documentario\/\" rel=\"nofollow noopener\" target=\"_blank\"><img decoding=\"async\" src=\"https:\/\/www.europesays.com\/it\/wp-content\/uploads\/2025\/08\/Scuola-di-Documentario-3.png\"\/><\/a><br \/>&#8212;&#8212;&#8212;&#8212;&#8212;&#8212;&#8212;&#8212;&#8212;-<\/p>\n<p style=\"font-weight: 400; text-align: justify;\">Dove eravamo rimasti?<\/p>\n<p style=\"font-weight: 400; text-align: justify;\">S\u00ec, perch\u00e9 la luce sul cinema di Abdellatif Kechiche si era spenta (sembrava definitivamente) nel maggio del 2019. Eravamo a Cannes e <a href=\"https:\/\/www.sentieriselvaggi.it\/cannes2019-mektoub-my-love-intermezzo\/\" rel=\"nofollow noopener\" target=\"_blank\">Mektoub, My Love: Intermezzo <\/a>raccoglieva, fin dalle primissime proiezioni, le reazioni ipercritiche di pubblico e stampa. Poi le arcinote <a href=\"https:\/\/www.sentieriselvaggi.it\/cannes2019-mektoub-my-love-intermezzo-incontro-con-abdellatif-kechiche\/\" rel=\"nofollow noopener\" target=\"_blank\">polemiche extra schermo con l\u2019attrice protagonista Oph\u00e9lie Bau<\/a>, fino ad arrivare al fallimento della casa produttrice del film. Da quel momento il buio pi\u00f9 totale. Il secondo capitolo che sparisce dalla circolazione e la carriera di Kechiche che sembra cadere inesorabilmente nel dimenticatoio. Poi, lo scorso 8 luglio, la notizia inaspettata: Mektoub, My Love: Canto Due, terzo e ultimo capitolo del progetto, <a href=\"https:\/\/www.sentieriselvaggi.it\/mektoub-my-love-canto-uno-di-abdellatif-kechiche\/\" rel=\"nofollow noopener\" target=\"_blank\">iniziato nel 2017<\/a>, Mektoub, My Love, tratto dal romanzo La blessure, la vraie di Fran\u00e7ois B\u00e9gaudeau, prender\u00e0 parte al concorso del Festival di Locarno.<\/p>\n<p>&#8212;&#8212;&#8212;&#8212;&#8212;&#8212;&#8212;&#8212;&#8212;&#8212;&#8212;&#8212;&#8212;&#8212;&#8212;&#8212;&#8212;&#8212;&#8212;&#8212;&#8212;&#8211;<br \/>\n<strong>PROFESSIONE CINEMA, un workshop gratuito a Roma il 13\/14 settembre<\/strong><br \/>\n<a href=\"https:\/\/www.scuolasentieriselvaggi.it\/altri-corsi\/corsi-di-orientamento\/professione-cinema\/\" rel=\"nofollow noopener\" target=\"_blank\"><img decoding=\"async\" src=\"https:\/\/www.europesays.com\/it\/wp-content\/uploads\/2025\/08\/a-scuola-di-cinema-Post-Instagram-Quadrato-1.png\"\/><\/a><br \/>\n&#8212;&#8212;&#8212;&#8212;&#8212;&#8212;&#8212;&#8212;&#8212;&#8212;&#8212;&#8212;&#8212;&#8212;&#8212;&#8212;-<\/p>\n<p style=\"font-weight: 400; text-align: justify;\">Da quel momento \u00e8 inevitabilmente cresciuta l\u2019attesa e la curiosit\u00e0 nei confronti dell\u2019epilogo di questa trilogia, che segna anche il ritorno al cinema da parte di uno dei registi pi\u00f9 discussi delle ultime decadi. Piaccia o non piaccia, Mektoub, My Love: Canto Due \u00e8, quindi, un\u2019opera ontologicamente importante, l\u2019apice conclusivo di una trilogia che rappresenta il lavoro della vita per cui il regista francese-tunisino ha buttato il cuore oltre l\u2019ostacolo.<\/p>\n<p style=\"font-weight: 400; text-align: justify;\">Se il precedente titolo si inseriva a gamba tesa sulla narrazione principale come intermezzo sperimentale, per certi versi, totalmente respingente (citando la recensione di Simone Emiliani), il Canto Due riposiziona il focus sulla successione di eventi nella finestra estiva della vita del protagonista Amin (Sha\u00efn Boumedine), che forse mai come in questo capitolo diventa l\u2019alter-ego definitivo di Kechiche. In questo senso, il terzo capitolo della trilogia si pone come controcampo ideale della narrazione di Intermezzo, rileggendo i fatti da un\u2019altra prospettiva, forse onirica.<\/p>\n<p>&#8212;&#8212;&#8212;&#8212;&#8212;&#8212;&#8212;&#8212;&#8212;&#8212;&#8212;&#8212;&#8212;&#8212;&#8212;&#8212;&#8212;&#8212;&#8212;&#8212;&#8212;&#8211;<br \/>\n<strong>SCUOLA DI CINEMA SENTIERI SELVAGGI, scarica la Guida della Triennale 2025\/2026<\/strong><\/p>\n<p><a href=\"https:\/\/www.sentieriselvaggi.it\/?sdm_process_download=1&amp;download_id=1197748\" rel=\"nofollow noopener\" target=\"_blank\"><img decoding=\"async\" src=\"https:\/\/www.europesays.com\/it\/wp-content\/uploads\/2025\/08\/1755317598_801_Scuola-di-Cinema-Triennale-2025-2026-1.jpg\"\/><\/a><br \/>&#8212;&#8212;&#8212;&#8212;&#8212;&#8212;&#8212;&#8212;&#8212;&#8212;&#8212;&#8212;&#8212;&#8212;&#8212;&#8212;&#8212;&#8212;&#8212;&#8212;&#8212;&#8211;<\/p>\n<p style=\"font-weight: 400; text-align: justify;\">Siamo sempre nel 1994 a S\u00e8te, nel sud della Francia, questa volta a settembre. La narrazione riprende da dove l\u2019avevamo lasciata. Oph\u00e9lie \u00e8 incinta di Tony, il cugino di Amin, e ha programmato con quest\u2019ultimo di andare a Parigi per abortire. Bisogna fare presto, prima che ritorni il suo promesso sposo, un militare in missione di pace. Intanto, per puro caso, un importante produttore americano in vacanza si interessa alla sceneggiatura di Amin, un film di fantascienza che racconta l\u2019amore tra due umanoidi (alzi la mano chi ha pensato a <a href=\"https:\/\/www.sentieriselvaggi.it\/blade-runner-di-ridley-scott\/\" rel=\"nofollow noopener\" target=\"_blank\">Blade Runner<\/a>), dal titolo I princ\u00ecpi essenziali dell\u2019esistenza universale. L\u2019uomo \u00e8 deciso a scritturare il ragazzo ma cerca di convincerlo a cambiare il titolo \u201ctroppo lungo per Hollywood\u201d, e far interpretare il ruolo della protagonista a sua moglie Jess. Insomma, la neonata creatura dell\u2019aspirante regista sembra gi\u00e0 potergli scivolare dalle mani. Fare cinema, forse, non \u00e8 quel sogno ad occhi aperti a cui Amin ha sempre aspirato.<\/p>\n<p><a href=\"https:\/\/i0.wp.com\/www.sentieriselvaggi.it\/wp-content\/uploads\/2025\/08\/Mektoub-My-Love-Canto-Due.jpg?ssl=1\" rel=\"nofollow noopener\" target=\"_blank\"><img loading=\"lazy\" data-recalc-dims=\"1\" decoding=\"async\" data-attachment-id=\"1204874\" data-permalink=\"https:\/\/www.sentieriselvaggi.it\/mektoub-my-love-canto-due-di-abdellatif-kechiche\/mektoub-my-love-canto-due\/\" data-orig-file=\"https:\/\/i0.wp.com\/www.sentieriselvaggi.it\/wp-content\/uploads\/2025\/08\/Mektoub-My-Love-Canto-Due.jpg?fit=1200%2C675&amp;ssl=1\" data-orig-size=\"1200,675\" data-comments-opened=\"0\" data-image-meta=\"{&quot;aperture&quot;:&quot;0&quot;,&quot;credit&quot;:&quot;&quot;,&quot;camera&quot;:&quot;&quot;,&quot;caption&quot;:&quot;&quot;,&quot;created_timestamp&quot;:&quot;0&quot;,&quot;copyright&quot;:&quot;&quot;,&quot;focal_length&quot;:&quot;0&quot;,&quot;iso&quot;:&quot;0&quot;,&quot;shutter_speed&quot;:&quot;0&quot;,&quot;title&quot;:&quot;&quot;,&quot;orientation&quot;:&quot;1&quot;}\" data-image-title=\"Mektoub My Love Canto Due\" data-image-description=\"\" data-image-caption=\"\" data-medium-file=\"https:\/\/i0.wp.com\/www.sentieriselvaggi.it\/wp-content\/uploads\/2025\/08\/Mektoub-My-Love-Canto-Due.jpg?fit=300%2C169&amp;ssl=1\" data-large-file=\"https:\/\/i0.wp.com\/www.sentieriselvaggi.it\/wp-content\/uploads\/2025\/08\/Mektoub-My-Love-Canto-Due.jpg?fit=860%2C484&amp;ssl=1\" class=\"aligncenter size-full wp-image-1204874\" src=\"https:\/\/www.europesays.com\/it\/wp-content\/uploads\/2025\/08\/Mektoub-My-Love-Canto-Due.jpg\" alt=\"\" width=\"860\" height=\"484\"  \/><\/a><\/p>\n<p>&#8212;&#8212;&#8212;&#8212;&#8212;&#8212;&#8212;&#8212;&#8212;&#8212;&#8212;&#8212;&#8212;&#8212;&#8212;&#8212;&#8212;&#8212;&#8212;&#8212;&#8212;&#8211;<br \/>\n<strong>Script Supervisor: la memoria del set, corso online dal 2 settembre!<\/strong><br \/>\n<a href=\"https:\/\/www.scuolasentieriselvaggi.it\/script-supervisor-la-memoria-del-set\/\" rel=\"nofollow noopener\" target=\"_blank\"><img decoding=\"async\" src=\"https:\/\/www.europesays.com\/it\/wp-content\/uploads\/2025\/08\/script-supervisor-600-x-450-px-1.png\"\/><\/a><br \/>\n&#8212;&#8212;&#8212;&#8212;&#8212;&#8212;&#8212;&#8212;&#8212;&#8212;&#8212;&#8212;&#8212;&#8212;&#8212;&#8212;&#8212;&#8212;&#8212;&#8212;&#8212;&#8211;<\/p>\n<p style=\"font-weight: 400; text-align: justify;\">\u201cHo iniziato a fare cinema perch\u00e9 volevo imbarcarmi in una nuova avventura ma ho scoperto che c\u2019\u00e8 nessuna avventura nel fare cinema\u201d, confida amara la consumata star di Hollywood Jess ad Amin in un momento di debolezza.<\/p>\n<p style=\"font-weight: 400; text-align: justify;\">C\u2019\u00e8 un\u2019amarezza di fondo nascosta tra le pieghe di questo secondo canto in cui lo sguardo di Kechiche si fa ancora sentire, soprattutto nella prima parte. Ma poi, col passare dei minuti, sembra rivolgersi verso il suo protagonista, o meglio, verso se stesso. Amin non \u00e8 pi\u00f9 quel corpo imparziale che osserva gli altri da lontano ma diventa lui stesso parte integrante del racconto, decidendo finalmente di irrompere sulla scena, sporcandosi le mani nella rocambolesca sequenza finale in cui \u00e8 il suo intervento ad innescare l\u2019azione.<\/p>\n<p style=\"font-weight: 400; text-align: justify;\">Ecco che, come il protagonista del proprio racconto, anche il cinema di Kechiche, sempre filologicamente coerente a se stesso, inizia a raccontarsi, a fare i conti con se stesso, sparigliando le carte in tavola della narrazione, senza autocompiacersi ma parlando di cinema, dell\u2019amore\/odio nel farlo, il cinema. E allora si cita Bergman, ma anche Scorsese e la sequenza del suo <a href=\"https:\/\/www.sentieriselvaggi.it\/toro-scatenato-di-martin-scorsese\/\" rel=\"nofollow noopener\" target=\"_blank\">Toro scatenato<\/a> in cui De Niro si fa colpire ripetutamente da Joe Pesci (a proposito di autolesionismo cinematografico).<\/p>\n<p style=\"font-weight: 400; text-align: justify;\">No, questa volta non c\u2019\u00e8 una sequenza che cannibalizza lo sguardo dello spettatore come nel precedente intermezzo. C\u2019\u00e8 solo un ragazzo che corre, corre a perdifiato come Antoine Doinel, lontano dal caos, lontano dai guai, lontano dall\u2019inferno della realt\u00e0.<\/p>\n<p>\t\t\t\tLa valutazione del film di Sentieri Selvaggi<\/p>\n<p>\n\t\t\t\t\tIl voto dei lettori<\/p>\n<p>\t\t\t\t\t\t3.6<br \/>\n\t\t\t\t\t\t(5 voti)<\/p>\n<p>&#8212;&#8212;&#8212;&#8212;&#8212;&#8212;&#8212;&#8212;&#8212;-<br \/>\n<strong>BORSE DI STUDIO per LAUREATI DAMS e Universit\u00e0 similari per la Scuola di Cinema Sentieri selvaggi<\/strong><br \/>\n<a href=\"https:\/\/www.scuolasentieriselvaggi.it\/home\/borse-di-studio-laureati-dams\" rel=\"nofollow noopener\" target=\"_blank\"><img decoding=\"async\" src=\"https:\/\/www.europesays.com\/it\/wp-content\/uploads\/2025\/08\/1755317599_190_Offerte-laureati-Dams-600-\u00d7-450-px-600-x-450-px-1080-x-1080-px.png\"\/><\/a><br \/>\n&#8212;&#8212;&#8212;&#8212;&#8212;&#8212;&#8212;&#8212;&#8212;-<\/p>\n","protected":false},"excerpt":{"rendered":"Amin non \u00e8 pi\u00f9 quel corpo imparziale che osserva da lontano e cos\u00ec fa anche il cinema di&hellip;\n","protected":false},"author":3,"featured_media":50215,"comment_status":"","ping_status":"","sticky":false,"template":"","format":"standard","meta":{"footnotes":""},"categories":[1442],"tags":[203,454,204,1537,90,89,1521],"class_list":{"0":"post-50214","1":"post","2":"type-post","3":"status-publish","4":"format-standard","5":"has-post-thumbnail","7":"category-film","8":"tag-entertainment","9":"tag-film","10":"tag-intrattenimento","11":"tag-it","12":"tag-italia","13":"tag-italy","14":"tag-movies"},"share_on_mastodon":{"url":"","error":""},"_links":{"self":[{"href":"https:\/\/www.europesays.com\/it\/wp-json\/wp\/v2\/posts\/50214","targetHints":{"allow":["GET"]}}],"collection":[{"href":"https:\/\/www.europesays.com\/it\/wp-json\/wp\/v2\/posts"}],"about":[{"href":"https:\/\/www.europesays.com\/it\/wp-json\/wp\/v2\/types\/post"}],"author":[{"embeddable":true,"href":"https:\/\/www.europesays.com\/it\/wp-json\/wp\/v2\/users\/3"}],"replies":[{"embeddable":true,"href":"https:\/\/www.europesays.com\/it\/wp-json\/wp\/v2\/comments?post=50214"}],"version-history":[{"count":0,"href":"https:\/\/www.europesays.com\/it\/wp-json\/wp\/v2\/posts\/50214\/revisions"}],"wp:featuredmedia":[{"embeddable":true,"href":"https:\/\/www.europesays.com\/it\/wp-json\/wp\/v2\/media\/50215"}],"wp:attachment":[{"href":"https:\/\/www.europesays.com\/it\/wp-json\/wp\/v2\/media?parent=50214"}],"wp:term":[{"taxonomy":"category","embeddable":true,"href":"https:\/\/www.europesays.com\/it\/wp-json\/wp\/v2\/categories?post=50214"},{"taxonomy":"post_tag","embeddable":true,"href":"https:\/\/www.europesays.com\/it\/wp-json\/wp\/v2\/tags?post=50214"}],"curies":[{"name":"wp","href":"https:\/\/api.w.org\/{rel}","templated":true}]}}