{"id":502265,"date":"2026-05-22T03:42:17","date_gmt":"2026-05-22T03:42:17","guid":{"rendered":"https:\/\/www.europesays.com\/it\/502265\/"},"modified":"2026-05-22T03:42:17","modified_gmt":"2026-05-22T03:42:17","slug":"finale-de-il-paradiso-delle-signore-come-si-chiude-la-decima-stagione-e-cosa-cambia-nel-daytime-di-rai-1-2","status":"publish","type":"post","link":"https:\/\/www.europesays.com\/it\/502265\/","title":{"rendered":"Finale de Il Paradiso delle Signore: come si chiude la decima stagione e cosa cambia nel daytime di Rai 1"},"content":{"rendered":"<p>            Come cambia la programmazione di Rai 1 <\/p>\n<p>La chiusura stagionale de <strong><a href=\"https:\/\/www.ilmattino.it\/t\/il-paradiso-delle-signore\" rel=\"nofollow noopener\" target=\"_blank\">Il Paradiso delle Signore<\/a><\/strong> lascia libero uno spazio importante nel pomeriggio di Rai 1. La soap, negli anni, ha costruito un pubblico molto fedele, diventando uno dei punti di riferimento della fascia daytime. Per questo il cambio di programmazione \u00e8 significativo: non si tratta solo dello stop di una serie, ma della riorganizzazione di una parte centrale del pomeriggio della rete. Secondo quanto emerso, inizialmente era stata valutata l\u2019ipotesi di mandare in onda le repliche di Capri, fiction molto amata dal pubblico Rai. Alla fine, per\u00f2, la scelta \u00e8 andata verso un rafforzamento dei programmi gi\u00e0 presenti in palinsesto e dei volti principali del pomeriggio della rete: <a href=\"https:\/\/www.ilmattino.it\/t\/caterina-balivo\" rel=\"nofollow noopener\" target=\"_blank\">Caterina Balivo<\/a> e <a href=\"https:\/\/www.ilmattino.it\/t\/alberto-matano\" rel=\"nofollow noopener\" target=\"_blank\">Alberto Matano<\/a>. Nel concreto, dopo la diretta de La Volta Buona sar\u00e0 inserito un segmento extra con alcuni momenti salienti della stagione e le interviste pi\u00f9 riuscite del programma. La Vita in Diretta, invece, anticiper\u00e0 ulteriormente il suo inizio, con la partenza fissata alle 16:45. Resta confermato anche lo spazio del <a href=\"https:\/\/www.ilmattino.it\/t\/tg1\" rel=\"nofollow noopener\" target=\"_blank\">Tg1<\/a>, previsto alle 16:30 per circa mezz\u2019ora. Discorso diverso per luned\u00ec 25 maggio, quando il palinsesto prevede uno speciale del telegiornale dedicato alle elezioni comunali del 24 e 25 maggio. Da quel momento, quindi, il pubblico dovr\u00e0 abituarsi a un pomeriggio senza il grande magazzino milanese, almeno fino al ritorno della nuova stagione.<\/p>\n","protected":false},"excerpt":{"rendered":"Come cambia la programmazione di Rai 1 La chiusura stagionale de Il Paradiso delle Signore lascia libero uno&hellip;\n","protected":false},"author":3,"featured_media":501325,"comment_status":"","ping_status":"","sticky":false,"template":"","format":"standard","meta":{"footnotes":"","_share_on_mastodon":"0"},"categories":[1444],"tags":[10359,1518,39049,203,65316,204,1537,90,89,2848,3501,64986,253],"class_list":["post-502265","post","type-post","status-publish","format-standard","has-post-thumbnail","category-tv","tag-alberto-matano","tag-anticipazioni","tag-caterina-balivo","tag-entertainment","tag-il-paradiso-delle-signore","tag-intrattenimento","tag-it","tag-italia","tag-italy","tag-rai","tag-rai-1","tag-tg1","tag-tv"],"share_on_mastodon":{"url":"https:\/\/pubeurope.com\/@it\/116616163836222351","error":""},"_links":{"self":[{"href":"https:\/\/www.europesays.com\/it\/wp-json\/wp\/v2\/posts\/502265","targetHints":{"allow":["GET"]}}],"collection":[{"href":"https:\/\/www.europesays.com\/it\/wp-json\/wp\/v2\/posts"}],"about":[{"href":"https:\/\/www.europesays.com\/it\/wp-json\/wp\/v2\/types\/post"}],"author":[{"embeddable":true,"href":"https:\/\/www.europesays.com\/it\/wp-json\/wp\/v2\/users\/3"}],"replies":[{"embeddable":true,"href":"https:\/\/www.europesays.com\/it\/wp-json\/wp\/v2\/comments?post=502265"}],"version-history":[{"count":0,"href":"https:\/\/www.europesays.com\/it\/wp-json\/wp\/v2\/posts\/502265\/revisions"}],"wp:featuredmedia":[{"embeddable":true,"href":"https:\/\/www.europesays.com\/it\/wp-json\/wp\/v2\/media\/501325"}],"wp:attachment":[{"href":"https:\/\/www.europesays.com\/it\/wp-json\/wp\/v2\/media?parent=502265"}],"wp:term":[{"taxonomy":"category","embeddable":true,"href":"https:\/\/www.europesays.com\/it\/wp-json\/wp\/v2\/categories?post=502265"},{"taxonomy":"post_tag","embeddable":true,"href":"https:\/\/www.europesays.com\/it\/wp-json\/wp\/v2\/tags?post=502265"}],"curies":[{"name":"wp","href":"https:\/\/api.w.org\/{rel}","templated":true}]}}