{"id":502289,"date":"2026-05-22T04:10:10","date_gmt":"2026-05-22T04:10:10","guid":{"rendered":"https:\/\/www.europesays.com\/it\/502289\/"},"modified":"2026-05-22T04:10:10","modified_gmt":"2026-05-22T04:10:10","slug":"pacifica-al-vidia-indie-rock-dallargentina","status":"publish","type":"post","link":"https:\/\/www.europesays.com\/it\/502289\/","title":{"rendered":"Pacifica al Vidia, indie rock dall\u2019Argentina"},"content":{"rendered":"<p>Dalle cover degli Strokes in cameretta, fino al successo mondiale. Domani sera al Vidia club arrivano le \u2018Pacifica\u2019, duo indie rock argentino formato da In\u00e9s Adam e Martina Nintzel. Sul palco dello storico locale di San Vittore le due musiciste-influencer porteranno i brani dell\u2019ultimo disco \u2018In your face\u2019, che segna una nuova direzione per la band di Buenos Aires, che sui social vanta mezzo milione di followers su Instagram e oltre 300mila iscritti al loro canale Youtube. Difatti, le due musiciste si sono fatte conoscere proprio grazie al web pubblicando su Youtube cover di brani rock degli anni duemila, in particolare degli Strokes, diventati poi loro grandi fan. Le Pacifica hanno fin da subito conquistato un pubblico giovanissimo attraverso i social, dando nuovo lustro a brani che i ragazzi della generazione Z non conoscevano per limiti anagrafici. \u00c8 proprio grazie a quella dimensione digitale, autentica e partecipata, che le due ragazze si sono conosciute: in apparenza sembrano amiche di lunga data, quando in realt\u00e0 si sono incontrate per la prima volta solo nel gennaio 2021, grazie al suggerimento di un follower in comune, che propose loro di esibirsi assieme in una cover. &#8220;Ci siamo incontrate su Instagram \u2013 raccontano le Pacifica \u2013 grazie alle nostre pasisoni in comune. Abbiamo poi cominciato a fare cover di band come Strokes, Talking Heads, Cranberries e Radiohead, filmandoci nei posti pi\u00f9 strani. Anche se non \u00e8 pi\u00f9 popolare come un tempo abbiamo un rapporto speciale con la musica rock, fa parte della nostra essenza e di quella della nostra nazione&#8221;. Da l\u00ec prende il via la carriera della band, che nel settembre 2023 pubblica il proprio album di debutto, \u2018Freak scene\u2019, che ha riscosso grande successo di pubblico e critica, anche grazie al successo del singolo \u2018Premature rejection\u2019, che con il suo video amatoriale ha raggiunto le vette delle classifiche indie rock internazionali. L\u2019anno successivo la band si \u00e8 imbarcata in un lungo ed energico tour tra America ed Europa. Fra le altre cose, si sono esibite sul palco del prestigioso festival \u2018Primavera Sound\u2019 e hanno aperto il concerto dei \u2018Maneskin\u2019 a Buenos Aires, consolidando il proprio status come nuove promesse della scena rock internazionale. Nell\u2019ottobre dello scorso anno arriva, appunto, il secondo album \u2018In your face\u2019, un viaggio introspettivo che attraversa temi come il tradimento, il desiderio, il rancore, l\u2019immaturit\u00e0 e il rimorso con il tocco di ironia e leggerezza tipico delle nuove generazioni. In occasione della data cesenate, in apertura al concerto si esibir\u00e0 la band punk rock romagnola \u2018Lilians\u2019, freschi di pubblicazione del nuovo singolo \u2018Dwayne Johnson\u2019. I biglietti per il concerto sono in vendita sui i siti di Ticketmaster, Ticketone e presso il Vidia. <\/p>\n<p>Filippo Aletti<\/p>\n","protected":false},"excerpt":{"rendered":"Dalle cover degli Strokes in cameretta, fino al successo mondiale. Domani sera al Vidia club arrivano le \u2018Pacifica\u2019,&hellip;\n","protected":false},"author":3,"featured_media":502290,"comment_status":"","ping_status":"","sticky":false,"template":"","format":"standard","meta":{"footnotes":"","_share_on_mastodon":"0"},"categories":[1443],"tags":[2648,203,52641,204,1537,90,89,1538,1539,70642,1563,278377],"class_list":["post-502289","post","type-post","status-publish","format-standard","has-post-thumbnail","category-musica","tag-argentina","tag-entertainment","tag-indie","tag-intrattenimento","tag-it","tag-italia","tag-italy","tag-music","tag-musica","tag-pacifica","tag-rock","tag-vidia"],"share_on_mastodon":{"url":"https:\/\/pubeurope.com\/@it\/116616273950708589","error":""},"_links":{"self":[{"href":"https:\/\/www.europesays.com\/it\/wp-json\/wp\/v2\/posts\/502289","targetHints":{"allow":["GET"]}}],"collection":[{"href":"https:\/\/www.europesays.com\/it\/wp-json\/wp\/v2\/posts"}],"about":[{"href":"https:\/\/www.europesays.com\/it\/wp-json\/wp\/v2\/types\/post"}],"author":[{"embeddable":true,"href":"https:\/\/www.europesays.com\/it\/wp-json\/wp\/v2\/users\/3"}],"replies":[{"embeddable":true,"href":"https:\/\/www.europesays.com\/it\/wp-json\/wp\/v2\/comments?post=502289"}],"version-history":[{"count":0,"href":"https:\/\/www.europesays.com\/it\/wp-json\/wp\/v2\/posts\/502289\/revisions"}],"wp:featuredmedia":[{"embeddable":true,"href":"https:\/\/www.europesays.com\/it\/wp-json\/wp\/v2\/media\/502290"}],"wp:attachment":[{"href":"https:\/\/www.europesays.com\/it\/wp-json\/wp\/v2\/media?parent=502289"}],"wp:term":[{"taxonomy":"category","embeddable":true,"href":"https:\/\/www.europesays.com\/it\/wp-json\/wp\/v2\/categories?post=502289"},{"taxonomy":"post_tag","embeddable":true,"href":"https:\/\/www.europesays.com\/it\/wp-json\/wp\/v2\/tags?post=502289"}],"curies":[{"name":"wp","href":"https:\/\/api.w.org\/{rel}","templated":true}]}}