{"id":502293,"date":"2026-05-22T04:13:16","date_gmt":"2026-05-22T04:13:16","guid":{"rendered":"https:\/\/www.europesays.com\/it\/502293\/"},"modified":"2026-05-22T04:13:16","modified_gmt":"2026-05-22T04:13:16","slug":"adolescenti-prevenzione-hiv-ed-educazione-sessuale-insufficiente-lutilizzo-del-preservativo-e-della-prep","status":"publish","type":"post","link":"https:\/\/www.europesays.com\/it\/502293\/","title":{"rendered":"Adolescenti, prevenzione Hiv ed educazione sessuale: \u00abInsufficiente l&#8217;utilizzo del preservativo e della PrEP\u00bb"},"content":{"rendered":"<p>    di<br \/>\n    M.G.F.<\/p>\n<p class=\"summary-art is--xlarge is-mr-b-25\">Le nuove diagnosi di Hiv sono stabili nonostante l&#8217;incremento della profilassi pre-esposizione. Perno (copresidente Congresso ICAR, in corso a Catania): \u00abChi contrae l\u2019infezione in giovane et\u00e0 dovr\u00e0 conviverci per tutta la vita. Ecco perch\u00e9 evitare che i ragazzi si infettino\u00bb<\/p>\n<p class=\"chapter-paragraph\">Sono stabili le <b>nuove diagnosi<\/b> di <a href=\"https:\/\/www.corriere.it\/salute\/dizionario\/hiv\/\" rel=\"nofollow noopener\" target=\"_blank\">HIV<\/a> (virus dell\u2019immunodeficienza umana) che, secondo gli ultimi <a href=\"https:\/\/www.iss.it\/documents\/20126\/0\/COA+2025+corretto+12-11+ultima+versione.pdf\/206f7a09-d502-fc67-5d0c-d215eed9beb8?t=1763630962952\" rel=\"nofollow noreferrer noopener\" target=\"_blank\">dati diffusi dall\u2019Istituto Superiore di Sanit\u00e0<\/a>\u00a0(ISS) relativi al 2024, sono state <b>2.379<\/b>, pari a quattro nuovi casi per 100mila residenti. Ma quest\u00a0<b>non \u00e8 una buona notizia<\/b>, secondo gli esperti dell\u2019Italian Conference on AIDS and Antiviral Research (ICAR), riuniti a Catania per la 18\u00aa edizione di quest&#8217;appuntamento della comunit\u00e0 scientifica nazionale di riferimento per HIV-AIDS, epatiti, infezioni sessualmente trasmesse (IST) e virus emergenti, organizzato sotto l\u2019egida della Societ\u00e0 Italiana di Malattie Infettive e Tropicali (SIMIT), insieme alle principali Societ\u00e0 scientifiche di area infettivologica e virologica.\u00a0 \u00a0 \u00a0\u00a0<\/p>\n<p>    Come evitare di contagiarsi<\/p>\n<p class=\"chapter-paragraph\">Spiega la presidente di SIMIT, Cristina Mussini:\u00a0\u00abI dati dell\u2019ISS sulle nuove infezioni diagnosticate in Italia negli ultimi anni sono <b>purtroppo stabili, nonostante l\u2019incremento della Prep <\/b>(profilassi pre-esposizione, cio\u00e8 l\u2019uso di farmaci antiretrovirali in persone HIV-negative ndr). Questo dimostra che <b>si \u00e8 abbassata la percezione del rischio da parte della popolazione<\/b>: se ne parla poco e la malattia non fa pi\u00f9 paura. Anche se, grazie ai progressi della medicina si \u00e8 riusciti a cronicizzare l\u2019infezione, \u00e8 bene <b>evitare di contagiarsi\u00bb<\/b>.\u00a0<br \/>Secondo il rapporto dell&#8217;Istituto Superiore di Sanit\u00e0, dal 2012 il numero pi\u00f9 elevato di diagnosi \u00e8 attribuibile alla trasmissione sessuale.\u00a0<br \/>Va ribadito che l\u2019uso corretto del <b>preservativo <\/b><b>protegge <\/b><b>dall\u2019infezione da Hiv<\/b> (e da altre); per\u00a0<b>evitare la trasmissione dell\u2019infezione per via ematica<\/b>,\u00a0poi, non bisogna usare siringhe e aghi in comune;\u00a0inoltre, occorre fare\u00a0attenzione che\u00a0gli aghi utilizzati per iniezioni, tatuaggi, piercing\u00a0siano monouso.\u00a0\u00a0<br \/>\u00abC&#8217;\u00e8 molto bisogno di fare prevenzione e l\u2019<b>educazione sessuale nelle scuole <\/b>\u00e8 importante <b>contro tutte le malattie sessualmente trasmesse<\/b>, che sono<b> in aumento, in particolare fra i giovani\u00a0<\/b>\u2013 ripete una volta di pi\u00f9 la dottoressa Mussini, che \u00e8 anche direttrice della Clinica di malattie infettive dell&#8217;Azienda Ospedaliera Universitaria di Modena \u2013 . Bisogna ribadire che rapporti sessuali non protetti espongono al rischio di contrarre l\u2019Hiv e altre malattie sessualmente trasmesse\u00a0\u00bb.    &#13;<br \/>\n&#13;<br \/>\n&#13;<br \/>\n&#13;<br \/>\n&#13;<br \/>\n&#13;<br \/>\n&#13;<br \/>\n&#13;<br \/>\n&#13;<br \/>\n&#13;<br \/>\n&#13;<br \/>\n&#13;<br \/>\n&#13;<br \/>\n&#13;<br \/>\n&#13;<br \/>\n&#13;<br \/>\n&#13;<br \/>\n&#13;<br \/>\n&#13;<br \/>\n&#13;<br \/>\n&#13;<br \/>\n&#13;<br \/>\n&#13;<br \/>\n&#13;<br \/>\n&#13;<br \/>\n&#13;<br \/>\n&#13;<br \/>\n&#13;<br \/>\n&#13;<br \/>\n&#13;<br \/>\n&#13;<br \/>\n&#13;<br \/>\n&#13;<br \/>\n&#13;<br \/>\n&#13;<br \/>\n&#13;<br \/>\n&#13;<br \/>\n&#13;<br \/>\n&#13;<br \/>\n&#13;<br \/>\n&#13;<br \/>\n&#13;<br \/>\n&#13;<br \/>\n&#13;<br \/>\n&#13;<br \/>\n&#13;<br \/>\n&#13;<br \/>\n&#13;<br \/>\n&#13;<br \/>\n&#13;<br \/>\n&#13;<br \/>\n&#13;<br \/>\n&#13;\n<\/p>\n<p>    Scarsa protezione tra i pi\u00f9 giovani<\/p>\n<p class=\"chapter-paragraph\">Aggiunge il\u00a0copresidente del Congresso ICAR, Carlo Federico Perno, responsabile dell\u2019Unit\u00e0 di microbiologia e diagnostica di Immunologia all\u2019Ospedale Pediatrico Bambino Ges\u00f9 di Roma:\u00a0\u00abL\u2019<b>attivit\u00e0 sessuale precoce<\/b>, non solo in Italia ma in molti Paesi, \u00e8 spesso accompagnata da uno <b>scarso uso di protezioni<\/b>. Ma l&#8217;<b>utilizzo del preservativo e <\/b>della <b>profilassi pre-esposizione (PrEP) <\/b>\u00e8 ancora<b> insufficiente tra gli adolescenti<\/b>. \u00c8 quindi fondamentale intervenire anche sul piano sociale, concentrando l\u2019attenzione su questa fascia di popolazione \u2013 suggerisce il dottor Perno \u2013. Chi contrae l\u2019infezione in giovane et\u00e0, per esempio a 14 anni, dovr\u00e0 conviverci per tutta la vita; ecco perch\u00e9 dobbiamo evitare che le persone si infettino, poich\u00e9 possiamo curarle ma non guarirle. La prevenzione vale sempre pi\u00f9 della cura\u00bb.\u00a0<\/p>\n<p>    Carente l&#8217;educazione sessuale e affettiva nelle scuole\u00a0<\/p>\n<p class=\"chapter-paragraph\">Secondo Ilenia Pennini, copresidente del Congresso ICAR e responsabile nazionale dell\u2019area Salute di Arcigay:\u00a0\u00ab<b>Manca un&#8217;adeguata educazione sessuo-affettiva<\/b>. Da anni si lavora per promuoverla nelle scuole, anche attraverso attivit\u00e0 promosse da ICAR. Tuttavia, le possibilit\u00e0 di intervenire in questi contesti stanno diminuendo e la &#8220;Legge Valditara&#8221; rischia di limitare ulteriormente queste attivit\u00e0. Il consenso informato rappresenta un ulteriore ostacolo\u00bb. Anche perch\u00e9 pu\u00f2 capitare che i genitori non diano il  consenso, quindi, spiega Pennini, \u00abil ragazzo pu\u00f2 trovarsi escluso dalla possibilit\u00e0 di partecipare a iniziative di informazione, di accedere a test e a strumenti di prevenzione. In questo modo si rischia di non raggiungere proprio le persone che ne avrebbero pi\u00f9 bisogno. C&#8217;\u00e8 poi anche problema pratico: l&#8217;<b>aumento del costo dei preservativi<\/b>, strumento di prevenzione fondamentale, che <b>dovrebbero essere distribuiti gratuitamente<\/b> anzich\u00e9 diventare un investimento a carico dei singoli\u00bb.\u00a0<\/p>\n<p>    Test HIV e minori\u00a0<\/p>\n<p class=\"chapter-paragraph\"><a href=\"\"> <\/a>Il <b>test per l\u2019Hiv <\/b>\u00e8 l\u2019<b>unico modo per <\/b><b>rilevare l\u2019infezione se si \u00e8 avuto un comportamento a rischio<\/b>. <b>Gratuito e anonimo<\/b>, si esegue nella maggior parte dei servizi sanitari<b> senza la prescrizione medica <\/b>(<a href=\"https:\/\/www.uniticontrolaids.it\/aids-ist\/test\/dove.aspx\" rel=\"nofollow noreferrer noopener\" target=\"_blank\">qui<\/a> ulteriori informazioni sui Centri per effettuare il test HIV<b>)<\/b>.\u00a0<br \/>Si pu\u00f2 fare anche l\u2019<b>autotest <\/b><b>che si compra in farmacia <\/b>e, in caso di risultato positivo, si fa un test di conferma presso un laboratorio.\u00a0I test rapidi sono offerti di solito gratuitamente anche in contesti non sanitari come, per esempio, sedi di associazioni.<br \/>\u00abPer i <b>minorenni<\/b>\u00a0\u2013 ricorda Pennini \u2013\u00a0 il percorso di accesso al test HIV\u00a0 richiede il <b>consenso dei genitori<\/b>, il che implica la necessit\u00e0 di affrontare apertamente\u00a0in famiglia\u00a0temi legati alla sessualit\u00e0, cosa tutt&#8217;altro che semplice.\u00a0Quest&#8217;aspetto \u00e8 oggetto di discussione nell\u2019ambito della <a href=\"https:\/\/www.senato.it\/leggi-e-documenti\/disegni-di-legge\/scheda-ddl?did=55482&amp;tab=datiGenerali\" rel=\"nofollow noreferrer noopener\" target=\"_blank\">proposta di legge<\/a> in discussione in Parlamento (primo firmatario l\u2019onorevole Mauro D&#8217;Attis)\u00bb.\u00a0\u00a0<\/p>\n<p><a href=\"https:\/\/www.corriere.it\/app-figli-genitori\/?intcmp=DL-app_nd_011024_corriere_ss_salute\" target=\"_blank\" class=\"bck-app-banner\" rel=\"nofollow noopener\"><img decoding=\"async\" class=\"bck-app-img\" src=\"https:\/\/www.europesays.com\/it\/wp-content\/uploads\/2025\/07\/1753719611_813_app.png\"\/><\/p>\n<p>L&#8217;App di <strong>Figli &amp; Genitori<\/strong>, il tuo supporto quotidiano per crescere un figlio<\/p>\n<p>SCOPRI E SCARICA L&#8217; APP<\/p>\n<p><img decoding=\"async\" src=\"https:\/\/components2.corriereobjects.it\/rcs_cor_corriere-genitori-figli-layout\/v1\/assets\/img\/ext\/fg.svg\"\/><\/a><\/p>\n<p class=\"is-last-update\" datetime=\"2026-05-20T17:44:19+02:00\">21 maggio 2026<\/p>\n<p class=\"is-copyright\">\n            \u00a9 RIPRODUZIONE RISERVATA\n        <\/p>\n","protected":false},"excerpt":{"rendered":"di M.G.F. Le nuove diagnosi di Hiv sono stabili nonostante l&#8217;incremento della profilassi pre-esposizione. Perno (copresidente Congresso ICAR,&hellip;\n","protected":false},"author":3,"featured_media":502294,"comment_status":"","ping_status":"","sticky":false,"template":"","format":"standard","meta":{"footnotes":"","_share_on_mastodon":"0"},"categories":[175],"tags":[2101,2532,19051,14690,1495,841,2109,1498,737,3439,37,3753,13104,278380,17288,278390,4201,65303,278391,278392,165976,278381,278382,278383,728,3635,278393,43,4938,39296,7504,2152,1342,239,14688,278378,3617,1537,90,89,616,2508,278384,117619,7523,278385,141011,142214,374,7252,278386,278387,2441,240,7315,17053,17621,278388,11047,2641,278379,278389,2129],"class_list":["post-502293","post","type-post","status-publish","format-standard","has-post-thumbnail","category-salute","tag-adolescenti","tag-affettiva","tag-aghi","tag-aids","tag-altre","tag-area","tag-attenzione","tag-attivita","tag-aumento","tag-bisogna","tag-bisogno","tag-catania","tag-congresso","tag-congresso-icar","tag-consenso","tag-contagiarsi","tag-contesti","tag-contrae","tag-contrae-infezione","tag-contrae-infezione-giovane","tag-conviverci","tag-copresidente","tag-copresidente-congresso","tag-copresidente-congresso-icar","tag-dati","tag-diagnosi","tag-diagnosi-hiv","tag-discussione","tag-educazione","tag-educazione-sessuale","tag-esposizione","tag-eta","tag-evitare","tag-health","tag-hiv","tag-icar","tag-infezione","tag-it","tag-italia","tag-italy","tag-malattie","tag-nuove","tag-pennini","tag-perno","tag-pre","tag-pre-esposizione","tag-prep","tag-preservativo","tag-prevenzione","tag-profilassi","tag-profilassi-pre","tag-profilassi-pre-esposizione","tag-rischio","tag-salute","tag-scuole","tag-sessuale","tag-sessualmente","tag-sessualmente-trasmesse","tag-stabili","tag-test","tag-test-hiv","tag-trasmesse","tag-uso"],"share_on_mastodon":{"url":"","error":"Validation failed: Text character limit of 500 exceeded"},"_links":{"self":[{"href":"https:\/\/www.europesays.com\/it\/wp-json\/wp\/v2\/posts\/502293","targetHints":{"allow":["GET"]}}],"collection":[{"href":"https:\/\/www.europesays.com\/it\/wp-json\/wp\/v2\/posts"}],"about":[{"href":"https:\/\/www.europesays.com\/it\/wp-json\/wp\/v2\/types\/post"}],"author":[{"embeddable":true,"href":"https:\/\/www.europesays.com\/it\/wp-json\/wp\/v2\/users\/3"}],"replies":[{"embeddable":true,"href":"https:\/\/www.europesays.com\/it\/wp-json\/wp\/v2\/comments?post=502293"}],"version-history":[{"count":0,"href":"https:\/\/www.europesays.com\/it\/wp-json\/wp\/v2\/posts\/502293\/revisions"}],"wp:featuredmedia":[{"embeddable":true,"href":"https:\/\/www.europesays.com\/it\/wp-json\/wp\/v2\/media\/502294"}],"wp:attachment":[{"href":"https:\/\/www.europesays.com\/it\/wp-json\/wp\/v2\/media?parent=502293"}],"wp:term":[{"taxonomy":"category","embeddable":true,"href":"https:\/\/www.europesays.com\/it\/wp-json\/wp\/v2\/categories?post=502293"},{"taxonomy":"post_tag","embeddable":true,"href":"https:\/\/www.europesays.com\/it\/wp-json\/wp\/v2\/tags?post=502293"}],"curies":[{"name":"wp","href":"https:\/\/api.w.org\/{rel}","templated":true}]}}