{"id":502508,"date":"2026-05-22T07:53:19","date_gmt":"2026-05-22T07:53:19","guid":{"rendered":"https:\/\/www.europesays.com\/it\/502508\/"},"modified":"2026-05-22T07:53:19","modified_gmt":"2026-05-22T07:53:19","slug":"stretto-di-hormuz-allarme-ue-e-fao-si-teme-shock-alimentare-globale-i-rischi","status":"publish","type":"post","link":"https:\/\/www.europesays.com\/it\/502508\/","title":{"rendered":"Stretto di Hormuz, allarme Ue e Fao: si teme shock alimentare globale. I rischi"},"content":{"rendered":"<p>Secondo la Fao,\u00a0Food and Agriculture Organization, una <b>chiusura prolungata dello stretto<\/b> potrebbe provocare, <b>entro 6\u201312 mesi<\/b>, un\u2019impennata significativa dei prezzi dei beni alimentari a livello globale. L\u2019organizzazione avverte che la finestra per intervenire preventivamente si sta restringendo rapidamente. Per questa ragione servono misure coordinate: <b>limitazione delle restrizioni all\u2019export<\/b>, tutela dei corridoi umanitari e<b> creazione di scorte strategiche <\/b>per assorbire l\u2019aumento dei costi di trasporto. In pi\u00f9 si aggiunge anche la <b>diversificazione delle rotte commerciali terrestri e marittime<\/b>: ricorrere a percorsi alternativi, come\u00a0quello che attraversa la penisola arabica orientale, l&#8217;Arabia Saudita occidentale e il Mar Rosso, non risolver\u00e0 l&#8217;entit\u00e0 dello shock di approvvigionamento, ma contribuir\u00e0 a ridurlo marginalmente, punto cruciale per salvaguardare i flussi alimentari umanitari.<\/p>\n<p>\u00a0<\/p>\n<p><b>Per approfondire:\u00a0<a data-intcmp=\"skytg24_schede_interlink_text\" href=\"https:\/\/tg24.sky.it\/economia\/2026\/05\/12\/stretto-hormuz-navi-merci-dati\" rel=\"nofollow noopener\" target=\"_blank\">Stretto di Hormuz, ferme merci per 23,7 miliardi di dollari. Rischi per agroalimentare<\/a><\/b><\/p>\n","protected":false},"excerpt":{"rendered":"Secondo la Fao,\u00a0Food and Agriculture Organization, una chiusura prolungata dello stretto potrebbe provocare, entro 6\u201312 mesi, un\u2019impennata significativa&hellip;\n","protected":false},"author":3,"featured_media":502509,"comment_status":"","ping_status":"","sticky":false,"template":"","format":"standard","meta":{"footnotes":"","_share_on_mastodon":"0"},"categories":[172],"tags":[178,177,844,369,79757,77,764,1537,90,89,7673,3713],"class_list":["post-502508","post","type-post","status-publish","format-standard","has-post-thumbnail","category-affari","tag-affari","tag-business","tag-cibo","tag-digitall","tag-fao","tag-guerra","tag-iran","tag-it","tag-italia","tag-italy","tag-medio-oriente","tag-unione-europea"],"share_on_mastodon":{"url":"https:\/\/pubeurope.com\/@it\/116617150890446147","error":""},"_links":{"self":[{"href":"https:\/\/www.europesays.com\/it\/wp-json\/wp\/v2\/posts\/502508","targetHints":{"allow":["GET"]}}],"collection":[{"href":"https:\/\/www.europesays.com\/it\/wp-json\/wp\/v2\/posts"}],"about":[{"href":"https:\/\/www.europesays.com\/it\/wp-json\/wp\/v2\/types\/post"}],"author":[{"embeddable":true,"href":"https:\/\/www.europesays.com\/it\/wp-json\/wp\/v2\/users\/3"}],"replies":[{"embeddable":true,"href":"https:\/\/www.europesays.com\/it\/wp-json\/wp\/v2\/comments?post=502508"}],"version-history":[{"count":0,"href":"https:\/\/www.europesays.com\/it\/wp-json\/wp\/v2\/posts\/502508\/revisions"}],"wp:featuredmedia":[{"embeddable":true,"href":"https:\/\/www.europesays.com\/it\/wp-json\/wp\/v2\/media\/502509"}],"wp:attachment":[{"href":"https:\/\/www.europesays.com\/it\/wp-json\/wp\/v2\/media?parent=502508"}],"wp:term":[{"taxonomy":"category","embeddable":true,"href":"https:\/\/www.europesays.com\/it\/wp-json\/wp\/v2\/categories?post=502508"},{"taxonomy":"post_tag","embeddable":true,"href":"https:\/\/www.europesays.com\/it\/wp-json\/wp\/v2\/tags?post=502508"}],"curies":[{"name":"wp","href":"https:\/\/api.w.org\/{rel}","templated":true}]}}