{"id":502805,"date":"2026-05-22T12:13:13","date_gmt":"2026-05-22T12:13:13","guid":{"rendered":"https:\/\/www.europesays.com\/it\/502805\/"},"modified":"2026-05-22T12:13:13","modified_gmt":"2026-05-22T12:13:13","slug":"ilary-blasi-in-tribunale-per-il-divorzio-da-totti-la-provocazione-da-3-800-euro-sotto-braccio","status":"publish","type":"post","link":"https:\/\/www.europesays.com\/it\/502805\/","title":{"rendered":"Ilary Blasi in tribunale per il divorzio da Totti: la provocazione (da 3.800 euro) sotto braccio"},"content":{"rendered":"<p>&#13;<br \/>\n                               &#13;<br \/>\n                                                &#13;<br \/>\n                &#13;<\/p>\n<p>Camicia bianca impeccabile, cravatta scura d&#8217;ordinanza, occhiali da sole protettivi e un accessorio impossibile da non notare. Stamattina i riflettori del gossip si sono accesi sul tribunale di Roma, dove <strong><a href=\"https:\/\/www.leggo.it\/t\/ilary-blasi\" rel=\"nofollow noopener\" target=\"_blank\">Ilary Blasi<\/a>\u00a0<\/strong>e <strong><a href=\"https:\/\/www.leggo.it\/t\/francesco-totti-\" rel=\"nofollow noopener\" target=\"_blank\">Francesco Totti <\/a><\/strong>si sono ritrovati ancora una volta davanti ai giudici per una nuova (l&#8217;ultima) udienza del loro infinito <strong><a href=\"https:\/\/www.leggo.it\/t\/divorzio\" rel=\"nofollow noopener\" target=\"_blank\">divorzio<\/a><\/strong>. Ma a rubare la scena, oltre agli sguardi di ghiaccio tra i due ex coniugi, \u00e8 stato il dettaglio di stile sfoggiato dalla conduttrice televisiva, che ha trasformato l&#8217;aula di giustizia in una vera e propria passerella di alta moda.<\/p>\n<p>&#13;<br \/>\n&#13;<\/p>\n<p><a class=\"link_item\" data-linked_from=\"9548220\" href=\"https:\/\/www.leggo.it\/gossip\/news\/22_maggio_2026_totti_ilary_blasi_divorzio_mantenimento-9548190.html\" rel=\"nofollow noopener\" target=\"_blank\">Totti e Ilary Blasi, l&#8217;ultima udienza per il divorzio: tra un mese saranno liberi. Conto alla rovescia per il matrimonio con Bastian<\/a><\/p>\n<p>&#13;<br \/>\n&#13;<\/p>\n<p><a class=\"link_item\" data-linked_from=\"null\" href=\"https:\/\/www.leggo.it\/gossip\/news\/22_maggio_2026_chanel_totti_orgoglio_di_papa_francesco_vinto_pechino_express_perche_meritava_no_raccomandata-9548043.html\" rel=\"nofollow noopener\" target=\"_blank\">Chanel Totti orgoglio di pap\u00e0 Francesco: \u00abHa vinto Pechino Express per merito, non perch\u00e9 raccomandata. \u00c8 stata pi\u00f9 forte di quanto credessi\u00bb<\/a><\/p>\n<p>&#13;<br \/>\n&#13;<br \/>\nLa passione per le borse&#13;<br \/>\n&#13;<\/p>\n<p>Che la showgirl romana sia da sempre un&#8217;appassionata di accessori da capogiro non \u00e8 certo una novit\u00e0 per i fan, e tanto meno per l&#8217;ex capitano della Roma. <\/p>\n<p>Sotto il braccio, Ilary stringeva infatti una borsa Bottega Veneta, per la precisione il celebre modello &#8220;The Pouch&#8221; in una vistosa tonalit\u00e0 azzurro acceso, il cui valore commerciale si aggira intorno ai 3.800 euro. Un pezzo pregiato da collezione che sembra quasi una risposta diretta, silenziosa e decisamente lussuosa a tutte le battaglie legali e personali che hanno tenuto banco sui giornali negli ultimi anni.&#13;<br \/>\n&#13;<br \/>\n&#13;<br \/>\n&#13;<br \/>\nLa guerra dei soppalchi&#13;<br \/>\n&#13;<\/p>\n<p>Impossibile, infatti, non correre con il pensiero alla celeberrima e ormai storica &#8220;guerra delle borse&#8221;. Tutti ricordano quando, nei primi mesi della burrascosa rottura, l&#8217;ormai ex marito le aveva nascosto per ripicca la sua intera e preziosissima collezione di borse griffate, costringendo Ilary Blasi a una vera e propria caccia al tesoro all&#8217;interno della maxi villa all&#8217;Eur, conclusasi con il ritrovamento della refurtiva nascosta in un soppalco della casa. Vedere Ilary camminare fiera con un nuovo gioiello di pelletteria tra le mani sa tanto di rivincita servita su un piatto d&#8217;argento, o meglio, su una pochette d&#8217;alta moda.<\/p>\n<p>                                &#13;<br \/>\n                &#13;<br \/>\n&#13;<br \/>\n                Ultimo aggiornamento: venerd\u00ec 22 maggio 2026, 13:40&#13;<br \/>\n                <br \/>&#13;<br \/>\n                &#13;<br \/>\n                  &#13;<br \/>\n                    &#13;<br \/>\n                        \u00a9 RIPRODUZIONE RISERVATA&#13;<\/p>\n<p>&#13;<\/p>\n<p>                    &#13;<\/p>\n","protected":false},"excerpt":{"rendered":"&#13; &#13; &#13; &#13; Camicia bianca impeccabile, cravatta scura d&#8217;ordinanza, occhiali da sole protettivi e un accessorio impossibile&hellip;\n","protected":false},"author":3,"featured_media":502806,"comment_status":"","ping_status":"","sticky":false,"template":"","format":"standard","meta":{"footnotes":"","_share_on_mastodon":"0"},"categories":[1451],"tags":[34457,1621,1620,3099,203,2690,217,204,1537,90,89],"class_list":["post-502805","post","type-post","status-publish","format-standard","has-post-thumbnail","category-celebrita","tag-bastian-muller","tag-celebrita","tag-celebrities","tag-divorzio","tag-entertainment","tag-francesco-totti","tag-ilary-blasi","tag-intrattenimento","tag-it","tag-italia","tag-italy"],"share_on_mastodon":{"url":"https:\/\/pubeurope.com\/@it\/116618173480919474","error":""},"_links":{"self":[{"href":"https:\/\/www.europesays.com\/it\/wp-json\/wp\/v2\/posts\/502805","targetHints":{"allow":["GET"]}}],"collection":[{"href":"https:\/\/www.europesays.com\/it\/wp-json\/wp\/v2\/posts"}],"about":[{"href":"https:\/\/www.europesays.com\/it\/wp-json\/wp\/v2\/types\/post"}],"author":[{"embeddable":true,"href":"https:\/\/www.europesays.com\/it\/wp-json\/wp\/v2\/users\/3"}],"replies":[{"embeddable":true,"href":"https:\/\/www.europesays.com\/it\/wp-json\/wp\/v2\/comments?post=502805"}],"version-history":[{"count":0,"href":"https:\/\/www.europesays.com\/it\/wp-json\/wp\/v2\/posts\/502805\/revisions"}],"wp:featuredmedia":[{"embeddable":true,"href":"https:\/\/www.europesays.com\/it\/wp-json\/wp\/v2\/media\/502806"}],"wp:attachment":[{"href":"https:\/\/www.europesays.com\/it\/wp-json\/wp\/v2\/media?parent=502805"}],"wp:term":[{"taxonomy":"category","embeddable":true,"href":"https:\/\/www.europesays.com\/it\/wp-json\/wp\/v2\/categories?post=502805"},{"taxonomy":"post_tag","embeddable":true,"href":"https:\/\/www.europesays.com\/it\/wp-json\/wp\/v2\/tags?post=502805"}],"curies":[{"name":"wp","href":"https:\/\/api.w.org\/{rel}","templated":true}]}}