{"id":50289,"date":"2025-08-16T05:16:11","date_gmt":"2025-08-16T05:16:11","guid":{"rendered":"https:\/\/www.europesays.com\/it\/50289\/"},"modified":"2025-08-16T05:16:11","modified_gmt":"2025-08-16T05:16:11","slug":"linter-raddoppia-kone-e-a-un-passo-e-lookman-resiste","status":"publish","type":"post","link":"https:\/\/www.europesays.com\/it\/50289\/","title":{"rendered":"L\u2019Inter raddoppia, Kon\u00e9 \u00e8 a un passo e Lookman resiste"},"content":{"rendered":"<p><strong>MILANO &#8211;<\/strong> I giorni di <strong>Ademola Lookman<\/strong> diventano, in casa Inter, quelli di <strong>Manu Kon\u00e9<\/strong>. Lo stallo con l\u2019<strong>Atalanta<\/strong> per l\u2019attaccante nigeriano ha portato la dirigenza nerazzurra ad approvare un cambio di priorit\u00e0, se non proprio di rotta. Il centrocampista francese della Roma \u00e8 molto di pi\u00f9 rispetto a una semplice ipotesi di lavoro, portata nei giorni scorsi sulle scrivanie di Marotta e Ausilio &#8211; come pure di alcune big inglesi &#8211; dal suo entourage. Arrivato in giallorosso la scorsa estate per 18 milioni di euro, Kon\u00e9 per la Roma oggi ne vale 50. <strong>Gian Piero Gasperini<\/strong>, consapevole di aver sposato un club in regime di settlement agreement, sa bene che una cessione a cifre tanto importanti sbloccherebbe le varie operazioni in entrata gi\u00e0 pianificate per completare l\u2019organico. La prima proposta dell\u2019<strong>Inter<\/strong>, attorno ai 40 milioni, rappresenta &#8211; pi\u00f9 che una base d\u2019asta &#8211; un deciso passo verso l\u2019eventuale chiusura, considerato che chi lavora all\u2019affare ritiene scontato un accordo tra le parti a quota 45. Il tutto con il placet di Kon\u00e9 che a Milano andrebbe a prendere 4 milioni per 5 anni e godrebbe della vetrina data dalla <strong>Champions League<\/strong>. \u00c8 il budget che l\u2019Inter aveva stanziato per Lookman, ma anche per un difensore centrale. A furia di aspettare, i due profili pi\u00f9 apprezzati in tal senso &#8211; De Winter e Leoni &#8211; hanno preso altre direzioni: dare muscoli a centrocampo aiuterebbe comunque <strong>Cristian Chivu<\/strong> a puntellare una fase difensiva ballerina in alcuni passaggi della scorsa stagione.<\/p>\n<p>Quanto a Lookman, spostarlo al secondo posto nella lista delle urgenze, per i nerazzurri, significherebbe smentire un mese di attesa per qualcosa che ancora non \u00e8 successo. La virata, comunque, ha una sua logica: nel reparto offensivo <strong>Bonny<\/strong> e <strong>Pio Esposito<\/strong> sono gi\u00e0 considerati due upgrade rispetto a chi c\u2019era prima. Senza Ademola, mancherebbe un giocatore chiave per il passaggio verso il 3-4-2-1, ma qualcuno dei tanti nomi proposti all\u2019Inter nelle scorse settimane &#8211; alcuni anche graditi come <strong>Nkunku<\/strong>, ma non a sufficienza da far pianificare un investimento per un affare a titolo definitivo &#8211; potrebbe anche arrivare con formule pi\u00f9 flessibili a fine mercato.<\/p>\n<p>Inter in pressing su Kon\u00e9: ecco perch\u00e9<\/p>\n<p>A centrocampo, in compenso, manca un elemento di sostanza, qualcuno pi\u00f9 adatto a una mediana a due rispetto a chi c\u2019\u00e8 ora: Asllani \u00e8 in partenza, Zielinski (se arriveranno offerte) pure, <a href=\"https:\/\/www.tuttosport.com\/giocatore\/calcio\/hakan-calhanoglu\/111732\" rel=\"nofollow noopener\" target=\"_blank\">Calhanoglu<\/a> non \u00e8 proprio nella sua comfort zone e su di lui pende la spada di Damocle di un eventuale ritorno di fiamma turco. <a href=\"https:\/\/www.tuttosport.com\/giocatore\/calcio\/davide-frattesi\/235453\" rel=\"nofollow noopener\" target=\"_blank\">Frattesi<\/a> e Mkhitaryan saranno sfruttati anche nelle rotazioni sulla trequarti. Restano Barella e Sucic, ai quali la quantit\u00e0 di Kon\u00e9 darebbe un supporto niente male. \u00c8 su questi presupposti che partirebbe l\u2019accelerata interista. Che non esclude necessariamente Lookman, per il quale in viale della Liberazione si aspetta sempre (ancora per qualche giorno, ma non all\u2019infinito) che l\u2019<a href=\"https:\/\/www.tuttosport.com\/squadra\/calcio\/atalanta\/t456\" rel=\"nofollow noopener\" target=\"_blank\">Atalanta<\/a> faccia il prezzo, magari aiutata da qualche colpo in avanti o dal lavoro diplomatico a cui &#8211; dopo aver generato il qui pro quo iniziale &#8211; sono chiamati gli agenti di Ademola. Nel frattempo, nel gioco di incastri nerazzurri che per completarsi necessita ancora di qualche partenza (<a href=\"https:\/\/www.tuttosport.com\/giocatore\/calcio\/mehdi-taremi\/202604\" rel=\"nofollow noopener\" target=\"_blank\">Taremi<\/a> su tutti, oltre al gi\u00e0 citato Asllani), al primo posto nella lista della spesa interista finisce Kon\u00e9, un 2001 in linea anche con le direttive di Oaktree.<\/p>\n<p>\u00a9 RIPRODUZIONE RISERVATA<a href=\"https:\/\/www.tuttosport.com\/calcio\/calciomercato\" class=\"Button_button__r_ga_\" rel=\"nofollow noopener\" target=\"_blank\">Tutte le news di Calciomercato<\/a><\/p>\n","protected":false},"excerpt":{"rendered":"MILANO &#8211; I giorni di Ademola Lookman diventano, in casa Inter, quelli di Manu Kon\u00e9. Lo stallo con&hellip;\n","protected":false},"author":3,"featured_media":50290,"comment_status":"","ping_status":"","sticky":false,"template":"","format":"standard","meta":{"footnotes":""},"categories":[6],"tags":[14,8,1537,90,89,7,15,82,9,83,10,13,11,80,84,12,81,85],"class_list":{"0":"post-50289","1":"post","2":"type-post","3":"status-publish","4":"format-standard","5":"has-post-thumbnail","7":"category-ultime-notizie","8":"tag-cronaca","9":"tag-headlines","10":"tag-it","11":"tag-italia","12":"tag-italy","13":"tag-news","14":"tag-notizie","15":"tag-notizie-di-cronaca","16":"tag-notizie-principali","17":"tag-notiziedicronaca","18":"tag-notizieprincipali","19":"tag-titoli","20":"tag-ultime-notizie","21":"tag-ultime-notizie-di-cronaca","22":"tag-ultime-notizie-e-news-di-oggi","23":"tag-ultimenotizie","24":"tag-ultimenotiziedicronaca","25":"tag-ultimenotizieenewsdioggi"},"share_on_mastodon":{"url":"","error":""},"_links":{"self":[{"href":"https:\/\/www.europesays.com\/it\/wp-json\/wp\/v2\/posts\/50289","targetHints":{"allow":["GET"]}}],"collection":[{"href":"https:\/\/www.europesays.com\/it\/wp-json\/wp\/v2\/posts"}],"about":[{"href":"https:\/\/www.europesays.com\/it\/wp-json\/wp\/v2\/types\/post"}],"author":[{"embeddable":true,"href":"https:\/\/www.europesays.com\/it\/wp-json\/wp\/v2\/users\/3"}],"replies":[{"embeddable":true,"href":"https:\/\/www.europesays.com\/it\/wp-json\/wp\/v2\/comments?post=50289"}],"version-history":[{"count":0,"href":"https:\/\/www.europesays.com\/it\/wp-json\/wp\/v2\/posts\/50289\/revisions"}],"wp:featuredmedia":[{"embeddable":true,"href":"https:\/\/www.europesays.com\/it\/wp-json\/wp\/v2\/media\/50290"}],"wp:attachment":[{"href":"https:\/\/www.europesays.com\/it\/wp-json\/wp\/v2\/media?parent=50289"}],"wp:term":[{"taxonomy":"category","embeddable":true,"href":"https:\/\/www.europesays.com\/it\/wp-json\/wp\/v2\/categories?post=50289"},{"taxonomy":"post_tag","embeddable":true,"href":"https:\/\/www.europesays.com\/it\/wp-json\/wp\/v2\/tags?post=50289"}],"curies":[{"name":"wp","href":"https:\/\/api.w.org\/{rel}","templated":true}]}}