{"id":502936,"date":"2026-05-22T14:09:14","date_gmt":"2026-05-22T14:09:14","guid":{"rendered":"https:\/\/www.europesays.com\/it\/502936\/"},"modified":"2026-05-22T14:09:14","modified_gmt":"2026-05-22T14:09:14","slug":"totti-e-ilary-blasi-lultima-udienza-per-il-divorzio-tra-un-mese-saranno-liberi-conto-alla-rovescia-per-il-matrimonio-con-bastian","status":"publish","type":"post","link":"https:\/\/www.europesays.com\/it\/502936\/","title":{"rendered":"Totti e Ilary Blasi, l&#8217;ultima udienza per il divorzio: tra un mese saranno liberi. Conto alla rovescia per il matrimonio con Bastian"},"content":{"rendered":"<p>&#13;<br \/>\n                               &#13;<br \/>\n                                                &#13;<br \/>\n                &#13;<\/p>\n<p>Dopo ventuno anni arriva la parola fine al matrimonio tra <strong><a href=\"https:\/\/www.leggo.it\/t\/ilary-blasi\" rel=\"nofollow noopener\" target=\"_blank\">Ilary Blasi<\/a><\/strong> e <strong><a href=\"https:\/\/www.leggo.it\/t\/francesco-totti\" rel=\"nofollow noopener\" target=\"_blank\">Francesco Totti<\/a><\/strong>. La conduttrice e l&#8217;ex capitano della Roma si sono incontrati in tribunale per l&#8217;ultima udeinza del divorzio che da quattro anni tiene banco tra gossip e aule di giustizia.\u00a0Come riportato da Il Messaggero, la svolta \u00e8 vicina: entro un mese il giudice Gianluca Gelso ratificher\u00e0 il provvedimento ufficiale. I due ex coniugi torneranno rispettivamente celibe e nubile, conquistando la libert\u00e0 di potersi finalmente risposare con i rispettivi partner: Blasi ha gi\u00e0 annunciato di voler convolare a nozze con <strong><a href=\"https:\/\/www.leggo.it\/t\/bastian-muller\" rel=\"nofollow noopener\" target=\"_blank\">Bastian Muller<\/a><\/strong> e lo stesso potrebbe fare Totti con <strong><a href=\"https:\/\/www.leggo.it\/t\/noemi-bocchi\" rel=\"nofollow noopener\" target=\"_blank\">Noemi Bocchi<\/a><\/strong>.<\/p>\n<p>&#13;<br \/>\n&#13;<\/p>\n<p><a class=\"link_item\" data-linked_from=\"null\" href=\"https:\/\/www.leggo.it\/gossip\/news\/22_maggio_2026_ilary_blasi_divorzio_totti_borsa_bottega_veneta_pouch-9548220.html\" rel=\"nofollow noopener\" target=\"_blank\">Ilary Blasi in tribunale per il divorzio da Totti: la provocazione (da 3.800 euro) sotto braccio<\/a><\/p>\n<p>&#13;<br \/>\n&#13;<br \/>\nL&#8217;udienza per il divorzio&#13;<br \/>\n&#13;<\/p>\n<p>L&#8217;incontro ravvicinato in aula \u00e8 durato circa due ore. Un confronto intenso che ha visto i protagonisti abbandonare l&#8217;edificio separati, a distanza di circa quindici minuti l&#8217;uno dall&#8217;altra per evitare i flash dei fotografi. Il primo a varcare la soglia dello storico ingresso di via Damiata \u00e8 stato Totti, che si \u00e8 allontanato a piedi circondato dal suo team di avvocati. <\/p>\n<p>Poco dopo \u00e8 stato il turno dei legali di Ilary Blasi, mentre la showgirl ha preferito sfrecciare via a bordo della sua Smart per sfuggire all&#8217;assedio dei cronisti.&#13;<br \/>\n&#13;<br \/>\n&#13;<br \/>\n&#13;<\/p>\n<p>L&#8217;unico punto di contatto rimasto tra i due, ironia della sorte, \u00e8 stato lo stile. Almeno sull&#8217;outfit, infatti, i due ex erano in perfetta sincronia cromatica: t-shirt bianca e pantaloni beige per l&#8217;ex numero dieci della Roma, camicia bianca, pantaloni beige e scarpe da ginnastica per la conduttrice. Una vicinanza stilistica che per\u00f2 non cancella il passato. Appena arriver\u00e0 la sentenza definitiva del giudice, Ilary potr\u00e0 far partire ufficialmente le pubblicazioni per le sue prossime nozze, avendo gi\u00e0 pronto il matrimonio con il compagno tedesco Bastian Muller.<\/p>\n<p>&#13;<br \/>\n&#13;<br \/>\nL&#8217;assegno di mantenimento&#13;<br \/>\n&#13;<\/p>\n<p>Se il legame sentimentale e matrimoniale \u00e8 ormai ridotto a un cumulo di cenere, la partita legale \u00e8 tutt&#8217;altro che archiviata. Sebbene il divorzio flash sia ormai arrivato al traguardo per permettere a entrambi di rifarsi una vita, la causa di separazione per definire le complesse questioni economiche e l&#8217;assegno di mantenimento per i tre figli proseguir\u00e0 ancora a lungo nei prossimi mesi. Per i dettagli sui patrimoni e i conti correnti la tregua \u00e8 ancora molto lontana.<\/p>\n<p>                                &#13;<br \/>\n                &#13;<br \/>\n&#13;<br \/>\n                Ultimo aggiornamento: venerd\u00ec 22 maggio 2026, 13:21&#13;<br \/>\n                <br \/>&#13;<br \/>\n                &#13;<br \/>\n                  &#13;<br \/>\n                    &#13;<br \/>\n                        \u00a9 RIPRODUZIONE RISERVATA&#13;<\/p>\n<p>&#13;<\/p>\n<p>                    &#13;<\/p>\n","protected":false},"excerpt":{"rendered":"&#13; &#13; &#13; &#13; Dopo ventuno anni arriva la parola fine al matrimonio tra Ilary Blasi e Francesco&hellip;\n","protected":false},"author":3,"featured_media":502937,"comment_status":"","ping_status":"","sticky":false,"template":"","format":"standard","meta":{"footnotes":"","_share_on_mastodon":"0"},"categories":[174],"tags":[3099,203,2690,217,204,1537,90,89],"class_list":["post-502936","post","type-post","status-publish","format-standard","has-post-thumbnail","category-intrattenimento","tag-divorzio","tag-entertainment","tag-francesco-totti","tag-ilary-blasi","tag-intrattenimento","tag-it","tag-italia","tag-italy"],"share_on_mastodon":{"url":"https:\/\/pubeurope.com\/@it\/116618629471998037","error":""},"_links":{"self":[{"href":"https:\/\/www.europesays.com\/it\/wp-json\/wp\/v2\/posts\/502936","targetHints":{"allow":["GET"]}}],"collection":[{"href":"https:\/\/www.europesays.com\/it\/wp-json\/wp\/v2\/posts"}],"about":[{"href":"https:\/\/www.europesays.com\/it\/wp-json\/wp\/v2\/types\/post"}],"author":[{"embeddable":true,"href":"https:\/\/www.europesays.com\/it\/wp-json\/wp\/v2\/users\/3"}],"replies":[{"embeddable":true,"href":"https:\/\/www.europesays.com\/it\/wp-json\/wp\/v2\/comments?post=502936"}],"version-history":[{"count":0,"href":"https:\/\/www.europesays.com\/it\/wp-json\/wp\/v2\/posts\/502936\/revisions"}],"wp:featuredmedia":[{"embeddable":true,"href":"https:\/\/www.europesays.com\/it\/wp-json\/wp\/v2\/media\/502937"}],"wp:attachment":[{"href":"https:\/\/www.europesays.com\/it\/wp-json\/wp\/v2\/media?parent=502936"}],"wp:term":[{"taxonomy":"category","embeddable":true,"href":"https:\/\/www.europesays.com\/it\/wp-json\/wp\/v2\/categories?post=502936"},{"taxonomy":"post_tag","embeddable":true,"href":"https:\/\/www.europesays.com\/it\/wp-json\/wp\/v2\/tags?post=502936"}],"curies":[{"name":"wp","href":"https:\/\/api.w.org\/{rel}","templated":true}]}}