{"id":50298,"date":"2025-08-16T05:27:12","date_gmt":"2025-08-16T05:27:12","guid":{"rendered":"https:\/\/www.europesays.com\/it\/50298\/"},"modified":"2025-08-16T05:27:12","modified_gmt":"2025-08-16T05:27:12","slug":"russell-un-nuovo-inizio-e-stato-un-bene-sia-per-mercedes-che-per-hamilton","status":"publish","type":"post","link":"https:\/\/www.europesays.com\/it\/50298\/","title":{"rendered":"Russell: &#8220;Un nuovo inizio \u00e8 stato un bene sia per Mercedes che per Hamilton&#8221;"},"content":{"rendered":"<p><a href=\"https:\/\/it.motorsport.com\/driver\/george-russell\/163937\/\" target=\"_blank\" rel=\"noopener nofollow\">George Russell<\/a> ritiene che il nuovo inizio di <a href=\"https:\/\/it.motorsport.com\/driver\/lewis-hamilton\/144275\/\" target=\"_blank\" rel=\"noopener nofollow\">Lewis Hamilton<\/a> alla <a href=\"https:\/\/it.motorsport.com\/team\/ferrari\/2012\/\" target=\"_blank\" rel=\"noopener nofollow\">Ferrari<\/a> per il 2025 sia stato un bene per tutte le parti in causa e ha sostenuto il suo sostituto <a href=\"https:\/\/it.motorsport.com\/driver\/andrea-kimi-antonelli\/879200\/\" target=\"_blank\" rel=\"noopener nofollow\">Andrea Kimi Antonelli<\/a> per aiutarlo a riprendersi da un periodo difficile.<\/p>\n<p>Hamilton ha conquistato sei dei suoi sette campionati del mondo con la <a href=\"https:\/\/it.motorsport.com\/team\/mercedes\/2014\/\" target=\"_blank\" rel=\"noopener nofollow\">Mercedes<\/a>, prima di passare alla Ferrari lo scorso inverno, alla ricerca di una nuova sfida a fine carriera con l&#8217;iconica Rossa di Maranello. Al suo posto, la Mercedes si \u00e8 affidata al suo giovane prodigio Antonelli, ed ha accelerato il percorso del 18enne italiano per portarlo ad affiancare Russell nel 2025.<\/p>\n<p>Hamilton ha lasciato un grande vuoto da riempire a Brackley: Russell \u00e8 ora il leader de facto della squadra, mentre Antonelli imparer\u00e0 il mestiere a fianco dell&#8217;esperto britannico.<\/p>\n<p>Parlando in esclusiva a Motorsport.com, Russell ha riflettuto sui cambiamenti che ha visto all&#8217;interno del team in seguito alla partenza di Hamilton: &#8220;Sicuramente c&#8217;\u00e8 una sensazione diversa all&#8217;interno della squadra. Ma alla fine si guarda solo a una cosa, cio\u00e8 alle prestazioni. Ovviamente abbiamo iniziato molto bene. Ora abbiamo avuto un periodo di cattiva forma. Spero che riusciremo a rimetterci in carreggiata, ma ci sono sempre pro e contro in ogni cambiamento che si fa in qualsiasi organizzazione&#8221;.<\/p>\n<p>&#8220;Ma credo che il cambiamento sia avvenuto con Lewis. \u00c8 un bene per lui. \u00c8 davvero un bene per noi come squadra: un nuovo inizio. A volte \u00e8 necessario rompere gli schemi per tornare in pista&#8221;.<\/p>\n<p>   <img decoding=\"async\" draggable=\"false\" src=\"https:\/\/www.europesays.com\/it\/wp-content\/uploads\/2025\/08\/1755322032_217_george-russell-mercedes.jpg\" alt=\"Russell took third in Hungary as Mercedes made a big step towards overcoming its recent struggles.\" loading=\"lazy\" width=\"1200\" height=\"800\"\/> <\/p>\n<p class=\"title\">Russell ha conquistato il terzo posto in Ungheria e la Mercedes ha fatto un grande passo avanti per superare le sue recenti difficolt\u00e0.<\/p>\n<p class=\"photographer\">Foto di: Sam Bagnall \/ Sutton Images via Getty Images<\/p>\n<p>L&#8217;inizio in Ferrari di Hamilton \u00e8 stato pi\u00f9 difficile di quanto il quarantenne avesse previsto, con una vittoria nella Sprint in Cina che ha rappresentato un raro momento di gloria per l&#8217;adattamento al nuovo ambiente, anche se l&#8217;obiettivo del sette volte campione del mondo \u00e8 quello di ripartire alla grande nel 2026.<\/p>\n<p>Antonelli ha vissuto inevitabilmente degli alti e bassi durante la sua stagione da rookie, ostacolato da un cambiamento della sospensione posteriore ad Imola che lo ha lasciato senza fiducia nella vettura sulla maggior parte dei circuiti. Ma mentre la Mercedes \u00e8 tornata alle sospensioni pi\u00f9 vecchie con buoni risultati in Ungheria, dove Russell ha conquistato un podio, Antonelli dovr\u00e0 aspettare ancora dopo la pausa estiva per riscattarsi.<\/p>\n<p>&#8220;Il fatto \u00e8 che per me il suo gap non \u00e8 diverso. Credo sia questo che la gente non vede&#8221;, ha spiegato Russell. &#8220;In Canada ero in pole e lui si \u00e8 qualificato quarto, ma era sei decimi dietro di me. In Belgio, lui era fuori in Q1 e io sono arrivato in Q3, ma lui era a soli tre decimi da me&#8221;.<\/p>\n<p>&#8220;La gente guarda solo al risultato, ma la verit\u00e0 \u00e8 che lui sta ancora facendo progressi, anche se noi come squadra siamo andati indietro. Ma all&#8217;improvviso ci si trova in una situazione in cui un decimo pu\u00f2 significare sei o sette posizioni in griglia, mentre prima, per le posizioni per cui lottavamo, un decimo era pi\u00f9 o meno una posizione. Nelle ultime gare io e Kimi abbiamo fatto lo stesso passo indietro&#8221;.<\/p>\n<p>Russell ha riconosciuto che, sebbene il passo falso della Mercedes in termini di sviluppo non sia stato &#8220;ideale&#8221;, non si aspetta che abbia avuto ripercussioni sulla vettura del 2026, dal momento che la maggior parte della squadra di Brackley \u00e8 gi\u00e0 passata al progetto del prossimo anno.<\/p>\n<p>&#8220;\u00c8 ovviamente un concetto completamente diverso per il prossimo anno, ma \u00e8 necessario che le persone si sentano creative, che abbiano fiducia in se stesse e che le simulazioni e gli strumenti funzionino correttamente&#8221;, ha aggiunto. &#8220;In definitiva, questo \u00e8 uno sport che si basa sulle decisioni e sulle persone, perch\u00e9 sono loro a creare le simulazioni e tutto il resto, e abbiamo bisogno di loro nel miglior modo possibile&#8221;.<\/p>\n<p>&#8220;Certo, questa recente mancanza di prestazioni non \u00e8 l&#8217;ideale, ma la verit\u00e0 \u00e8 che il 95% della forza lavoro \u00e8 gi\u00e0 impegnata sul progetto 2026. Quindi, quel gruppo di persone non si trova nel tipo di ciclo emotivo in cui ci si troverebbe normalmente&#8221;.<\/p>\n<p>Leggi anche:<\/p>\n<p>In questo articolo<\/p>\n<p>Diventa il primo a sapere le novit\u00e0 e iscriviti per ricevere notizie in tempo reale via e-mail su questi temi<\/p>\n<p>    Iscriviti agli avvisi di notizie<\/p>\n","protected":false},"excerpt":{"rendered":"George Russell ritiene che il nuovo inizio di Lewis Hamilton alla Ferrari per il 2025 sia stato un&hellip;\n","protected":false},"author":3,"featured_media":50299,"comment_status":"","ping_status":"","sticky":false,"template":"","format":"standard","meta":{"footnotes":""},"categories":[1454],"tags":[1770,42507,683,1771,4035,20186,1537,90,89,1772,245,244],"class_list":{"0":"post-50298","1":"post","2":"type-post","3":"status-publish","4":"format-standard","5":"has-post-thumbnail","7":"category-f1","8":"tag-f1","9":"tag-f1-russell-un-nuovo-inizio-u00e8-stato-un-bene-sia-per-mercedes-che-per-hamilton","10":"tag-formula-1","11":"tag-formula1","12":"tag-george-russell","13":"tag-gp-dungheria","14":"tag-it","15":"tag-italia","16":"tag-italy","17":"tag-mercedes","18":"tag-sport","19":"tag-sports"},"share_on_mastodon":{"url":"","error":""},"_links":{"self":[{"href":"https:\/\/www.europesays.com\/it\/wp-json\/wp\/v2\/posts\/50298","targetHints":{"allow":["GET"]}}],"collection":[{"href":"https:\/\/www.europesays.com\/it\/wp-json\/wp\/v2\/posts"}],"about":[{"href":"https:\/\/www.europesays.com\/it\/wp-json\/wp\/v2\/types\/post"}],"author":[{"embeddable":true,"href":"https:\/\/www.europesays.com\/it\/wp-json\/wp\/v2\/users\/3"}],"replies":[{"embeddable":true,"href":"https:\/\/www.europesays.com\/it\/wp-json\/wp\/v2\/comments?post=50298"}],"version-history":[{"count":0,"href":"https:\/\/www.europesays.com\/it\/wp-json\/wp\/v2\/posts\/50298\/revisions"}],"wp:featuredmedia":[{"embeddable":true,"href":"https:\/\/www.europesays.com\/it\/wp-json\/wp\/v2\/media\/50299"}],"wp:attachment":[{"href":"https:\/\/www.europesays.com\/it\/wp-json\/wp\/v2\/media?parent=50298"}],"wp:term":[{"taxonomy":"category","embeddable":true,"href":"https:\/\/www.europesays.com\/it\/wp-json\/wp\/v2\/categories?post=50298"},{"taxonomy":"post_tag","embeddable":true,"href":"https:\/\/www.europesays.com\/it\/wp-json\/wp\/v2\/tags?post=50298"}],"curies":[{"name":"wp","href":"https:\/\/api.w.org\/{rel}","templated":true}]}}