{"id":502985,"date":"2026-05-22T14:53:24","date_gmt":"2026-05-22T14:53:24","guid":{"rendered":"https:\/\/www.europesays.com\/it\/502985\/"},"modified":"2026-05-22T14:53:24","modified_gmt":"2026-05-22T14:53:24","slug":"avanti-2-0-la-reyer-fa-visita-a-tortona-spahija-li-per-giocare-come-fossimo-sullo-0-0","status":"publish","type":"post","link":"https:\/\/www.europesays.com\/it\/502985\/","title":{"rendered":"Avanti 2-0, la Reyer fa visita a Tortona. Spahija: \u00abL\u00ec per giocare come fossimo sullo 0-0\u00bb"},"content":{"rendered":"<p>Cresce l&#8217;attesa per gara 3 dei quarti di finale playoff tra l&#8217;Umana Reyer e la Bertram Derthona Tortona. Dopo le prime due vittorie al Taliercio, gli orogranata faranno visita ai piemontesi alla Nova Arena, con l&#8217;obiettivo di chiudere la partita per le semifinali scudetto. L&#8217;appuntamento \u00e8 per venerd\u00ec sera, alle ore 20.45.<\/p>\n<p><a href=\"https:\/\/whatsapp.com\/channel\/0029VaDSWgR1Hsq4uWb1mS0I\" target=\"_blank\" rel=\"nofollow noopener\"><strong>Clicca qui per iscriverti al canale WhatsApp di VeneziaToday<\/strong><\/a><\/p>\n<p>Fino a questo momento, la serie ha regalato due battaglie sportive di alto livello. I lagunari sono riusciti ad aggiudicarsi entrambi gli incontri, diversi nello sviluppo tecnico e tattico, ma costantemente caratterizzati da intensit\u00e0 e forte agonismo. La differenza la far\u00e0 il fattore campo: se nelle prime due gare la Reyer ha potuto contare sulla spinta dei propri tifosi al Taliercio, toccher\u00e0 ora a Tortona giocare sul proprio parquet, naturalmente con il tifo a favore.<\/p>\n<p>Spahija: \u201cIl nostro lavoro non \u00e8 ancora finito\u00bb<\/p>\n<p>\u00abAbbiamo ben chiaro ci\u00f2 che dobbiamo fare &#8211; ha dichiarato coach Neven Spahija nella conferenza prepartita -. Siamo nei playoff e il nostro lavoro non \u00e8 ancora finito. Dobbiamo andare a Tortona con umilt\u00e0 e grande concentrazione mentale, preparati ad affrontare una partita difficile in cui ci sar\u00e0 bisogno di tantissima energia. Sulla carta siamo avanti 2-0, ma noi andiamo l\u00ec per giocare esattamente come se fossimo sullo 0-0\u00bb.<\/p>\n<p>Per Tortona sar\u00e0 una partita da dentro o fuori, per questo motivo \u00abgiocando in casa, davanti al loro pubblico, daranno sicuramente il 200% delle loro possibilit\u00e0 per cercare di allungare la serie &#8211; ha sottolineato il tecnico orogranata -. Noi andiamo l\u00ec con la filosofia giusta, la stessa che abbiamo sempre messo in campo durante tutta la stagione nelle partite in trasferta. Dovremo giocare con fisicit\u00e0, fiducia e pazienza\u00bb.<\/p>\n<p>Il calendario della serie<\/p>\n<ul>\n<li data-list-item-id=\"e46c6a201e66df8ab5418fa8539b17e6f\">Gara 1: Umana Reyer &#8211; Bertram Derthona 89-82<\/li>\n<li data-list-item-id=\"e2d41fdb0798b9c918d1c8eccd2ed9471\">Gara 2: Umana Reyer &#8211; Bertram Derthona 87-75<\/li>\n<li data-list-item-id=\"e71c88d4a5b75c540a1b63d99638762bb\">Gara 3: 22 maggio, ore 20.45, alla Nova Arena di Tortona<\/li>\n<li data-list-item-id=\"ec24046cbd170e32ae6e482636c002220\">Eventuale Gara 4: 24 maggio, alla Nova Arena di Tortona<\/li>\n<li data-list-item-id=\"e3a8085594dd597de4e3cd681b4416ed2\">Eventuale Gara 5: 26 maggio al Taliercio.<\/li>\n<\/ul>\n<p>  &#13;<br \/>\n&#13;<br \/>\n  &lt;!?php if ( SF_DOMAIN == &#8216;citynews-bruxellestoday&#8217; || SF_DOMAIN == &#8216;citynews-cagliaritoday&#8217; || SF_DOMAIN == &#8216;citynews-sassaritoday&#8217; || SF_DOMAIN == &#8216;citynews-tarantotoday&#8217; || SF_DOMAIN == &#8216;citynews-viterbotoday&#8217; || SF_DOMAIN == &#8216;citynews-ferraratoday&#8217; ): ?&gt;&#13;<br \/>\n    &#13;<br \/>\n  &lt;!?php endif; ?&gt;&#13;<br \/>\n  &#13;<br \/>\n&#13;<br \/>\n            &#13;<br \/>\n            &#13;<\/p>\n<p>         &#13;<br \/>\n  &#13;<br \/>\n    &#13;<br \/>\n      &#13;<br \/>\n    &#13;<br \/>\n    <strong>2<\/strong> minuti di lettura   &#13;<\/p>\n","protected":false},"excerpt":{"rendered":"Cresce l&#8217;attesa per gara 3 dei quarti di finale playoff tra l&#8217;Umana Reyer e la Bertram Derthona Tortona.&hellip;\n","protected":false},"author":3,"featured_media":502986,"comment_status":"","ping_status":"","sticky":false,"template":"","format":"standard","meta":{"footnotes":"","_share_on_mastodon":"0"},"categories":[1453],"tags":[1756,1757,1537,90,89,12040,12041,245,244],"class_list":["post-502985","post","type-post","status-publish","format-standard","has-post-thumbnail","category-basket","tag-basket","tag-basketball","tag-it","tag-italia","tag-italy","tag-playoff","tag-reyer","tag-sport","tag-sports"],"share_on_mastodon":{"url":"https:\/\/pubeurope.com\/@it\/116618802549184406","error":""},"_links":{"self":[{"href":"https:\/\/www.europesays.com\/it\/wp-json\/wp\/v2\/posts\/502985","targetHints":{"allow":["GET"]}}],"collection":[{"href":"https:\/\/www.europesays.com\/it\/wp-json\/wp\/v2\/posts"}],"about":[{"href":"https:\/\/www.europesays.com\/it\/wp-json\/wp\/v2\/types\/post"}],"author":[{"embeddable":true,"href":"https:\/\/www.europesays.com\/it\/wp-json\/wp\/v2\/users\/3"}],"replies":[{"embeddable":true,"href":"https:\/\/www.europesays.com\/it\/wp-json\/wp\/v2\/comments?post=502985"}],"version-history":[{"count":0,"href":"https:\/\/www.europesays.com\/it\/wp-json\/wp\/v2\/posts\/502985\/revisions"}],"wp:featuredmedia":[{"embeddable":true,"href":"https:\/\/www.europesays.com\/it\/wp-json\/wp\/v2\/media\/502986"}],"wp:attachment":[{"href":"https:\/\/www.europesays.com\/it\/wp-json\/wp\/v2\/media?parent=502985"}],"wp:term":[{"taxonomy":"category","embeddable":true,"href":"https:\/\/www.europesays.com\/it\/wp-json\/wp\/v2\/categories?post=502985"},{"taxonomy":"post_tag","embeddable":true,"href":"https:\/\/www.europesays.com\/it\/wp-json\/wp\/v2\/tags?post=502985"}],"curies":[{"name":"wp","href":"https:\/\/api.w.org\/{rel}","templated":true}]}}