{"id":503021,"date":"2026-05-22T15:21:15","date_gmt":"2026-05-22T15:21:15","guid":{"rendered":"https:\/\/www.europesays.com\/it\/503021\/"},"modified":"2026-05-22T15:21:15","modified_gmt":"2026-05-22T15:21:15","slug":"fabregas-nico-paz-non-giochera-nellinter-zanetti-deve-portare-rispetto","status":"publish","type":"post","link":"https:\/\/www.europesays.com\/it\/503021\/","title":{"rendered":"Fabregas: \u00abNico Paz non giocher\u00e0 nell&#8217;Inter, Zanetti deve portare rispetto\u00bb"},"content":{"rendered":"<p>    di<br \/>\n    Redazione Sport<\/p>\n<p class=\"summary-art is-line-h-12\">L&#8217;allenatore del Como risponde piccato alle ultime dichiarazioni del vicepresidente dell&#8217;Inter che, a una radio argentina, aveva ribadito la volont\u00e0 di vedere il trequartista in nerazzurro<\/p>\n<p class=\"chapter-paragraph\">\u00ab<b>Zanetti <\/b>\u00e8 stata una persona molto importante nel calcio, conosce bene le dinamiche, conosco bene <b>Ausilio e Baccin<\/b>, so che sono loro a prendere le decisioni.<b> Alla fine Nico Paz \u00e8 un giocatore del Como al 50%, per\u00f2 \u00e8 nostro.<\/b> L&#8217;unica societ\u00e0 che pu\u00f2 dire qualcosa \u00e8 il Real Madrid. Io so che Zanetti non lavora per il Madrid e il Como,<b> allora bisogna portare rispetto<\/b>\u00bb.\u00a0Cesc Fabregas risponde piccato alle esternazioni del vicepresidente dell&#8217;Inter che, a una radio argentina, aveva dichiarato: \u00abDa quello che so torner\u00e0 al Real Madrid, ma non si smette mai di sperare di vederlo con la maglia dell&#8217;Inter\u00bb.\u00a0<\/p>\n<p class=\"chapter-paragraph\">Parole che all&#8217;allenatore spagnolo, accostato la scorsa estate proprio alla panchina dell&#8217;Inter prima dell&#8217;arrivo di Chivu, non sono proprio piaciute: \u00abCi sono anche piccoli messaggi che non mi piacciono. <b>Nico Paz non giocher\u00e0 nell&#8217;Inter.<\/b> O torner\u00e0 al Real Madrid o giocher\u00e0 al Como l&#8217;anno prossimo. Si sta provando a vedere se pu\u00f2 giocare o no domenica, ma meriterebbe di giocare, ci ha aiutato tantissimo. Poi siamo contenti con lui e vedremo che succeder\u00e0 in 4-5 settimane\u00bb, spiega netto Fabregas. Difficilmente per\u00f2 l&#8217;argentino sar\u00e0 in campo con la Cremonese perch\u00e9 ancora non al 100%.\u00a0    &#13;<br \/>\n&#13;<br \/>\n&#13;<br \/>\n&#13;<br \/>\n&#13;<br \/>\n&#13;<br \/>\n&#13;<br \/>\n&#13;<br \/>\n&#13;<br \/>\n&#13;<br \/>\n&#13;<br \/>\n&#13;<br \/>\n&#13;<br \/>\n&#13;<br \/>\n&#13;<br \/>\n&#13;<br \/>\n&#13;<br \/>\n&#13;<br \/>\n&#13;<br \/>\n&#13;<br \/>\n&#13;<br \/>\n&#13;<br \/>\n&#13;<br \/>\n&#13;<br \/>\n&#13;<br \/>\n&#13;<br \/>\n&#13;<br \/>\n&#13;<br \/>\n&#13;<br \/>\n&#13;<br \/>\n&#13;<br \/>\n&#13;<br \/>\n&#13;<br \/>\n&#13;<br \/>\n&#13;<br \/>\n&#13;<br \/>\n&#13;<br \/>\n&#13;<br \/>\n&#13;<br \/>\n&#13;<br \/>\n&#13;<br \/>\n&#13;<br \/>\n&#13;<br \/>\n&#13;<br \/>\n&#13;<br \/>\n&#13;<br \/>\n&#13;<br \/>\n&#13;<br \/>\n&#13;<br \/>\n&#13;<br \/>\n&#13;<br \/>\n&#13;<br \/>\n&#13;\n<\/p>\n<p class=\"chapter-paragraph\"><b>Nico Paz<\/b> \u00e8 arrivato al <b>Como <\/b>nell&#8217;estate del 2024 a titolo definitivo per 6 milioni di euro dal <b>Real Madrid<\/b>, che si \u00e8 riservato il 50% su una futura rivendita del giocatore oltre alla possibilit\u00e0 di riacquistarlo nelle tre successive sessioni di mercato estive. Il 21enne spagnolo, con la 10 sulle spalle, con <b>Fabregas <\/b>si \u00e8 consacrato (19 gol e 17 assist in 75 partite) e il suo futuro \u2014 almeno quello immediato \u2014 sembra essere il <b>Real<\/b>, appunto. <b>Mourinho<\/b>, il favorito a sedere sulla panchina dei Blancos, lo valuter\u00e0 in ritiro. Tanti gli estimatori, fra cui anche l&#8217;Inter.\u00a0<\/p>\n<p class=\"is-last-update\" datetime=\"2026-05-22T16:37:38+02:00\">22 maggio 2026 ( modifica il 22 maggio 2026 | 16:37)<\/p>\n<p class=\"is-copyright\">\n            \u00a9 RIPRODUZIONE RISERVATA\n        <\/p>\n","protected":false},"excerpt":{"rendered":"di Redazione Sport L&#8217;allenatore del Como risponde piccato alle ultime dichiarazioni del vicepresidente dell&#8217;Inter che, a una radio&hellip;\n","protected":false},"author":3,"featured_media":503022,"comment_status":"","ping_status":"","sticky":false,"template":"","format":"standard","meta":{"footnotes":"","_share_on_mastodon":"0"},"categories":[1452],"tags":[1960,2648,721,3705,1533,4975,1740,1889,564,2250,2251,350,278813,278814,1537,90,89,5382,4978,51531,278815,4980,11377,28270,1272,1739,245,244,57031],"class_list":["post-503021","post","type-post","status-publish","format-standard","has-post-thumbnail","category-calcio","tag-allenatore","tag-argentina","tag-calcio","tag-como","tag-estate","tag-fabregas","tag-football","tag-giocare","tag-giocatore","tag-giochera","tag-giochera-inter","tag-inter","tag-inter-radio","tag-inter-radio-argentina","tag-it","tag-italia","tag-italy","tag-madrid","tag-nico","tag-nico-paz","tag-nico-paz-giochera","tag-paz","tag-real","tag-real-madrid","tag-so","tag-soccer","tag-sport","tag-sports","tag-zanetti"],"share_on_mastodon":{"url":"https:\/\/pubeurope.com\/@it\/116618912718872699","error":""},"_links":{"self":[{"href":"https:\/\/www.europesays.com\/it\/wp-json\/wp\/v2\/posts\/503021","targetHints":{"allow":["GET"]}}],"collection":[{"href":"https:\/\/www.europesays.com\/it\/wp-json\/wp\/v2\/posts"}],"about":[{"href":"https:\/\/www.europesays.com\/it\/wp-json\/wp\/v2\/types\/post"}],"author":[{"embeddable":true,"href":"https:\/\/www.europesays.com\/it\/wp-json\/wp\/v2\/users\/3"}],"replies":[{"embeddable":true,"href":"https:\/\/www.europesays.com\/it\/wp-json\/wp\/v2\/comments?post=503021"}],"version-history":[{"count":0,"href":"https:\/\/www.europesays.com\/it\/wp-json\/wp\/v2\/posts\/503021\/revisions"}],"wp:featuredmedia":[{"embeddable":true,"href":"https:\/\/www.europesays.com\/it\/wp-json\/wp\/v2\/media\/503022"}],"wp:attachment":[{"href":"https:\/\/www.europesays.com\/it\/wp-json\/wp\/v2\/media?parent=503021"}],"wp:term":[{"taxonomy":"category","embeddable":true,"href":"https:\/\/www.europesays.com\/it\/wp-json\/wp\/v2\/categories?post=503021"},{"taxonomy":"post_tag","embeddable":true,"href":"https:\/\/www.europesays.com\/it\/wp-json\/wp\/v2\/tags?post=503021"}],"curies":[{"name":"wp","href":"https:\/\/api.w.org\/{rel}","templated":true}]}}