{"id":50365,"date":"2025-08-16T06:26:09","date_gmt":"2025-08-16T06:26:09","guid":{"rendered":"https:\/\/www.europesays.com\/it\/50365\/"},"modified":"2025-08-16T06:26:09","modified_gmt":"2025-08-16T06:26:09","slug":"piccoli-miracoli-sotto-la-pioggia-storie-di-vita-e-di-battaglie-personali-i-dietro-le-quinte-del-libro-con-lautore-piero-meli","status":"publish","type":"post","link":"https:\/\/www.europesays.com\/it\/50365\/","title":{"rendered":"Piccoli miracoli sotto la pioggia, storie di vita e di battaglie personali: i dietro le quinte del libro con l\u2019autore, Piero Meli"},"content":{"rendered":"<p>Abbiamo salutato da pochissime ore il giorno di Ferragosto, quel momento che rappresenta \u201cl\u2019inizio della fine\u201d dell\u2019estate. Che, detta cos\u00ec, pu\u00f2 avere un retrogusto apocalittico, ma di fatto sono in tanti coloro che vedono le proprie ferie terminare proprio a ridosso di questo frangente, con il ritorno alla routine e al solito tran tran che incombono.<\/p>\n<p>Serve la giusta evasione per sopravvivere alle incombenze della vita quotidiana, e un buon libro pu\u00f2 essere il biglietto perfetto per un viaggio degno di tal nome. Il sabato, sulle pagine web di <b>RTL 102.5<\/b>, \u00e8 il momento perfetto per lo scopo. \u00c8 quel momento in cui andiamo a fondo delle pubblicazioni recenti grazie agli autori e alle autrici che a quelle storie ci hanno lavorato. Come accaduto nelle scorse settimane con <b><a href=\"https:\/\/www.rtl.it\/notizie\/articoli\/questioni-di-famiglia-la-vita-sa-essere-complicata-a-ogni-eta-scopriamo-i-retroscena-del-libro-con-l-autrice-cinzia-pennati\/\" target=\"_blank\" rel=\"nofollow noopener\">\u201cQuestioni di famiglia\u201d di Cinzia Pennati<\/a><\/b> e <b><a href=\"https:\/\/www.rtl.it\/notizie\/articoli\/la-fortuna-del-principiante-misteri-da-risolvere-nella-periferia-romana-alla-scoperta-del-libro-con-il-suo-autore-valerio-marra\/\" target=\"_blank\" rel=\"nofollow noopener\">\u201cLa fortuna del principiante\u201d di Valerio Marra<\/a><\/b>. <\/p>\n<p>Oggi la nostra lente d\u2019ingrandimento \u00e8 su \u201c<b>Piccoli miracoli sotto la pioggia<\/b>\u201d di <b>Piero Meli<\/b>, pubblicato da <b>Giulio Perrone Editore<\/b>. Un racconto corale che racchiude al suo interno tante storie diverse fatte di vissuto pulsante. E proprio con l\u2019autore abbiamo fatto una chiacchierata che ci ha permesso di saperne di pi\u00f9.  <\/p>\n<p><b>PICCOLI MIRACOLI SOTTO LA PIOGGIA, STORIE DI VITE CHE SCORRONO VIA <\/b><\/p>\n<p><b>Ciao Piero, come da tradizione ti cedo subito la parola per le introduzioni: cosa troviamo in &#8220;Piccoli miracoli sotto la pioggia&#8221;? <\/b><\/p>\n<p>\u201cIn \u201cPiccoli miracoli sotto la pioggia\u201d c\u2019\u00e8 un coro di voci che si intrecciano come fili bagnati, ognuna con la propria ferita e la propria luce segreta. Sono storie che condividono il medesimo spazio urbano (piazza San Babila, a Milano), ma non si toccano, se non per un attimo. \u00c8 un romanzo di incroci, di sguardi che non si dimenticano e di destini che si modificano senza rumore. La pioggia \u00e8 il respiro comune: non lava, non cancella, ma unisce. \u00c8 il momento in cui tutto pu\u00f2 cambiare, anche solo di un millimetro. E a volte basta quel millimetro per far nascere un miracolo.  E magari il lettore, voltando pagina, si trover\u00e0 a chiedersi se un giorno, sotto una pioggia qualunque, non possa accadere anche a lui.\u201d <\/p>\n<p><b>Com&#8217;\u00e8 nata l&#8217;idea di questo romanzo? E quanto tempo ti \u00e8 stato necessario per fare combaciare tutti i pezzi? <\/b><\/p>\n<p>\u201c\u00c8 nato da un\u2019immagine che non mi ha pi\u00f9 lasciato: una donna in impermeabile rosso che attraversa Milano in mezzo a un temporale. La sua figura aveva qualcosa di magnetico, di inevitabile. Ho cominciato a chiedermi quante vite potesse sfiorare semplicemente passandoci accanto, senza dire una parola. Da l\u00ec \u00e8 nato un meccanismo a catena: ogni storia ne chiamava un\u2019altra, ogni personaggio portava un pezzo mancante. Mettere tutto insieme \u00e8 stato come costruire un puzzle di cui ignoravo il disegno finale: ci sono voluti due anni di scrittura e riscrittura, di tagli e innesti, fino a quando le tessere non hanno smesso di muoversi e hanno trovato il loro posto naturale. Mi piacerebbe che il lettore si possa  riconoscere, in quell\u2019immagine, e trovare un passaggio della propria vita che ha cambiato tutto senza che se ne accorgesse subito.\u201d <\/p>\n<p><b>Mi ha sempre colpito molto la frase &#8220;Ogni persona che incontri sta combattendo una battaglia di cui non sai nulla. Sii gentile, sempre&#8221;. Possiamo dire che calzi a pennello per il tuo libro? <\/b><\/p>\n<p>\u201cQuella frase calza a pennello. Ogni personaggio del mio libro porta con s\u00e9 una battaglia silenziosa, invisibile agli occhi di chi incontra per strada o in un bar. Alcune sono ferite fresche, altre sono cicatrici ben coperte, altre ancora sono zavorre invisibili che si portano dietro da anni. La gentilezza, nelle mie pagine, non \u00e8 mai zuccherosa: \u00e8 un gesto ostinato, quasi feroce, che si compie anche quando sarebbe pi\u00f9 facile voltarsi dall\u2019altra parte. \u00c8 una forma di resistenza umana, un atto di ribellione alla distrazione e all\u2019indifferenza. Volevo far scoprire che, a volte, un solo gesto gentile pu\u00f2 diventare il punto esatto in cui una storia prende un\u2019altra direzione.\u201d <\/p>\n<p><b>TANTE STORIE, UN FILO ROSSO CHE LE UNISCE <\/b><\/p>\n<p><b>Nella storia c&#8217;\u00e8 un elemento che fa da fil rouge a tutti i diversi racconti dei personaggi. Come mai questa scelta? <\/b><\/p>\n<p>\u201cHo scelto un filo conduttore, la donna in rosso, perch\u00e9 volevo che il romanzo fosse un mosaico, ma con un cuore pulsante unico. Lei \u00e8 presenza e simbolo insieme: attraversa le vite degli altri lasciando tracce che a volte sono soltanto ombre, altre volte ferite, altre ancora piccolissimi miracoli. Non \u00e8 una salvatrice n\u00e9 una spettatrice: \u00e8 un catalizzatore inconsapevole, l\u2019innesco che fa scattare qualcosa dentro chi incrocia il suo cammino. Il lettore la vedr\u00e0 apparire e scomparire, senza mai poterla afferrare del tutto, proprio come accade con le persone che ci cambiano senza che ce ne rendiamo conto.\u201d <\/p>\n<p><b>C&#8217;\u00e8 un personaggio a cui ti senti maggiormente legato? <\/b><\/p>\n<p>\u201cOgni personaggio mi appartiene, ma forse Alberto, il clochard, mi ha lasciato il segno pi\u00f9 profondo. In lui ho visto la verit\u00e0 pi\u00f9 nuda del libro: anche nel buio pi\u00f9 compatto esiste sempre un frammento di luce, e spesso arriva dalla mano che meno ti aspetti. Alberto vive ai margini, eppure osserva tutto con una lucidit\u00e0 che i \u201cdentro\u201d non hanno. \u00c8 un uomo che ha perso quasi tutto, tranne la capacit\u00e0 di tendere una mano. Il suo sguardo contiene insieme la resa e la speranza, ed \u00e8 forse questa contraddizione a renderlo cos\u00ec vicino al cuore del lettore. Quando chiuderete il libro, forse Alberto rester\u00e0 l\u00ec, in un angolo della vostra memoria, a ricordarvi che la luce non sceglie mai dove cadere.\u201d <\/p>\n<p><b>Se il tuo libro fosse una canzone, quale sarebbe? <\/b><\/p>\n<p>\u201cSarebbe \u201cPerfect Day\u201d di Lou Reed: dolceamara, sospesa tra malinconia e speranza, con quella sensazione di un istante perfetto che non puoi trattenere, ma che ti resta dentro come una cicatrice luminosa. \u00c8 una canzone che, proprio come il mio libro, ti fa pensare che la bellezza possa esistere anche nelle giornate storte, nei cieli grigi, nei gesti che non cambiano il mondo ma cambiano te. E ogni volta che la riascolterete, vi torner\u00e0 in mente almeno una scena che avete letto.\u201d <\/p>\n<p><b>Hai gi\u00e0 qualche nuovo progetto in cantiere? Di cosa ti piacerebbe scrivere? <\/b><\/p>\n<p>\u201cCi sono immagini che mi inseguono: una porta socchiusa, un nome inciso su un vetro appannato, una voce che non riconosco. Forse diventeranno un libro, forse resteranno fantasmi. Non hanno ancora una trama, ma hanno gi\u00e0 un sapore. So solo che, qualunque forma prenderanno, avranno il passo lento di un calice di rosso lasciato respirare sul tavolo, con tutto il tempo necessario perch\u00e9 il profumo diventi storia. E quando sar\u00e0 il momento, brinder\u00f2 alla loro nascita, sperando che sorprendano anche me.\u201d <\/p>\n","protected":false},"excerpt":{"rendered":"Abbiamo salutato da pochissime ore il giorno di Ferragosto, quel momento che rappresenta \u201cl\u2019inizio della fine\u201d dell\u2019estate. Che,&hellip;\n","protected":false},"author":3,"featured_media":50366,"comment_status":"","ping_status":"","sticky":false,"template":"","format":"standard","meta":{"footnotes":""},"categories":[1445],"tags":[1608,203,204,1537,90,89,1609],"class_list":{"0":"post-50365","1":"post","2":"type-post","3":"status-publish","4":"format-standard","5":"has-post-thumbnail","7":"category-libri","8":"tag-books","9":"tag-entertainment","10":"tag-intrattenimento","11":"tag-it","12":"tag-italia","13":"tag-italy","14":"tag-libri"},"share_on_mastodon":{"url":"","error":""},"_links":{"self":[{"href":"https:\/\/www.europesays.com\/it\/wp-json\/wp\/v2\/posts\/50365","targetHints":{"allow":["GET"]}}],"collection":[{"href":"https:\/\/www.europesays.com\/it\/wp-json\/wp\/v2\/posts"}],"about":[{"href":"https:\/\/www.europesays.com\/it\/wp-json\/wp\/v2\/types\/post"}],"author":[{"embeddable":true,"href":"https:\/\/www.europesays.com\/it\/wp-json\/wp\/v2\/users\/3"}],"replies":[{"embeddable":true,"href":"https:\/\/www.europesays.com\/it\/wp-json\/wp\/v2\/comments?post=50365"}],"version-history":[{"count":0,"href":"https:\/\/www.europesays.com\/it\/wp-json\/wp\/v2\/posts\/50365\/revisions"}],"wp:featuredmedia":[{"embeddable":true,"href":"https:\/\/www.europesays.com\/it\/wp-json\/wp\/v2\/media\/50366"}],"wp:attachment":[{"href":"https:\/\/www.europesays.com\/it\/wp-json\/wp\/v2\/media?parent=50365"}],"wp:term":[{"taxonomy":"category","embeddable":true,"href":"https:\/\/www.europesays.com\/it\/wp-json\/wp\/v2\/categories?post=50365"},{"taxonomy":"post_tag","embeddable":true,"href":"https:\/\/www.europesays.com\/it\/wp-json\/wp\/v2\/tags?post=50365"}],"curies":[{"name":"wp","href":"https:\/\/api.w.org\/{rel}","templated":true}]}}