{"id":503685,"date":"2026-05-23T01:06:33","date_gmt":"2026-05-23T01:06:33","guid":{"rendered":"https:\/\/www.europesays.com\/it\/503685\/"},"modified":"2026-05-23T01:06:33","modified_gmt":"2026-05-23T01:06:33","slug":"antenne-bayern-collegata-in-dab-nel-nord-est","status":"publish","type":"post","link":"https:\/\/www.europesays.com\/it\/503685\/","title":{"rendered":"Antenne Bayern collegata in DAB+ nel nord-est"},"content":{"rendered":"<p>In occasione dell\u2019inizio delle vacanze di Pentecoste, l\u2019emittente rafforza la propria offerta per i turisti tedeschi, in particolare bavaresi, gi\u00e0 storicamente presenti nelle localit\u00e0 del Garda. Alla tradizionale copertura in <strong>FM<\/strong>, attiva da decenni attorno al lago, si affianca ora<strong> una diffusione digitale molto pi\u00f9 estesa<\/strong>, pensata per accompagnare gli ascoltatori anche durante gli spostamenti.<\/p>\n<p>Da anni <strong>Antenne Bayern<\/strong> collabora con l\u2019emittente italiana <strong>Radio Studio Pi\u00f9<\/strong> per garantire la ricezione in FM nell\u2019area gardesana, servizio che sar\u00e0 confermato anche nel 2026. La novit\u00e0 \u00e8 rappresentata dall\u2019introduzione del <strong>DAB+<\/strong>, che consente una copertura significativamente pi\u00f9 ampia nel Nord Italia.<\/p>\n<p>Particolarmente rilevante \u00e8 la copertura lungo le principali direttrici di traffico verso sud: il segnale digitale sar\u00e0 disponibile lungo l\u2019autostrada del Brennero <strong>A22<\/strong>, da Bolzano attraverso Trento, Rovereto e Verona fino al Lago di Garda, e proseguir\u00e0 lungo le autostrade <strong>A4<\/strong> e <strong>A13<\/strong> in direzione Venezia e della riviera adriatica.<\/p>\n<p>Il nuovo bacino di diffusione comprende numerose localit\u00e0 turistiche e citt\u00e0, tra cui <strong>Bolzano, Merano, Trento, Rovereto, Riva del Garda, Desenzano del Garda, Verona, Vicenza, Treviso, Jesolo, San Don\u00e0 di Piave, Chioggia, Ferrara<\/strong> e vaste aree attorno a <strong>Venezia e al Delta del Po<\/strong>.<\/p>\n<p>\u201cPer molti bavaresi il Lago di Garda o la costa adriatica fanno parte integrante dell\u2019estate, cos\u00ec come la sensazione di sentirsi a casa\u201d, ha dichiarato <strong>Wolfgang Leikermoser<\/strong>, conduttore del programma mattutino dell\u2019emittente. \u201cPoter accompagnare gli ascoltatori proprio durante le vacanze rende questa espansione qualcosa di speciale\u201d.<\/p>\n<p>Restano attive le frequenze <strong>FM<\/strong> nell\u2019area del Garda:<\/p>\n<ul>\n<li>\n<strong>100.1 MHz<\/strong> \u2013 Riva del Garda<\/li>\n<li>\n<strong>91.0 MHz<\/strong> \u2013 Malcesine<\/li>\n<li>\n<strong>91.0 MHz<\/strong> \u2013 Rovereto<\/li>\n<li>\n<strong>94.0 MHz<\/strong> \u2013 Pozzolengo<\/li>\n<\/ul>\n<p><strong>Antenne Bayern<\/strong> \u00e8 inoltre disponibile in Baviera via FM e DAB+, oltre che in tutto il mondo tramite app, smart TV, smart speaker e streaming online.<\/p>\n<p>(Si ringrazia Andrea Lombardo per la segnalazione)<\/p>\n<p><strong>* Per comunicati e segnalazioni:\u00a0<a href=\"https:\/\/www.fm-world.it\/cdn-cgi\/l\/email-protection\" class=\"__cf_email__\" data-cfemail=\"92fbfcf4fdd2f4ffbfe5fde0fef6bcfbe6\" rel=\"nofollow noopener\" target=\"_blank\">[email\u00a0protected]<\/a><\/strong><\/p>\n","protected":false},"excerpt":{"rendered":"In occasione dell\u2019inizio delle vacanze di Pentecoste, l\u2019emittente rafforza la propria offerta per i turisti tedeschi, in particolare&hellip;\n","protected":false},"author":3,"featured_media":503686,"comment_status":"","ping_status":"","sticky":false,"template":"","format":"standard","meta":{"footnotes":"","_share_on_mastodon":"0"},"categories":[1443],"tags":[279048,4063,203,204,1537,90,89,1538,1539,13851],"class_list":["post-503685","post","type-post","status-publish","format-standard","has-post-thumbnail","category-musica","tag-antenne-bayern","tag-dab","tag-entertainment","tag-intrattenimento","tag-it","tag-italia","tag-italy","tag-music","tag-musica","tag-nord-est"],"share_on_mastodon":{"url":"https:\/\/pubeurope.com\/@it\/116621213015159263","error":""},"_links":{"self":[{"href":"https:\/\/www.europesays.com\/it\/wp-json\/wp\/v2\/posts\/503685","targetHints":{"allow":["GET"]}}],"collection":[{"href":"https:\/\/www.europesays.com\/it\/wp-json\/wp\/v2\/posts"}],"about":[{"href":"https:\/\/www.europesays.com\/it\/wp-json\/wp\/v2\/types\/post"}],"author":[{"embeddable":true,"href":"https:\/\/www.europesays.com\/it\/wp-json\/wp\/v2\/users\/3"}],"replies":[{"embeddable":true,"href":"https:\/\/www.europesays.com\/it\/wp-json\/wp\/v2\/comments?post=503685"}],"version-history":[{"count":0,"href":"https:\/\/www.europesays.com\/it\/wp-json\/wp\/v2\/posts\/503685\/revisions"}],"wp:featuredmedia":[{"embeddable":true,"href":"https:\/\/www.europesays.com\/it\/wp-json\/wp\/v2\/media\/503686"}],"wp:attachment":[{"href":"https:\/\/www.europesays.com\/it\/wp-json\/wp\/v2\/media?parent=503685"}],"wp:term":[{"taxonomy":"category","embeddable":true,"href":"https:\/\/www.europesays.com\/it\/wp-json\/wp\/v2\/categories?post=503685"},{"taxonomy":"post_tag","embeddable":true,"href":"https:\/\/www.europesays.com\/it\/wp-json\/wp\/v2\/tags?post=503685"}],"curies":[{"name":"wp","href":"https:\/\/api.w.org\/{rel}","templated":true}]}}