{"id":50377,"date":"2025-08-16T06:34:13","date_gmt":"2025-08-16T06:34:13","guid":{"rendered":"https:\/\/www.europesays.com\/it\/50377\/"},"modified":"2025-08-16T06:34:13","modified_gmt":"2025-08-16T06:34:13","slug":"noleggia-lauto-della-tua-vacanza-risparmiando-le-tariffe-convenienti-di-sixt","status":"publish","type":"post","link":"https:\/\/www.europesays.com\/it\/50377\/","title":{"rendered":"Noleggia l&#8217;auto della tua vacanza risparmiando: le tariffe convenienti di Sixt"},"content":{"rendered":"<p>Per gli utenti che stanno confrontando le varie proposte delle compagnie di autonoleggio in vista di una vacanza in questa seconda met\u00e0 del mese di agosto, segnaliamo le <strong>tariffe convenienti di Sixt<\/strong>, multinazionale europea di <strong>noleggio auto<\/strong> che pu\u00f2 vantare una storia di oltre 100 anni (\u00e8 stata la prima compagnia di autonoleggio in Germania).<\/p>\n<p><a class=\"blz_link\" href=\"https:\/\/shortlink.hdmotori.it\/689edf380932f22bf20c9b96\" target=\"_blank\" rel=\"nofollow noopener\" data-bmaff-domain=\"hdm\" data-bmaff-tipologia=\"news\" data-bmaff-custom=\"\" data-bmaff-po=\"\" data-bmaff-format=\"link\" data-bmaff-format-title=\"Link\" data-bmaff-link_id=\"4663\" data-bmaff-subject=\"Automotive\" data-bmaff-program=\"Sixt\" data-bmaff-program_suffix=\"sixt\" data-bmaff-platform=\"Tradedoubler\" data-bmaff-filone=\"Servizi\" data-bmaff-author=\"Federico Pisanu\" data-bmaff-alias=\"Federico Pisanu\" data-bmaff-postid=\"0\" data-bmaff-trackingid=\"hdmnewsservlnkautoTrdbfepisixt\" data-blz-style=\"default\">La prenotazione pu\u00f2 avvenire direttamente sul sito ufficiale di Sixt<\/a>, dove in questi giorni \u00e8 disponibile anche uno <strong>sconto fino al 10% sul noleggio di auto elettriche<\/strong>.<\/p>\n<p>    <a class=\"block\" href=\"https:\/\/cdn.hdmotori.it\/f2ZRP7u8QXx5Or9CwFuYm1kD2cpclvpv4dGrzRaCPwQ\/\/rs:fill:1920:1080\/q:100\/plain\/https:\/\/www.hdmotori.it\/app\/uploads\/2025\/08\/citroen-e-c3-noleggio-auto-sixt.jpg@webp\" title=\"ingrandisci immagine\" data-fancybox-type=\"image\" rel=\"nofollow noopener\" target=\"_blank\"><br \/>\n        <img decoding=\"async\" loading=\"lazy\" fetchpriority=\"low\" class=\"w-full rounded-lg mx-auto block shadow\" width=\"660\" alt=\"ingrandisci immagine\" src=\"\"\/><br \/>\n    <\/a><\/p>\n<p>                                Noleggio auto con Sixt con tariffe convenienti (anche auto elettriche)<\/p>\n<p>Abbiamo provato a prenotare un\u2019auto a noleggio tra il 17 e 21 agosto, con ritiro e restituzione al terminal 1 dell\u2019aeroporto Charles de Gaulle di Parigi (terminal 1), da dove \u00e8 possibile partire per un viaggio on the road nella non lontana Normandia (la citt\u00e0 di Rouen dista meno di due ore dall\u2019aeroporto). Ecco il risultato.<\/p>\n<ul>\n<li><strong>Citro\u00ebn \u00eb-C3 o modelli simili<\/strong> (modello elettrico appartenente al segmento B con cambio automatico): 48,74 euro al giorno, per complessivi 194,96 euro<\/li>\n<li><strong>Fiat 500 o modelli simili<\/strong> (modello appartenente al segmento A con cambio manuale): 50,07 euro al giorno, per complessivi 200,26 euro<\/li>\n<li><strong>Volkswagen Polo o modelli simili<\/strong> (modello appartenente al segmento B con cambio manuale): 52,32 euro al giorno, per complessivi 209,27 euro<\/li>\n<li><strong>Citro\u00ebn C4 o modelli simili<\/strong> (modello appartenente al segmento C con cambio manuale): 56,97 euro al giorno, per complessivi 227,89 euro<\/li>\n<li><strong>Peugeot 2008 o modelli simili<\/strong> (modello appartenente al segmento B-SUV con cambio manuale): 58,72 euro al giorno<\/li>\n<li><strong>BMW Serie 1 o modelli simili<\/strong> (modello appartenente al segmento C con cambio automatico): 67,97 euro al giorno, per complessivi 271,87 euro<\/li>\n<li><strong>Cupra Formentor o modelli simili<\/strong> (modello appartenente al segmento C-SUV con cambio automatico): 73,79 euro al giorno, per complessivi 295,15 euro<\/li>\n<\/ul>\n<p>Da un confronto con altre compagnie di autonoleggio note, vi possiamo confermare che, a parit\u00e0 di modello e periodo preso in considerazione (seconda met\u00e0 del mese di agosto), le tariffe di Sixt sono pi\u00f9 convenienti. Trovate maggiori informazioni direttamente sul portale web ufficiale.<\/p>\n","protected":false},"excerpt":{"rendered":"Per gli utenti che stanno confrontando le varie proposte delle compagnie di autonoleggio in vista di una vacanza&hellip;\n","protected":false},"author":3,"featured_media":50378,"comment_status":"","ping_status":"","sticky":false,"template":"","format":"standard","meta":{"footnotes":""},"categories":[172],"tags":[178,177,1537,90,89],"class_list":{"0":"post-50377","1":"post","2":"type-post","3":"status-publish","4":"format-standard","5":"has-post-thumbnail","7":"category-affari","8":"tag-affari","9":"tag-business","10":"tag-it","11":"tag-italia","12":"tag-italy"},"share_on_mastodon":{"url":"","error":""},"_links":{"self":[{"href":"https:\/\/www.europesays.com\/it\/wp-json\/wp\/v2\/posts\/50377","targetHints":{"allow":["GET"]}}],"collection":[{"href":"https:\/\/www.europesays.com\/it\/wp-json\/wp\/v2\/posts"}],"about":[{"href":"https:\/\/www.europesays.com\/it\/wp-json\/wp\/v2\/types\/post"}],"author":[{"embeddable":true,"href":"https:\/\/www.europesays.com\/it\/wp-json\/wp\/v2\/users\/3"}],"replies":[{"embeddable":true,"href":"https:\/\/www.europesays.com\/it\/wp-json\/wp\/v2\/comments?post=50377"}],"version-history":[{"count":0,"href":"https:\/\/www.europesays.com\/it\/wp-json\/wp\/v2\/posts\/50377\/revisions"}],"wp:featuredmedia":[{"embeddable":true,"href":"https:\/\/www.europesays.com\/it\/wp-json\/wp\/v2\/media\/50378"}],"wp:attachment":[{"href":"https:\/\/www.europesays.com\/it\/wp-json\/wp\/v2\/media?parent=50377"}],"wp:term":[{"taxonomy":"category","embeddable":true,"href":"https:\/\/www.europesays.com\/it\/wp-json\/wp\/v2\/categories?post=50377"},{"taxonomy":"post_tag","embeddable":true,"href":"https:\/\/www.europesays.com\/it\/wp-json\/wp\/v2\/tags?post=50377"}],"curies":[{"name":"wp","href":"https:\/\/api.w.org\/{rel}","templated":true}]}}