{"id":50444,"date":"2025-08-16T07:31:10","date_gmt":"2025-08-16T07:31:10","guid":{"rendered":"https:\/\/www.europesays.com\/it\/50444\/"},"modified":"2025-08-16T07:31:10","modified_gmt":"2025-08-16T07:31:10","slug":"sinner-atmane-oggi-semifinale-cincinnati-orario-e-dove-vederla-in-tv","status":"publish","type":"post","link":"https:\/\/www.europesays.com\/it\/50444\/","title":{"rendered":"Sinner-Atmane oggi, semifinale Cincinnati. Orario e dove vederla in tv"},"content":{"rendered":"<p class=\"art-text\" id=\"\">\n<p>    <b>Jannik Sinner torna in campo a Cincinnati. Il tennista azzurro sfida oggi, nella serata di sabato 16 agosto, il francese Terence Atmane<\/b>, numero 136 del mondo, nella semifinale del Masters 1000 americano &#8211; in diretta tv e streaming. Sinner ha battuto nei quarti il canadese Auger Aliassime, mentre all&#8217;esordio aveva superato il colombiano Daniel Elahi Galan, al terzo turno l&#8217;altro canadese Gabriel Diallo e agli ottavi il francese Adrian Mannarino. Atmane invece ha battuto, a sospresa, il danese Holger Rune, numero 9 del mondo, dopo aver gi\u00e0 eliminato il numero 4 e &#8216;padrone di casa&#8217; Taylor Fritz.\n<\/p>\n<p>\t\t\t\t\tSinner-Atmane, orario e precedenti<\/p>\n<p class=\"art-text\" id=\"\">\n    La sfida tra Sinner e Atmane \u00e8 in programma <b>oggi, sabato 16 agosto,<\/b> non prima delle 15 locali, le 21 in Italia. I due tennisti non si sono mai affrontati in carriera, con quello di Cincinnati che sar\u00e0 quindi il primo precedente tra loro. Atmane, numero 134 del mondo, \u00e8 proveniente dalle qualificazioni e finora ha battuto Flavio Cobolli, Taylor Fritz e Holger Rune. Il 23enne francese si \u00e8 assicurato un posto tra i primi 70 del mondo nella prossima classifica e con ogni probabilit\u00e0 potr\u00e0 firmare un ricco contratto con uno sponsor tecnico: finora, il transalpino \u00e8 sceso in campo senza un brand a sostegno.\n<\/p>\n<p>Sinner-Atmane, dove vederla in tv<\/p>\n<p class=\"art-text\" id=\"\">\n    Sinner-Atmane, cos\u00ec come tutto il Masters 1000 di Cincinnati, sar\u00e0 trasmessa in <b>diretta televisiva e in esclusiva sui canali di Sky Sport.<\/b> Il match sar\u00e0 visibile anche in streaming sull&#8217;app Sky Go e su NOW, oltre che su Tennis Tv.<\/p>\n","protected":false},"excerpt":{"rendered":"Jannik Sinner torna in campo a Cincinnati. Il tennista azzurro sfida oggi, nella serata di sabato 16 agosto,&hellip;\n","protected":false},"author":3,"featured_media":42494,"comment_status":"","ping_status":"","sticky":false,"template":"","format":"standard","meta":{"footnotes":""},"categories":[6],"tags":[14,8,1537,90,89,7,15,82,9,83,10,13,11,80,84,12,81,85],"class_list":{"0":"post-50444","1":"post","2":"type-post","3":"status-publish","4":"format-standard","5":"has-post-thumbnail","7":"category-ultime-notizie","8":"tag-cronaca","9":"tag-headlines","10":"tag-it","11":"tag-italia","12":"tag-italy","13":"tag-news","14":"tag-notizie","15":"tag-notizie-di-cronaca","16":"tag-notizie-principali","17":"tag-notiziedicronaca","18":"tag-notizieprincipali","19":"tag-titoli","20":"tag-ultime-notizie","21":"tag-ultime-notizie-di-cronaca","22":"tag-ultime-notizie-e-news-di-oggi","23":"tag-ultimenotizie","24":"tag-ultimenotiziedicronaca","25":"tag-ultimenotizieenewsdioggi"},"share_on_mastodon":{"url":"","error":""},"_links":{"self":[{"href":"https:\/\/www.europesays.com\/it\/wp-json\/wp\/v2\/posts\/50444","targetHints":{"allow":["GET"]}}],"collection":[{"href":"https:\/\/www.europesays.com\/it\/wp-json\/wp\/v2\/posts"}],"about":[{"href":"https:\/\/www.europesays.com\/it\/wp-json\/wp\/v2\/types\/post"}],"author":[{"embeddable":true,"href":"https:\/\/www.europesays.com\/it\/wp-json\/wp\/v2\/users\/3"}],"replies":[{"embeddable":true,"href":"https:\/\/www.europesays.com\/it\/wp-json\/wp\/v2\/comments?post=50444"}],"version-history":[{"count":0,"href":"https:\/\/www.europesays.com\/it\/wp-json\/wp\/v2\/posts\/50444\/revisions"}],"wp:featuredmedia":[{"embeddable":true,"href":"https:\/\/www.europesays.com\/it\/wp-json\/wp\/v2\/media\/42494"}],"wp:attachment":[{"href":"https:\/\/www.europesays.com\/it\/wp-json\/wp\/v2\/media?parent=50444"}],"wp:term":[{"taxonomy":"category","embeddable":true,"href":"https:\/\/www.europesays.com\/it\/wp-json\/wp\/v2\/categories?post=50444"},{"taxonomy":"post_tag","embeddable":true,"href":"https:\/\/www.europesays.com\/it\/wp-json\/wp\/v2\/tags?post=50444"}],"curies":[{"name":"wp","href":"https:\/\/api.w.org\/{rel}","templated":true}]}}