{"id":50457,"date":"2025-08-16T07:45:14","date_gmt":"2025-08-16T07:45:14","guid":{"rendered":"https:\/\/www.europesays.com\/it\/50457\/"},"modified":"2025-08-16T07:45:14","modified_gmt":"2025-08-16T07:45:14","slug":"marcella-bella-sono-focosa-e-sincera-baciarsi-si-anche-a-70-anni-il-momento-peggiore-della-mia-vita-lictus-di-mio-fratello-gianni","status":"publish","type":"post","link":"https:\/\/www.europesays.com\/it\/50457\/","title":{"rendered":"Marcella Bella: \u00abSono focosa e sincera. Baciarsi s\u00ec, anche a 70 anni. Il momento peggiore della mia vita? L&#8217;ictus di mio fratello Gianni\u00bb"},"content":{"rendered":"<p>                                                                                                                      di Maria Teresa Veneziani<\/p>\n<p class=\"summary-art is-line-h-12\">\u00abLe radio a una certa et\u00e0 ti tagliano fuori. Conobbi mio marito da sposato e gli dissi subito che non avrei fatto l&#8217;amante. Iglesias mi corteggi\u00f2 ma non sono fatta per le scappatelle\u00bb<\/p>\n<p class=\"chapter-paragraph\">\u00abSono una donna passionale e metto passione in tutto quello che faccio e dico. \u00c8 questo che molti non capiscono. Anche quando rispondo in un certo modo, non lo faccio per offendere, \u00e8 qualcosa che arriva dalla mia sicilianit\u00e0,<b> dal mio essere cos\u00ec focosa e sincera, <\/b>anche se questo mi ha fregato troppe volte&#8230;\u00bb.  Difficile essere diplomatici se ti paragoni all\u2019Etna, ma \u00e8 anche grazie al suo temperamento vulcanico se Marcella Bella a 73 anni \u2013 ne dimostra 50 &#8211; \u00e8 tornata alla ribalta con un brano agguerrito, \u201cPelle diamante\u201d , di cui \u00e8 co-autrice.\u00a0<\/p>\n<p class=\"chapter-paragraph\">Una ballata pop che inneggia alla donna indipendente, determinata a lottare per i propri obiettivi (<b>\u201cNon mi fa male niente. Stronza, forse. Ma sorprendente. Una mina vagante. Sono una combattente!\u201d<\/b>) che dopo Sanremo (mancava da 18 anni) ha dato vita a un tour che riempie piazze e palazzetti, ma soprattutto l\u2019ha eletta a paladina delle donne forti. E non solo. Pantaloni bianchi morbidi,  t-shirt bianca e scarpe da ginnastica: Marcella per l\u2019intervista ha scelto <b>un baretto di Ibiza<\/b> (dove qualche signora la riconosce e le manda un bacio) mentre \u00e8 in vacanza con la famiglia.    &#13;<br \/>\n&#13;<br \/>\n&#13;<br \/>\n&#13;<br \/>\n&#13;<br \/>\n&#13;<br \/>\n&#13;<br \/>\n&#13;<br \/>\n&#13;<br \/>\n&#13;<br \/>\n&#13;<br \/>\n&#13;<br \/>\n&#13;<br \/>\n&#13;<br \/>\n&#13;<br \/>\n&#13;<br \/>\n&#13;<br \/>\n&#13;<br \/>\n&#13;<br \/>\n&#13;<br \/>\n&#13;<br \/>\n&#13;<br \/>\n&#13;<br \/>\n&#13;<br \/>\n&#13;<br \/>\n&#13;<br \/>\n&#13;<br \/>\n&#13;<br \/>\n&#13;<br \/>\n&#13;<br \/>\n&#13;<br \/>\n&#13;<br \/>\n&#13;<br \/>\n&#13;<br \/>\n&#13;<br \/>\n&#13;<br \/>\n&#13;<br \/>\n&#13;<br \/>\n&#13;<br \/>\n&#13;<br \/>\n&#13;<br \/>\n&#13;<br \/>\n&#13;<br \/>\n&#13;<br \/>\n&#13;<br \/>\n&#13;<br \/>\n&#13;<br \/>\n&#13;<br \/>\n&#13;<br \/>\n&#13;<br \/>\n&#13;<br \/>\n&#13;<br \/>\n&#13;\n<\/p>\n<p class=\"chapter-paragraph\"><b>Si aspettava questo riscatto?<\/b><br \/>\u00abNon proprio, ma ci tenevo: non ho mai mollato,  soprattutto per il lavoro. Non \u00e8 mai stato troppo facile per me e neppure per mio fratello Gianni\u00bb.<\/p>\n<p class=\"chapter-paragraph\"><b>C\u2019entra il maschilismo?<\/b><br \/>\u00abNon credo, piuttosto il fatto che non ho mai avuto santi in paradiso. Ho sempre lottato, sostenuta da Gianni che mi spronava quando mi abbattevo. E se sono diventata cos\u00ec forte forse \u00e8 stato proprio perch\u00e9 ho avuto molte delusioni\u00bb.<\/p>\n<p class=\"chapter-paragraph\"><b>La pi\u00f9 grande?<\/b><br \/>\u00abBeh la storia di Sanremo mi ha avvilito molto perch\u00e9 non esiste che per tornarci abbia dovuto aspettare 18 anni, di-ci-ot-to (scandisce). \u00c8 un po\u2019 troppo per una carriera di quasi mezzo secolo. Nel frattempo avrei anche potuto mollare tutto, invece ho resistito, mi dicevo \u201cBeh, ci torner\u00f2 il prossimo anno\u2026 e via cos\u00ec\u201d. Ci provavo a fare dischi, ma non avevano la stessa attenzione perch\u00e9 Sanremo \u00e8 diventato basilare\u2026 Ma non sono mai riusciti ad abbattermi del tutto anche se ci hanno provato\u2026\u00bb.<\/p>\n<p>        <img decoding=\"async\" class=\"is_full_image\" loading=\"lazy\" alt=\"Marcella Bella: \u00abSono focosa e sincera. Baciarsi s\u00ec, anche a 70 anni. Il momento peggiore della mia vita? L'ictus di mio fratello Gianni\u00bb\" src=\"https:\/\/www.europesays.com\/it\/wp-content\/uploads\/2025\/08\/68a02f72b3842.jpeg\" data-full-src=\"https:\/\/www.europesays.com\/it\/wp-content\/uploads\/2025\/08\/68a02f72b3842.jpeg\"\/><\/p>\n<p class=\"chapter-paragraph\"><b>La soddisfazione pi\u00f9 grande?<\/b><br \/>\u00ab\u00c8 incredibile, sono piaciuta tantissimo ai bambini sotto i 13 anni. Io credo di sapere perch\u00e9: mi vedono come sono veramente. Si parla malissimo di me, dicono che sono antipatica, arrogante, ma non mi conoscono, hanno preconcetti. I ragazzini invece hanno visto la mia anima, come sono veramente. Da uno di loro ho avuto la soddisfazione pi\u00f9 grande\u00bb.<\/p>\n<p class=\"chapter-paragraph\"><b>Racconti\u2026<\/b><br \/>\u00abIo mi classifico ultima e nella trasmissione il giorno dopo il Festival Mara Vernier presenta gli artisti, i vincitori. Nel pubblico c\u2019\u00e8 una mamma che chiede al figlio \u201cChi ti \u00e8 piaciuto?\u201d E lui \u201cMarcella! Doveva vincere lei\u201d. La mamma resta interdetta e pure i giornalisti che non mi hanno sostenuto per niente\u2026 Sono arrivati a dire che ero pure raccomandata (\u201cin area Meloni\u201d) dopo 8 festival e un successo internazionale come \u201cMontagne verdi\u201d che il Bayern Monaco ha preso come inno, pazzesco\u00bb.<\/p>\n<p class=\"chapter-paragraph\"><b>Ma si \u00e8 riscoperta femminista a 72 anni?<\/b><br \/>\u00abIo cerco di dare fiducia e speranza alle donne perch\u00e9 non sono mai state trattate cos\u00ec: bistrattate, ammazzate, violentate come negli ultimi anni. Non posso stare zitta e ho voluto farlo anche prima di \u201cPelle diamante\u201d. Sono molto sensibile su questo argomento. Nell\u2019album Etnea c\u2019\u00e8 la canzone che ho cantato con Loredana Bert\u00e9  \u201cMi rubi l\u2019anima\u201d dedicato alle donne sfregiate con l\u2019acido\u00bb.<\/p>\n<p class=\"chapter-paragraph\"><b>Aveva cantato anche \u201cUomo Bastardo\u201d&#8230;<\/b><br \/>\u00abParla del tradimento da parte dei mariti che guardano sempre le pi\u00f9 giovani e nonostante tutto certe donne lo accettano perch\u00e9 in fondo un tipo di uomo un po\u2019 bastardello piace\u00bb.<\/p>\n<p class=\"chapter-paragraph\"><b>Quale \u00e8 la sua idea su fedelt\u00e0 e tradimento? Isabella Ferrari dice che sono sopravvalutati\u2026<\/b><br \/>\u00abTradire \u00e8 ignobile e non si dovrebbe mai fare, una cosa che quando ami non ti viene neanche in mente, per\u00f2 con gli anni ho capito che forse solo la donna \u00e8 cos\u00ec, l\u2019uomo riesce ad amare pur con scappatelle\u00bb.<\/p>\n<p class=\"chapter-paragraph\"><b>I matrimoni famosi si stanno sciogliendo come neve al sole&#8230;<\/b><br \/>\u00abOgni caso \u00e8 a s\u00e9. \u00c8 chiaro che se succede alla mia et\u00e0 e la scappatella \u00e8 una cosa leggera non butti all\u2019aria una famiglia, devi cercare di perdonare. Per\u00f2 la stima viene a  mancare, la donna sa perdonare a differenza dell\u2019uomo, ma non dimentica. E quindi non si fida pi\u00f9\u00bb.<\/p>\n<p class=\"chapter-paragraph\"><b>Con suo marito Mario Merello, imprenditore milanese conosciuto tra le nevi di Madonna di Campiglio, state insieme da quasi 50 anni. Lui era gi\u00e0 stato sposato e gi\u00e0 padre.  Come lo accolsero i suoi genitori?<\/b><br \/>\u00abMia mamma era modernissima. E poi chiariamolo, non ho rubato niente a nessuno, perch\u00e9 lui aveva un notevole harem e fidanzate: diciamo che la moglie non ne era ignara. Un matrimonio cos\u00ec non finisce perch\u00e9 conosci una persona. E se non fossi stata io sarebbe stata quella dopo\u00bb.<\/p>\n<p>        <img decoding=\"async\" class=\"is_full_image\" loading=\"lazy\" alt=\"Marcella Bella: \u00abSono focosa e sincera. Baciarsi s\u00ec, anche a 70 anni. Il momento peggiore della mia vita? L'ictus di mio fratello Gianni\u00bb\" src=\"https:\/\/www.europesays.com\/it\/wp-content\/uploads\/2025\/08\/68a02fb0eb8ed.jpeg\" data-full-src=\"https:\/\/www.europesays.com\/it\/wp-content\/uploads\/2025\/08\/68a02fb0eb8ed.jpeg\"\/><\/p>\n<p class=\"chapter-paragraph\"><b>Per\u00f2 lei l\u2019ha messo in riga\u2026<\/b><br \/>\u00abBeh io sono una donna che deve essere la moglie non  l\u2019amante, altrimenti non avrebbe dovuto rivolgersi a me\u00bb.<\/p>\n<p class=\"chapter-paragraph\"><b>Che cosa le piace di lui?<\/b><br \/>\u00abLa personalit\u00e0 intelligente, come tutte le persone di cultura non ostenta, ma poi all\u2019improvviso se ne esce con una citazione di Seneca e ti lascia a bocca aperta\u00bb.<\/p>\n<p class=\"chapter-paragraph\"><b>Il sesso \u00e8 ancora importante a 70 anni?<\/b><br \/>\u00abCredo di s\u00ec, perch\u00e9 le coccole fanno bene alla psiche. Avere anche una forma di sesso dopo tanti anni di convivenza \u00e8 molto importante. Rapportarsi fisicamente, non dimenticare di abbracciarsi e baciarsi \u00e8 salutare perch\u00e9 altrimenti pi\u00f9 invecchi e pi\u00f9 ti allontani, l\u2019affetto fisico viene a mancare\u00bb.<\/p>\n<p class=\"chapter-paragraph\"><b>Con \u201cNell\u2019aria\u201d, (\u201cLa mia mente \u00e8 chiara\/ma a volte \u00e8 pi\u00f9 forte il sesso\/La mia gatta \u00e8 ancora l\u00ec\/Non parla ma dice s\u00ec) \u00e8 arrivata la svolta sexy. Che cosa \u00e8 la sensualit\u00e0 per lei?<\/b><br \/>\u00ab\u00c8 un modo di essere, le giovani oggi pensano di esserlo spogliandosi, ma non \u00e8 cos\u00ec. Una delle componenti essenziali della sensualit\u00e0 \u00e8 la femminilit\u00e0: o ce l\u2019hai o no, poi essere sexy per me \u00e8 passarsi un rossetto rosso, un tacco, muoversi in un certo modo. Io ho scoperto di essere sexy attraverso gli occhi di chi mi guarda\u00bb.<\/p>\n<p class=\"chapter-paragraph\"><b>Teche-teche-t\u00e8 ha rimandato  il  poker di Regine di Sanremo \u201986 &#8211; Rettore, Bella, Oxa, Bert\u00e9  &#8211; dove lei  era riuscita a vincere sulle \u201cgelosissime\u201d (le defin\u00ec Malgioglio) colleghe con \u201cSenza un briciolo di testa\u201d. Chi era la pi\u00f9 rissosa?<\/b><br \/>\u00abMentre Vincenzo Mollica mi intervistava, Rettore diceva \u201cHai il tacco 12\u201d,  per sottolineare che ero piccola mentre lei \u00e8 alta. Ce l\u2019aveva anche con il mio orologio, \u201cha il cartierino\u201d. Provocava. Vincenzo disse \u201c\u00e8 una rissa tra prime donne\u201d e lei \u201cNe vedo solo una\u201d, allora io ho risposto: \u201cS\u00ec, io\u201d. A pensarci loro erano pi\u00f9 agguerrite. Rettore per\u00f2 ora mi ha mandato un messaggio \u201cSorella, TVB\u201d.\u201d<\/p>\n<p class=\"chapter-paragraph\"><b>Rettore oggi dice di Giorgia che copia Whitney Houston e Patty Pravo di Elodie che si fa vestire da altri mentre lei ha sempre scelto il suo stile. Non dovrebbe esserci pi\u00f9 solidariet\u00e0 tra donne?<\/b><br \/>\u00abS\u00ec, a parte che Giorgia ha una voce meravigliosa, e poi \u00e8 chiaro che questi giovani si rifanno agli artisti Anni \u201880\u00bb.<\/p>\n<p class=\"chapter-paragraph\"><b>Che cosa pensa dei talent. Sono una valida fucina di cantanti?<\/b><br \/>\u00abSicuramente i M\u00e5neskin sono stati un fenomeno internazionale, una cosa pazzesca. Per\u00f2 che con questi reality ci sono troppi exploit che si rivelano fuochi di paglia, ragazzi che vanno avanti per 5 o 6 mesi ma poi spariscono e questo provoca nei giovani artisti problemi psicologici. Se non hai fatto la gavetta non sei pronto a prendere le porte in faccia. Per gestire gli insuccessi, che comunque arrivano, bisogna essere preparati\u201d.<\/p>\n<p class=\"chapter-paragraph\"><b>Ripete di aver sempre messo la famiglia al primo posto, anche rispetto alla carriera, dedicando al suo matrimonio tempo e dedizione. Non c\u2019\u00e8 contraddizione nel cantare l\u2019autoaffermazione femminile?<\/b><br \/>\u00abNo, si possono fare entrambe le cose. Per dedicarmi ai miei tre figli sono stata 8-9 anni senza cantare, ma non avevo ansie. Pensavo che poi Gianni mi avrebbe scritto un\u2019altra bella canzone e tutto sarebbe tornato come prima o quasi. Ne ero convinta e cos\u00ec \u00e8 stato. Quante volte ho riacciuffato il successo. Quando tutti mi davano per spacciata, per finita, io dimostravo che se hai qualcosa da dire o dare, la gente non si dimentica di te, ma devi lasciare un buon ricordo. Ho sempre prediletto la qualit\u00e0 rinunciando anche ai soldi. Me lo ha insegnato mio fratello: l\u2019artista deve sempre avere dignit\u00e0\u00bb.<\/p>\n<p>        <img decoding=\"async\" class=\"is_full_image\" loading=\"lazy\" alt=\"Marcella Bella: \u00abSono focosa e sincera. Baciarsi s\u00ec, anche a 70 anni. Il momento peggiore della mia vita? L'ictus di mio fratello Gianni\u00bb\" src=\"https:\/\/www.europesays.com\/it\/wp-content\/uploads\/2025\/08\/68a02fe839df8.jpeg\" data-full-src=\"https:\/\/www.europesays.com\/it\/wp-content\/uploads\/2025\/08\/68a02fe839df8.jpeg\"\/><\/p>\n<p class=\"chapter-paragraph\"><b>Nel 2022 aveva detto al Corriere: \u201cHo condiviso la popolarit\u00e0 con i Beatles, gli Stones, Elton John, David Bowie. Abbiamo avuto musicalmente il meglio. Ora canto per hobby e vedo un futuro triste\u201d Che momento \u00e8 questo per lei?<\/b><br \/>\u00abUn momento di cambiamenti. Sono pi\u00f9 felice, sono tornata a fare i concerti e la presenza di un pubblico affettuoso che canta quasi tutte le mie canzoni mi fa bene all\u2019anima. \u00c8 chiaro che poi non dimentico l\u2019epoca tragica che stiamo vivendo, per le guerre, per la donna, il lavoro, la mancanza di rispetto\u00bb.<\/p>\n<p class=\"chapter-paragraph\"><b>Dunque la famiglia non basta neppure a Marcella\u2026<\/b><br \/>\u00abBeh, mettetevi nei miei panni: ho iniziato a cantare che avevo 14 anni. Quando hai sentito il calore della gente non lo dimentichi. Il pubblico che ti acclama e canta con te \u00e8 come una droga, ti d\u00e0 una carica incredibile. Io lo amo, a Palermo ho cantato due ore ed ero ancora un grillo, non riuscivano pi\u00f9 a tirarmi gi\u00f9 dal palco\u00bb.<\/p>\n<p class=\"chapter-paragraph\"><b>Il momento pi\u00f9 difficile della sua vita?<\/b><br \/>\u00abQuando Gianni \u00e8 stato colpito dall\u2019ictus. Difficilissimo, ma\u00a0 lui ancora una volta mi ha insegnato tantissimo\u00bb.<\/p>\n<p class=\"chapter-paragraph\"><b>Che cosa?<\/b><br \/>\u00abA non perdere mai la speranza. A guardare sempre con ottimismo la vita per cui vale sempre la pena di vivere anche se non puoi  cantare n\u00e9 parlare. Gli sono sempre stata vicina e mi disperavo, ma lui mi sorrideva e mi faceva segno \u201cio sto bene\u201d. Mi ha insegnato che si pu\u00f2 dare speranza agli altri. Si pu\u00f2 sempre ricominciare\u00bb.<\/p>\n<p class=\"chapter-paragraph\"><b>Parla di s\u00e9?<\/b><br \/>\u00abS\u00ec, io ce l\u2019ho fatta.  Ho ricominciato, ho scritto ben 7 canzoni cosa che in 50 anni di carriera non avevo mai fatto. \u00c8 stato l\u2019altro mio fratello Rosario, che mi segue al piano sul palco, a insistere: E poi le parole venivano da sole\u00bb.<\/p>\n<p class=\"chapter-paragraph\"><b>Scoperta 14enne da Mike Bongiorno, come and\u00f2?<\/b><br \/>\u00abPap\u00e0 lavorava al mercato della frutta, ma era melomane. La nostra era una famiglia semplice in cui facevamo tutti musica, Gianni un talento autodidatta e poi gli altri miei due fratelli, Antonio e Rosario. Mike era in Sicilia per una promozione e chiam\u00f2 10 cantanti locali. Mi sent\u00ec e disse a mio padre: \u201cVorrei che Marcella venisse a fare un provino a Milano. Non ci credevamo e invece ci richiam\u00f2. Pag\u00f2 volo e hotel per me e mamma. Ci siamo state tre giorni e sono piaciuta, forse li ha colpiti il mio timbro  molto riconoscibile. Anche quando facevo Mina, la cantavo sempre a modo mio.  Mike era parsimonioso, mi ripeteva: \u201cEh, ricordati che ho pagato tutto io perch\u00e9 credo in te, eh\u2026\u00bb.<\/p>\n<p class=\"chapter-paragraph\"><b>E lei che messaggio manda oggi?<\/b><br \/>\u00abDico sempre che se hai un sogno devi andare fino in fondo e crederci. Io fin da piccola volevo fare la cantante. E per questo mi sento forte, tosta e indipendente, perch\u00e9 quando voglio una cosa e la desidero tanto, faccio di tutto per realizzarla\u00bb.<\/p>\n<p class=\"chapter-paragraph\"><b>Il suo sogno di oggi?<\/b><br \/>\u00abSono sempre tanti, ma mi piacerebbe poter far crescere questi ragazzini di 10-11 anni con la mia futura musica. Essere seguita da questi nuovi fan per un po\u2019 di tempo sarebbe una cosa bellissima\u00bb.<\/p>\n<p class=\"chapter-paragraph\"><b>Come si mantiene in forma?<\/b><br \/>\u00abMangio poco e sto attenta, cerco di evitare carne e alimenti intossicanti\u00bb.<\/p>\n<p class=\"chapter-paragraph\"><b>Che rapporto ha con la chirurgia estetica?<\/b><br \/>\u00abNessuno! Non mi farei mai tagliare per delle stupidaggini. E poi sinceramente voglio mantenere la mia faccia fino alla fine, voglio riconoscermi, non voglio avere tutta quella plastica e quelle facce gonfie che vedi in giro. Cedo solo a qualche punturina e a qualche trattamento estetico, non farei mai un lifting. Quando sar\u00f2 davvero vecchia vorr\u00e0 dire che leggeremo sulla mia faccia tutta l\u2019esperienza di una vita\u00bb.<\/p>\n<p class=\"chapter-paragraph\"><b>Alba Parietti posta le sue foto in bikini e scrive \u201cla vanit\u00e0 \u00e8 l\u2019eleganza della sopravvivenza\u201d. Lei che voto d\u00e0 alla sua vanit\u00e0?<\/b><br \/>\u00abBeh essere femminile vuol dire anche essere un po\u2019 vanitosa. Un bell\u20198 me lo merito!\u00bb.<\/p>\n<p class=\"chapter-paragraph\"><b>Bikini, trikini o costume intero?<\/b><br \/>\u00abNon ho pi\u00f9 l\u2019et\u00e0 per bikini o trikini. Costume interno, ma ne ho tanti bellissimi\u00bb.<\/p>\n<p class=\"chapter-paragraph\"><b>Julio Iglesias le sussurr\u00f2 \u201cMarcelita, sei libera per me?\u201d, ma dietro c\u2019era suo marito. Se non fosse stata impegnata come sarebbe finita?<\/b><br \/>\u00abChiss\u00e0\u2026 lasciamo il dubbio. Ho sempre amato il corteggiamento, ma non ho mai preso io l\u2019iniziativa, semmai buttavo l\u2019occhio ed essere corteggiati da Iglesias \u00e8 stato molto piacevole. Poi arrivata alla mia et\u00e0 si pensa a tutte le possibilit\u00e0 che hai avuto e hai lasciato perdere\u00bb.<\/p>\n<p class=\"chapter-paragraph\"><b>Ha rimpianti?<\/b><br \/>\u00abMa no, con il mio carattere non sono fatta per le scappatelle. Credo nell\u2019amore passionale, intenso, che mi emoziona e mi toglie il fiato e cos\u00ec sono andata avanti con l\u2019uomo che amo. Perch\u00e9 anche se la relazione si affievolisce un po\u2019, ci devi credere sempre\u00bb.<\/p>\n<p class=\"chapter-paragraph\"><b>Lei si era candidata con AN per l\u2019Europarlamento. Che cosa pensa di Giorgia Meloni?<\/b><br \/>\u00abQuella parentesi politica \u00e8 stato un errore. Non faceva per  me, io so cantare. Stimo Giorgia Meloni, sono contenta che a rappresentarci ci sia una donna che dimostra di essere molto pi\u00f9 forte di un uomo\u00bb.<\/p>\n<p class=\"chapter-paragraph\"><b>C\u2019\u00e8 parit\u00e0 nella musica?<\/b><br \/>\u00abCi sono discriminazioni e lo dico con dispiacere. Le radio quando hai una certa et\u00e0 ti tagliano fuori. A  meno di chiamarti Vasco Rossi, non ti passano un disco, capita a me come ad altri artisti.  Una cosa intollerabile, in Francia come negli Usa o in Inghilterra se sei artista lo sei fino a 90 anni\u00bb.<\/p>\n<p class=\"chapter-paragraph\"><b>Chi le piace tra i giovani?<\/b><br \/>\u00abTantissimo Blanco, ha scritto canzoni bellissime compresa quella per Giorgia. Quanto  mi piacerebbe cantare un suo brano\u00bb.<\/p>\n<p class=\"chapter-paragraph\"><b>Come si trova una siciliana a Milano?<\/b><br \/>\u00abBenissimo. E\u2019 la mia base di vita da quasi 50 anni. Per me \u00e8 stata una grande mamma, voglio bene ai milanesi\u00bb.<\/p>\n<p class=\"chapter-paragraph\"><b>Che rapporto ha con i social?<\/b><br \/>\u00abMi divertono. Sono curiosa e mi sento voluta bene, a parte qualche cattiveria, sempre da parte di donne, perch\u00e9 l\u2019invidia \u00e8 una brutta malattia.. Una mi ha scritto \u201cPerch\u00e9 non torni al mercato a vendere frutta come faceva tuo padre?\u201d, come se ci fosse qualcosa di sbagliato nel lavorare al mercato. Ma non \u00e8 nulla al confronto delle cose orrende che scrivono a Elodie\u00bb.<\/p>\n<p>        <img decoding=\"async\" class=\"is_full_image\" loading=\"lazy\" alt=\"Marcella Bella\" src=\"https:\/\/www.europesays.com\/it\/wp-content\/uploads\/2025\/08\/688cc6834db63.png\" data-full-src=\"https:\/\/www.europesays.com\/it\/wp-content\/uploads\/2025\/08\/688cc6834db63.png\"\/><\/p>\n<p class=\"is-last-update\" datetime=\"2025-08-16T09:15:17+02:00\">16 agosto 2025 ( modifica il 16 agosto 2025 | 09:15)<\/p>\n<p class=\"is-copyright\">\n            \u00a9 RIPRODUZIONE RISERVATA\n        <\/p>\n","protected":false},"excerpt":{"rendered":"di Maria Teresa Veneziani \u00abLe radio a una certa et\u00e0 ti tagliano fuori. Conobbi mio marito da sposato&hellip;\n","protected":false},"author":3,"featured_media":50458,"comment_status":"","ping_status":"","sticky":false,"template":"","format":"standard","meta":{"footnotes":""},"categories":[1451],"tags":[42589,42590,42591,11998,9521,7678,7488,6315,2852,8807,42565,42561,5471,37197,8047,42566,42567,14096,9808,16371,4657,16473,8115,9797,1902,6969,1621,1620,4018,928,122,2261,1367,2878,2276,7882,32435,3876,6927,5685,21664,10407,1731,2429,6018,1907,25259,8049,203,2152,42568,1909,7216,42569,1944,4631,846,42570,42571,45,2498,3440,3688,42572,36942,4965,11405,125,126,1598,4282,42562,48,4302,42573,4040,832,204,1537,90,89,4002,31234,20374,16776,42574,7242,8866,58,6045,1412,6411,9476,14827,28,16229,1229,1539,3608,2298,2463,42575,23436,42576,8176,8013,42577,4958,36379,42578,7900,8559,179,4061,42579,42580,18879,899,16383,1270,19882,9143,42563,1702,988,12285,42581,27675,9675,27843,2434,42582,24363,2526,360,337,14057,20822,1886,38758,42583,5248,42564,42584,6368,5994,42585,42586,42587,10022,14358,2529,42588,26465,4968,8188],"class_list":{"0":"post-50457","1":"post","2":"type-post","3":"status-publish","4":"format-standard","5":"has-post-thumbnail","7":"category-celebrita","8":"tag-abbattermi","9":"tag-abbattermi-provato","10":"tag-abbattermi-provato-soddisfazione","11":"tag-amante","12":"tag-amo","13":"tag-anima","14":"tag-aria","15":"tag-arrivata","16":"tag-artista","17":"tag-artisti","18":"tag-baciarsi","19":"tag-beh","20":"tag-bella","21":"tag-berte","22":"tag-bikini","23":"tag-bikini-trikini","24":"tag-bikini-trikini-costume","25":"tag-brano","26":"tag-canta","27":"tag-cantanti","28":"tag-cantare","29":"tag-cantato","30":"tag-canzone","31":"tag-canzoni","32":"tag-carriera","33":"tag-ce","34":"tag-celebrita","35":"tag-celebrities","36":"tag-cerco","37":"tag-chiaro","38":"tag-cose","39":"tag-costume","40":"tag-credo","41":"tag-da","42":"tag-dare","43":"tag-devi","44":"tag-diamante","45":"tag-dico","46":"tag-difficile","47":"tag-dimentica","48":"tag-dimostra","49":"tag-disse","50":"tag-donna","51":"tag-donne","52":"tag-dovrebbe","53":"tag-dovuto","54":"tag-eh","55":"tag-elodie","56":"tag-entertainment","57":"tag-eta","58":"tag-eta-tagliano","59":"tag-famiglia","60":"tag-fatta","61":"tag-fatta-scappatelle","62":"tag-femminile","63":"tag-festival","64":"tag-finita","65":"tag-focosa","66":"tag-focosa-sincera","67":"tag-fondo","68":"tag-forma","69":"tag-forte","70":"tag-fratello","71":"tag-fratello-gianni","72":"tag-frutta","73":"tag-gente","74":"tag-gianni","75":"tag-giorgia","76":"tag-giorgia-meloni","77":"tag-giovani","78":"tag-ictus","79":"tag-iglesias","80":"tag-importante","81":"tag-incredibile","82":"tag-indipendente","83":"tag-insegnato","84":"tag-internazionale","85":"tag-intrattenimento","86":"tag-it","87":"tag-italia","88":"tag-italy","89":"tag-mamma","90":"tag-mancare","91":"tag-manda","92":"tag-marcella","93":"tag-marcella-bella","94":"tag-marito","95":"tag-matrimonio","96":"tag-meloni","97":"tag-mente","98":"tag-mercato","99":"tag-messaggio","100":"tag-messo","101":"tag-mike","102":"tag-milano","103":"tag-mina","104":"tag-moglie","105":"tag-musica","106":"tag-padre","107":"tag-palco","108":"tag-parla","109":"tag-passionale","110":"tag-pelle","111":"tag-pelle-diamante","112":"tag-pensa","113":"tag-perdere","114":"tag-perdonare","115":"tag-piace","116":"tag-piacerebbe","117":"tag-piaciuta","118":"tag-piccola","119":"tag-preso","120":"tag-pubblico","121":"tag-radio","122":"tag-radio-eta","123":"tag-radio-eta-tagliano","124":"tag-ragazzini","125":"tag-rapporto","126":"tag-rettore","127":"tag-rispetto","128":"tag-rosario","129":"tag-sanremo","130":"tag-scappatelle","131":"tag-scelto","132":"tag-scritto","133":"tag-se","134":"tag-sensualita","135":"tag-sento","136":"tag-sesso","137":"tag-sexy","138":"tag-si","139":"tag-sincera","140":"tag-soddisfazione","141":"tag-sogno","142":"tag-sole","143":"tag-soprattutto","144":"tag-speranza","145":"tag-sposato","146":"tag-successo","147":"tag-tacco","148":"tag-tagliano","149":"tag-tanti","150":"tag-tantissimo","151":"tag-teche","152":"tag-tornata","153":"tag-tradimento","154":"tag-trikini","155":"tag-trikini-costume","156":"tag-vanita","157":"tag-vedo","158":"tag-veramente","159":"tag-viene","160":"tag-viene-mancare","161":"tag-vincenzo","162":"tag-vincere","163":"tag-voglio"},"share_on_mastodon":{"url":"","error":""},"_links":{"self":[{"href":"https:\/\/www.europesays.com\/it\/wp-json\/wp\/v2\/posts\/50457","targetHints":{"allow":["GET"]}}],"collection":[{"href":"https:\/\/www.europesays.com\/it\/wp-json\/wp\/v2\/posts"}],"about":[{"href":"https:\/\/www.europesays.com\/it\/wp-json\/wp\/v2\/types\/post"}],"author":[{"embeddable":true,"href":"https:\/\/www.europesays.com\/it\/wp-json\/wp\/v2\/users\/3"}],"replies":[{"embeddable":true,"href":"https:\/\/www.europesays.com\/it\/wp-json\/wp\/v2\/comments?post=50457"}],"version-history":[{"count":0,"href":"https:\/\/www.europesays.com\/it\/wp-json\/wp\/v2\/posts\/50457\/revisions"}],"wp:featuredmedia":[{"embeddable":true,"href":"https:\/\/www.europesays.com\/it\/wp-json\/wp\/v2\/media\/50458"}],"wp:attachment":[{"href":"https:\/\/www.europesays.com\/it\/wp-json\/wp\/v2\/media?parent=50457"}],"wp:term":[{"taxonomy":"category","embeddable":true,"href":"https:\/\/www.europesays.com\/it\/wp-json\/wp\/v2\/categories?post=50457"},{"taxonomy":"post_tag","embeddable":true,"href":"https:\/\/www.europesays.com\/it\/wp-json\/wp\/v2\/tags?post=50457"}],"curies":[{"name":"wp","href":"https:\/\/api.w.org\/{rel}","templated":true}]}}