{"id":504577,"date":"2026-05-23T14:49:20","date_gmt":"2026-05-23T14:49:20","guid":{"rendered":"https:\/\/www.europesays.com\/it\/504577\/"},"modified":"2026-05-23T14:49:20","modified_gmt":"2026-05-23T14:49:20","slug":"triangolo-bollente-quali-sono-le-citta-piu-calde-in-emilia-romagna-e-quando-arrivano-i-temporali","status":"publish","type":"post","link":"https:\/\/www.europesays.com\/it\/504577\/","title":{"rendered":"Triangolo bollente, quali sono le citt\u00e0 pi\u00f9 calde\u00a0in Emilia-Romagna (e quando arrivano i temporali)"},"content":{"rendered":"<p>Bologna, 23 maggio 2026 \u2013\u00a0 Il calendario dice: \u201c<strong>Primavera<\/strong>\u201d. Ma l\u2019<strong>estate<\/strong> \u00e8 arrivata in anticipo: la prima <a rel=\"follow nofollow noopener\" href=\"https:\/\/www.ilrestodelcarlino.it\/bologna\/cronaca\/grande-caldo-previsioni-meteo-lwbhb7dn\" target=\"_blank\"><strong>ondata di calore<\/strong><\/a> del 2026 \u00e8 in arrivo domani, domenica 24 maggio, e si protrarr\u00e0 fino (almeno) a mercoled\u00ec 27 maggio, giornata del picco. Proprio quel giorno, secondo<strong> Lorenzo Tedici,<\/strong> meteorologo de ilMeteo.it, \u201cnel triangolo bollente <strong>Emilia <\/strong>\u2013\u00a0Lombardia orientale e Veneto occidentale le temperature massime potranno toccare i <strong>35 gradi<\/strong> in <strong>Pianura Padana,<\/strong> con 32-34 gradi facilmente raggiungibili in buona parte del Centro Nord\u201d.<\/p>\n<p>Pi\u00f9 fresco, invece, secondo i modelli, il <strong>versante adriatico <\/strong>grazie all\u2019influenza di una circolazione ciclonica che ora si trova sui Balcani: sugli Appennini l\u2019aria pi\u00f9 fresca e instabile potr\u00e0 generare temporali.<\/p>\n<p>Da <strong>gioved\u00ec 28 maggio<\/strong>, i primi segni di cedimento dell\u2019anticiclone: \u00e8 previsto un possibile aumento dell\u2019instabilit\u00e0 che produrr\u00e0 i sui effetti in particolare sugli Appennini.<\/p>\n<p> <img alt=\"L'elaborazione di Meteo &amp; Radar: le temperature in Europa ben sopra la media di marted\u00ec 26 maggio 2026\" loading=\"lazy\" width=\"1376\" height=\"768\" decoding=\"async\" data-nimg=\"1\" style=\"color:transparent;max-width:100%;height:auto\"   src=\"https:\/\/www.europesays.com\/it\/wp-content\/uploads\/2026\/05\/l-elaborazione-di-meteo-radar-le-temperature-in-europa-ben-sopra-la-media-di-martedi-26-maggio-2026..webp\"\/><\/p>\n<p>L&#8217;elaborazione di Meteo &amp; Radar: le temperature in Europa ben sopra la media di marted\u00ec 26 maggio 2026<\/p>\n<p>Temperature giorno per giorno in Emilia-Romagna <\/p>\n<p>Domani, <strong>domenica 24 maggio<\/strong>, secondo <a rel=\"nofollow noopener\" href=\"https:\/\/www.arpae.it\/it\" target=\"_blank\"><strong>Arpae<\/strong><\/a> temperature in aumento in Emilia-Romagna con minime comprese tra 15 \/ 17 gradi, e massime tra 27 \/ 28 gradi sulle coste, mentre in pianura si potranno raggiungere i 30\/31 gradi; pi\u00f9 fresco sul riminese.\u00a0<\/p>\n<p>Una giornata ideale, quindi, per una gita fuori porta al <strong>mare<\/strong> o in <strong>montagna<\/strong>, oppure per un picnic in un parco in citt\u00e0.\u00a0O pu\u00f2 essere l\u2019occasione per visitare una delle tante <a rel=\"follow nofollow noopener\" href=\"https:\/\/www.ilrestodelcarlino.it\/emilia-romagna\/cosa-fare\/dimore-storiche-24-maggio-2026-2561fa36-sck\" target=\"_blank\"><strong>dimore storiche<\/strong><\/a> aperte gratuitamente. Nel capoluogo il clou\u00a0degli eventi \u00e8 la <a rel=\"follow nofollow noopener\" href=\"https:\/\/www.ilrestodelcarlino.it\/bologna\/cronaca\/strade-chiuse-strabologna-2026-gmk5ryo1\" target=\"_blank\"><strong>StraBologna<\/strong><\/a> mentre in Romagna si potr\u00e0 seguire la manifestazione ciclistica della <a rel=\"follow nofollow noopener\" href=\"https:\/\/www.ilrestodelcarlino.it\/cesena\/cronaca\/nove-colli-2026-strade-chiuse-percorso-651f7e17-sck\" target=\"_blank\"><strong>Nove Colli<\/strong><\/a>, tra Forl\u00ec e Cesena.\u00a0<\/p>\n<p><strong>Luned\u00ec 25 maggio,<\/strong> invece, punte di 33 gradi nelle pianure pi\u00f9 interne.<\/p>\n<p>L&#8217;indebolimento del campo di pressione \u00e8 previsto, secondo le elaborazioni della sala operativa Nucciotti di Arpae Simc, \u201ca partire dalla giornata di <strong>mercoled\u00ec 27 maggio<\/strong>. La progressiva infiltrazione di correnti pi\u00f9 fresche da nord determineranno una maggiore nuvolosit\u00e0 e possibili deboli precipitazioni pi\u00f9 probabili nella giornata di <strong>gioved\u00ec 28<\/strong>, con un calo delle temperature che da 32\/33 gradi si porteranno al di sotto dei 30 gradi\u201d.<\/p>\n<p>Le citt\u00e0 pi\u00f9 calde in Emilia-Romagna <\/p>\n<p>Tra le <a rel=\"follow nofollow noopener\" href=\"https:\/\/www.quotidiano.net\/meteo\/caldo-anomalo-in-arrivo-qmmsx01c\" target=\"_blank\"><strong>citt\u00e0 pi\u00f9 calde<\/strong><\/a> di mercoled\u00ec 27 maggio, <strong>Piacenza<\/strong>, assieme a Cremona, Mantova, far\u00e0 registrare 35\u00b0C, e ci sar\u00e0 anche <strong>Modena<\/strong> tra i centri urbani d\u2019Italia che raggiungeranno\u00a0i 34\u00b0 gradi. Le temperature previste nei prossimi giorni\u00a0saranno fino a 6-7 gradi in pi\u00f9 rispetto alla media del periodo.<\/p>\n<p>La posizione e i movimenti dell\u2019anticiclone sub tropicale <\/p>\n<p>La struttura di alta pressione posizioner\u00e0 il suo baricentro sul <strong>Canale della Manica<\/strong>, espandendosi da l\u00ec verso <strong>l&#8217;Italia<\/strong> e colpendo con la sua <strong>aria rovente<\/strong>, in modo pi\u00f9 diretto, le nostre regioni centro-settentrionali.<\/p>\n<p><strong>Da dove arriva l\u2019anticiclone?<\/strong> \u201cIl promontorio anticiclonico risale dal Nord Africa verso l\u2019Europa occidentale e centrale \u2013\u00a0spiega <strong>Francesco Nucera <\/strong>di 3B Meteo -.E\u2019 quindi corretto parlare di una struttura di matrice subtropicale nordafricana. Tuttavia, questo non significa automaticamente che tutta la massa d\u2019aria coinvolta sia una pura aria sahariana continentale\u201d.\u00a0<\/p>\n<p> <img alt=\"L'esperto meteo Luca Lombroso\" loading=\"lazy\" width=\"4000\" height=\"2669\" decoding=\"async\" data-nimg=\"1\" style=\"color:transparent;max-width:100%;height:auto\"   src=\"https:\/\/www.europesays.com\/it\/wp-content\/uploads\/2026\/05\/l-esperto-meteo-luca-lombroso.webp\"\/><\/p>\n<p>L&#8217;esperto meteo Luca Lombroso<\/p>\n<p>Break con temporali forti gioved\u00ec 28 maggio? <\/p>\n<p>Secondo <strong>Luca Lombroso<\/strong>, meteorologo per <strong>MeteoRed<\/strong>, \u201cil gran caldo unito a una blanda infiltrazione fredda da nordest che toccher\u00e0 le regioni nordorientali potrebbe portare <strong>temporali <\/strong>anche molto forti gi\u00e0 nella mattinata di gioved\u00ec 28 maggio in movimento da Friuli Venezia Giulia a parte del Trentino, Veneto e quindi Emilia Romagna\u201d.<\/p>\n<p>La mappa delle previsioni del tempo <\/p>\n","protected":false},"excerpt":{"rendered":"Bologna, 23 maggio 2026 \u2013\u00a0 Il calendario dice: \u201cPrimavera\u201d. Ma l\u2019estate \u00e8 arrivata in anticipo: la prima ondata&hellip;\n","protected":false},"author":3,"featured_media":504578,"comment_status":"","ping_status":"","sticky":false,"template":"","format":"standard","meta":{"footnotes":"","_share_on_mastodon":"0"},"categories":[79],"tags":[13074,29257,101888,1819,14,93,94,28089,1537,90,89,7,15,10732,103,107952,11,84,91,12,85,92],"class_list":["post-504577","post","type-post","status-publish","format-standard","has-post-thumbnail","category-italia","tag-arrivano","tag-bollente","tag-calde","tag-citta","tag-cronaca","tag-cronaca-italiana","tag-cronacaitaliana","tag-emiliaromagna","tag-it","tag-italia","tag-italy","tag-news","tag-notizie","tag-piu","tag-temporali","tag-triangolo","tag-ultime-notizie","tag-ultime-notizie-e-news-di-oggi","tag-ultime-notizie-italia","tag-ultimenotizie","tag-ultimenotizieenewsdioggi","tag-ultimenotizieitalia"],"share_on_mastodon":{"url":"https:\/\/pubeurope.com\/@it\/116624449710931053","error":""},"_links":{"self":[{"href":"https:\/\/www.europesays.com\/it\/wp-json\/wp\/v2\/posts\/504577","targetHints":{"allow":["GET"]}}],"collection":[{"href":"https:\/\/www.europesays.com\/it\/wp-json\/wp\/v2\/posts"}],"about":[{"href":"https:\/\/www.europesays.com\/it\/wp-json\/wp\/v2\/types\/post"}],"author":[{"embeddable":true,"href":"https:\/\/www.europesays.com\/it\/wp-json\/wp\/v2\/users\/3"}],"replies":[{"embeddable":true,"href":"https:\/\/www.europesays.com\/it\/wp-json\/wp\/v2\/comments?post=504577"}],"version-history":[{"count":0,"href":"https:\/\/www.europesays.com\/it\/wp-json\/wp\/v2\/posts\/504577\/revisions"}],"wp:featuredmedia":[{"embeddable":true,"href":"https:\/\/www.europesays.com\/it\/wp-json\/wp\/v2\/media\/504578"}],"wp:attachment":[{"href":"https:\/\/www.europesays.com\/it\/wp-json\/wp\/v2\/media?parent=504577"}],"wp:term":[{"taxonomy":"category","embeddable":true,"href":"https:\/\/www.europesays.com\/it\/wp-json\/wp\/v2\/categories?post=504577"},{"taxonomy":"post_tag","embeddable":true,"href":"https:\/\/www.europesays.com\/it\/wp-json\/wp\/v2\/tags?post=504577"}],"curies":[{"name":"wp","href":"https:\/\/api.w.org\/{rel}","templated":true}]}}