{"id":504824,"date":"2026-05-23T18:14:23","date_gmt":"2026-05-23T18:14:23","guid":{"rendered":"https:\/\/www.europesays.com\/it\/504824\/"},"modified":"2026-05-23T18:14:23","modified_gmt":"2026-05-23T18:14:23","slug":"rudy-zerbi-le-nozze-con-grace-raccah-ho-le-farfalle-nello-stomaco-sono-innamorato-e-voglio-che-lo-sappiano-tutti","status":"publish","type":"post","link":"https:\/\/www.europesays.com\/it\/504824\/","title":{"rendered":"Rudy Zerbi: \u00abLe nozze con Grace Raccah? Ho le farfalle nello stomaco. Sono innamorato e voglio che lo sappiano tutti\u00bb"},"content":{"rendered":"<p>&#13;<br \/>\n                               &#13;<br \/>\n                                                &#13;<br \/>\n                &#13;<\/p>\n<p>La fede al dito e un sorriso smagliante. <strong><a href=\"https:\/\/www.leggo.it\/t\/rudy-zerbi\" rel=\"nofollow noopener\" target=\"_blank\">Rudy Zerbi<\/a><\/strong> entra nel salotto di <strong><a href=\"https:\/\/www.leggo.it\/t\/verissimo\" rel=\"nofollow noopener\" target=\"_blank\">Verissimo<\/a><\/strong> ancora emozionato dopo settimane dal fatidico \u00abs\u00ec\u00bb.\u00a0Il 10 maggio, infatti, l&#8217;insegnante della scuola di Amici e produttore musicale si \u00e8 sposato\u00a0con la compagna <strong><a href=\"https:\/\/www.leggo.it\/t\/grace-raccah\" rel=\"nofollow noopener\" target=\"_blank\">Grace Raccah<\/a><\/strong>.\u00a0\u00abPer la prima volta nella vita ho capito che non mi devo vergognare di dire che sono innamorato, sono felice e ho trovato la persona giusta\u00bb.<\/p>\n<p>&#13;<br \/>\n&#13;<br \/>\n\u00abHo le farfalle nello stomaco\u00bb&#13;<br \/>\n&#13;<\/p>\n<p>Rivedere le immagini del matrimonio ebraico, celebrato alle porte di Roma, gli fa sentire \u00able farfalle nello stomaco\u00bb. Zerbi si emoziona, sorride paonazzo e, per mascherare l&#8217;inevitabile imbarazzo, si rifugia nella sua nota autoironia: \u00abDevo ancora assorbire la botta. \u00c8 stato bellissimo. Ho voluto fare in fretta perch\u00e9 mi sono detto: metti che cambia idea e non mi sposa pi\u00f9! Era meglio non rischiare\u00bb.<\/p>\n<p>&#13;<br \/>\n&#13;<br \/>\n&#13;<br \/>\n&#13;<\/p>\n<p>Il prof di Amici ha tenuto nascosto il matrimonio ma ora non si frena nel dichiarare il suo amore pubblicamente: \u00abSono felicissimo e voglio che lo sappiano tutti\u00bb.<\/p>\n<p>&#13;<br \/>\n&#13;<br \/>\nLe nozze&#13;<br \/>\n&#13;<\/p>\n<p>Un amore nato lontano dai riflettori. Legati da circa tre anni, Rudy e Grace Raccah &#8211; imprenditrice 35enne e figlia del fondatore del celebre brand di moda Tony Boy &#8211;\u00a0hanno costruito una relazione solida, superando\u00a0anche i <strong>22 anni di differenza d&#8217;et\u00e0<\/strong>. La coppia ha scelto di fare il grande passo il 10 maggio 2026 con una cerimonia intima e civile accompagnata dal <strong>rito ebraico<\/strong>, voluto\u00a0per rispettare le origini della famiglia Raccah.\u00a0<\/p>\n<p>&#13;<br \/>\n&#13;<\/p>\n<p>Rudy, infatti,\u00a0ha indossato anche la tradizionale kippah, il piccolo copricapo ebraico. <\/p>\n<p>Mentre sulle spalle ha indossato il tallit, lo scialle bianco a righe blu usato nei momenti pi\u00f9 solenni della tradizione religiosa. E poi ha rotto con il piede il bicchiere poggiato a terra, un gesto antichissimo che ricorda quanto l\u2019amore, proprio come il cristallo, sia prezioso e fragile allo stesso tempo.                                &#13;<br \/>\n                &#13;<br \/>\n&#13;<br \/>\n                Ultimo aggiornamento: sabato 23 maggio 2026, 18:19&#13;<br \/>\n                <br \/>&#13;<br \/>\n                &#13;<br \/>\n                  &#13;<br \/>\n                    &#13;<br \/>\n                        \u00a9 RIPRODUZIONE RISERVATA&#13;<\/p>\n<p>&#13;<\/p>\n<p>                    &#13;<\/p>\n","protected":false},"excerpt":{"rendered":"&#13; &#13; &#13; &#13; La fede al dito e un sorriso smagliante. Rudy Zerbi entra nel salotto di&hellip;\n","protected":false},"author":3,"featured_media":504825,"comment_status":"","ping_status":"","sticky":false,"template":"","format":"standard","meta":{"footnotes":"","_share_on_mastodon":"0"},"categories":[1451],"tags":[1621,1620,203,233325,204,1537,90,89,8866,76109,22839],"class_list":["post-504824","post","type-post","status-publish","format-standard","has-post-thumbnail","category-celebrita","tag-celebrita","tag-celebrities","tag-entertainment","tag-grace-raccah","tag-intrattenimento","tag-it","tag-italia","tag-italy","tag-matrimonio","tag-rudy-zerbi","tag-verissimo"],"share_on_mastodon":{"url":"https:\/\/pubeurope.com\/@it\/116625255069122660","error":""},"_links":{"self":[{"href":"https:\/\/www.europesays.com\/it\/wp-json\/wp\/v2\/posts\/504824","targetHints":{"allow":["GET"]}}],"collection":[{"href":"https:\/\/www.europesays.com\/it\/wp-json\/wp\/v2\/posts"}],"about":[{"href":"https:\/\/www.europesays.com\/it\/wp-json\/wp\/v2\/types\/post"}],"author":[{"embeddable":true,"href":"https:\/\/www.europesays.com\/it\/wp-json\/wp\/v2\/users\/3"}],"replies":[{"embeddable":true,"href":"https:\/\/www.europesays.com\/it\/wp-json\/wp\/v2\/comments?post=504824"}],"version-history":[{"count":0,"href":"https:\/\/www.europesays.com\/it\/wp-json\/wp\/v2\/posts\/504824\/revisions"}],"wp:featuredmedia":[{"embeddable":true,"href":"https:\/\/www.europesays.com\/it\/wp-json\/wp\/v2\/media\/504825"}],"wp:attachment":[{"href":"https:\/\/www.europesays.com\/it\/wp-json\/wp\/v2\/media?parent=504824"}],"wp:term":[{"taxonomy":"category","embeddable":true,"href":"https:\/\/www.europesays.com\/it\/wp-json\/wp\/v2\/categories?post=504824"},{"taxonomy":"post_tag","embeddable":true,"href":"https:\/\/www.europesays.com\/it\/wp-json\/wp\/v2\/tags?post=504824"}],"curies":[{"name":"wp","href":"https:\/\/api.w.org\/{rel}","templated":true}]}}