{"id":504834,"date":"2026-05-23T18:20:21","date_gmt":"2026-05-23T18:20:21","guid":{"rendered":"https:\/\/www.europesays.com\/it\/504834\/"},"modified":"2026-05-23T18:20:21","modified_gmt":"2026-05-23T18:20:21","slug":"milan-modric-verso-la-panchina-quella-contro-il-cagliari-non-sara-lultima-in-rossonero","status":"publish","type":"post","link":"https:\/\/www.europesays.com\/it\/504834\/","title":{"rendered":"Milan, Modric verso la panchina: quella contro il Cagliari non sar\u00e0 l&#8217;ultima in rossonero"},"content":{"rendered":"<p><a class=\"article-details_article-details__section__element--authorName__j3rZA article-details_link__9uNPj\" href=\"https:\/\/www.calciomercato.com\/about\/redazione\/daniele-longo\/14\" rel=\"nofollow noopener\" target=\"_blank\">Daniele Longo<\/a>23 mag 2026, 16:45<\/p>\n<p>Ultimi aggiornamenti: 23 mag 2026, 17:12<\/p>\n<p>Modric partir\u00e0 dalla panchina contro il Cagliari: al suo posto ci sar\u00e0 Jashari.<\/p>\n<p>&#8220;Domani \u00e8 la gara pi\u00f9 importante dell&#8217;anno&#8221;, firmato <b><strong>Max Allegri<\/strong><\/b>. Quella contro il Cagliari non \u00e8 la classica gara di fine stagione, ma una sorta di calcio di rigore per tornare nella massima competizione continentale, ovvero quella <b><strong>Champions League<\/strong><\/b> che per almeno due decadi \u00e8 stata la vera casa del Diavolo.<\/p>\n<p>Il Milan sar\u00e0 sospinto da pi\u00f9 di 70000 tifosi e non dovr\u00e0 fare calcoli, n\u00e9 per il presente n\u00e9 per il futuro. <b><strong>Per almeno 90 minuti tutto passer\u00e0 in secondo piano, dall&#8217;annunciato addio di Giorgio Furlani a quello, probabile, di Rafael Leao.<\/strong><\/b><\/p>\n","protected":false},"excerpt":{"rendered":"Daniele Longo23 mag 2026, 16:45 Ultimi aggiornamenti: 23 mag 2026, 17:12 Modric partir\u00e0 dalla panchina contro il Cagliari:&hellip;\n","protected":false},"author":3,"featured_media":225846,"comment_status":"","ping_status":"","sticky":false,"template":"","format":"standard","meta":{"footnotes":"","_share_on_mastodon":"0"},"categories":[176],"tags":[1744,353,1537,90,89,50484,553,245,244,355],"class_list":["post-504834","post","type-post","status-publish","format-standard","has-post-thumbnail","category-sport","tag-ac-milan","tag-calciomercato","tag-it","tag-italia","tag-italy","tag-l-modric","tag-milan","tag-sport","tag-sports","tag-transfers"],"share_on_mastodon":{"url":"https:\/\/pubeurope.com\/@it\/116625278909678520","error":""},"_links":{"self":[{"href":"https:\/\/www.europesays.com\/it\/wp-json\/wp\/v2\/posts\/504834","targetHints":{"allow":["GET"]}}],"collection":[{"href":"https:\/\/www.europesays.com\/it\/wp-json\/wp\/v2\/posts"}],"about":[{"href":"https:\/\/www.europesays.com\/it\/wp-json\/wp\/v2\/types\/post"}],"author":[{"embeddable":true,"href":"https:\/\/www.europesays.com\/it\/wp-json\/wp\/v2\/users\/3"}],"replies":[{"embeddable":true,"href":"https:\/\/www.europesays.com\/it\/wp-json\/wp\/v2\/comments?post=504834"}],"version-history":[{"count":0,"href":"https:\/\/www.europesays.com\/it\/wp-json\/wp\/v2\/posts\/504834\/revisions"}],"wp:featuredmedia":[{"embeddable":true,"href":"https:\/\/www.europesays.com\/it\/wp-json\/wp\/v2\/media\/225846"}],"wp:attachment":[{"href":"https:\/\/www.europesays.com\/it\/wp-json\/wp\/v2\/media?parent=504834"}],"wp:term":[{"taxonomy":"category","embeddable":true,"href":"https:\/\/www.europesays.com\/it\/wp-json\/wp\/v2\/categories?post=504834"},{"taxonomy":"post_tag","embeddable":true,"href":"https:\/\/www.europesays.com\/it\/wp-json\/wp\/v2\/tags?post=504834"}],"curies":[{"name":"wp","href":"https:\/\/api.w.org\/{rel}","templated":true}]}}