{"id":505261,"date":"2026-05-24T01:08:29","date_gmt":"2026-05-24T01:08:29","guid":{"rendered":"https:\/\/www.europesays.com\/it\/505261\/"},"modified":"2026-05-24T01:08:29","modified_gmt":"2026-05-24T01:08:29","slug":"giulia-salemi-mixa-il-bordeaux-con-il-rosa-per-la-primavera-2026","status":"publish","type":"post","link":"https:\/\/www.europesays.com\/it\/505261\/","title":{"rendered":"Giulia Salemi mixa il bordeaux con il rosa per la primavera 2026"},"content":{"rendered":"<p data-journey-content=\"true\" data-node-id=\"3\" class=\"css-6wxqfj emevuu60\">Pensavamo di aver lasciato il bordeaux negli outfit autunnali. E invece <strong data-node-id=\"3.1\">Giulia Salemi <\/strong>ci ha appena mostrato la combinazione colore pi\u00f9 chic della primavera 2026: <strong data-node-id=\"3.3\">bordeaux e rosa.<\/strong><\/p>\n<p data-journey-content=\"true\" data-node-id=\"8\" class=\"css-6wxqfj emevuu60\">I mesi di transizione sono forse quelli che ci mettono pi\u00f9 alla prova nella scelta degli outfit. Siamo portati a credere che l&#8217;arrivo della primavera e, dunque, l&#8217;avvicinarsi dell&#8217;estate, imponga una rivoluzione totale del guardaroba, quasi fosse necessario archiviare senza appello tutto ci\u00f2 che abbiamo amato nei mesi freddi per fare spazio a un nuovo lessico stilistico. Non \u00e8 del tutto cos\u00ec. Alcuni elementi attraversano le stagioni con una disinvoltura sorprendente e questa volta non ci riferiamo a capi o accessori specifici, bens\u00ec ai colori.<\/p>\n<p data-journey-content=\"true\" data-node-id=\"15\" class=\"css-6wxqfj emevuu60\">A ricordarcelo \u00e8 stata <strong data-node-id=\"15.1\">Giulia Salemi<\/strong> con una rivelazione che, una volta afferrata, ci \u00e8 in realt\u00e0 sembrata quasi ovvia. Non nel senso di banale, ma di quelle intuizioni semplici che ci fanno chiedere: \u00abcome abbiamo fatto a non pensarci prima?\u00bb. L&#8217;occasione \u00e8 stata una recente puntata di Non lo faccio x moda, il vodcast ideato e condotto da Salemi in cui mette a nudo volti del mondo dello spettacolo, della musica e dei social. Nella registrazione ha sfoggiato un outfit caratterizzato da una combinazione cromatica che ci ha letteralmente acceso gli occhi: <strong data-node-id=\"15.5\">bordeaux e rosa<\/strong>. Una coppia che conosciamo gi\u00e0 bene, che abbiamo gi\u00e0 visto e persino indossato, ma che non avevamo mai davvero inserito tra le opzioni possibili per la bella stagione. <\/p>\n<p data-journey-content=\"true\" data-node-id=\"22\" class=\"css-6wxqfj emevuu60\">Tutta colpa dell&#8217;ingannevole<strong data-node-id=\"22.1\"> borgogna<\/strong>, colore autunnale per eccellenza che abbiamo celebrato anche nei mesi invernali, in ogni sfumatura, texture e design, fino quasi a consumarne il fascino. Eppure, <strong data-node-id=\"22.3\">accostato al rosa<\/strong>, tonalit\u00e0 che pi\u00f9 di ogni altra evoca la primavera, ha assunto una luce completamente diversa. Pi\u00f9 morbida e luminosa, tanto da farcene innamorare di nuovo. E cos\u00ec non abbiamo perso nemmeno un minuto prima di provare a replicare il look della conduttrice attraverso ci\u00f2 che le vetrine ci stanno gi\u00e0 suggerendo. <\/p>\n<p>Come abbinare bordeaux e rosa: il look di Giulia Salemi<\/p>\n<p data-journey-content=\"true\" data-node-id=\"27\" class=\"css-6wxqfj emevuu60\">Nell&#8217;intervista, Salemi affida il bordeaux a un paio di shorts in pelle, scelta perfetta per la mezza stagione. Noi per\u00f2, abbiamo voluto spingere ancora oltre il potenziale di questa palette, trovando una valida alternativa in una <strong data-node-id=\"27.1\">minigonna <\/strong>di Stradivarius: realizzata in tessuto, anzich\u00e9 in pelle o similpelle, arricchita da shorts incorporati e da un piccolo spacco laterale, risulta pi\u00f9 fresca e sfruttabile anche quando le temperature inizieranno a salire davvero. <\/p>\n<p>Stradivarius Gonna pantalone con spacco laterale<a target=\"_blank\" rel=\"nofollow noopener\" data-theme-key=\"product-image-wrapper\" href=\"https:\/\/www.awin1.com\/cread.php?awinmid=9830&amp;awinaffid=678969&amp;campaign=&amp;clickref=cosit|xid:{xid}&amp;ued=https%3A%2F%2Fwww.stradivarius.com%2Fit%2Fgonna-pantalone-con-spacco-laterale-l04799548%3FcolorId%3D660%26gad_campaignid%3D22375520310%26gad_source%3D1%26gbraid%3D0AAAAADp-IR-5Nq4YX21lKc2_RCWW5Upt9%26gclid%3DCj0KCQjw_b_QBhCSARIsAP6hR4eyTZx5siUpaDWepI_SUflf_9fU18HGtfneZ6pa8ue1Y1EmRQwFv7caAsYbEALw_wcB%26gclsrc%3Daw.ds%26pelement%3D475933814%26categoryId%3D1020047067&amp;platform=pl\" aria-label=\"23\u00a0\u20ac su stradivarius per Gonna pantalone con spacco laterale\" data-href=\"https:\/\/www.stradivarius.com\/it\/gonna-pantalone-con-spacco-laterale-l04799548?colorId=660&amp;gad_campaignid=22375520310&amp;gad_source=1&amp;gbraid=0AAAAADp-IR-5Nq4YX21lKc2_RCWW5Upt9&amp;gclid=Cj0KCQjw_b_QBhCSARIsAP6hR4eyTZx5siUpaDWepI_SUflf_9fU18HGtfneZ6pa8ue1Y1EmRQwFv7caAsYbEALw_wcB&amp;gclsrc=aw.ds&amp;pelement=475933814&amp;categoryId=1020047067\" data-product-url=\"https:\/\/www.stradivarius.com\/it\/gonna-pantalone-con-spacco-laterale-l04799548?colorId=660&amp;gad_campaignid=22375520310&amp;gad_source=1&amp;gbraid=0AAAAADp-IR-5Nq4YX21lKc2_RCWW5Upt9&amp;gclid=Cj0KCQjw_b_QBhCSARIsAP6hR4eyTZx5siUpaDWepI_SUflf_9fU18HGtfneZ6pa8ue1Y1EmRQwFv7caAsYbEALw_wcB&amp;gclsrc=aw.ds&amp;pelement=475933814&amp;categoryId=1020047067\" data-affiliate=\"true\" data-affiliate-url=\"https:\/\/www.awin1.com\/cread.php?awinmid=9830&amp;awinaffid=678969&amp;campaign=&amp;clickref=cosit|xid:{xid}&amp;ued=https%3A%2F%2Fwww.stradivarius.com%2Fit%2Fgonna-pantalone-con-spacco-laterale-l04799548%3FcolorId%3D660%26gad_campaignid%3D22375520310%26gad_source%3D1%26gbraid%3D0AAAAADp-IR-5Nq4YX21lKc2_RCWW5Upt9%26gclid%3DCj0KCQjw_b_QBhCSARIsAP6hR4eyTZx5siUpaDWepI_SUflf_9fU18HGtfneZ6pa8ue1Y1EmRQwFv7caAsYbEALw_wcB%26gclsrc%3Daw.ds%26pelement%3D475933814%26categoryId%3D1020047067&amp;platform=pl\" data-affiliate-network=\"{&quot;afflink_redirect&quot;:&quot;\/_p\/afflink\/13t2o\/stradivarius-gonna-pantalone-con-spacco-laterale&quot;,&quot;site_id&quot;:&quot;d373c840-ece5-4ebc-a094-32ac96ffad6c&quot;,&quot;network&quot;:{&quot;name&quot;:&quot;Trackonomics&quot;},&quot;metadata&quot;:{&quot;trackonomics&quot;:{&quot;network_name&quot;:&quot;awin&quot;}},&quot;product_metadata&quot;:{&quot;d373c840-ece5-4ebc-a094-32ac96ffad6c&quot;:{&quot;network_name&quot;:&quot;awin&quot;,&quot;link&quot;:&quot;https:\/\/www.awin1.com\/cread.php?awinmid=9830&amp;awinaffid=678969&amp;campaign=&amp;clickref={subid}&amp;ued=https%3A%2F%2Fwww.stradivarius.com%2Fit%2Fgonna-pantalone-con-spacco-laterale-l04799548%3FcolorId%3D660%26gad_campaignid%3D22375520310%26gad_source%3D1%26gbraid%3D0AAAAADp-IR-5Nq4YX21lKc2_RCWW5Upt9%26gclid%3DCj0KCQjw_b_QBhCSARIsAP6hR4eyTZx5siUpaDWepI_SUflf_9fU18HGtfneZ6pa8ue1Y1EmRQwFv7caAsYbEALw_wcB%26gclsrc%3Daw.ds%26pelement%3D475933814%26categoryId%3D1020047067&amp;platform=pl&quot;}}}\" data-vars-ga-call-to-action=\"23\u00a0\u20ac su stradivarius\" data-vars-ga-media-role=\"\" data-vars-ga-media-type=\"Single Product Embed\" data-vars-ga-outbound-link=\"https:\/\/www.stradivarius.com\/it\/gonna-pantalone-con-spacco-laterale-l04799548?colorId=660&amp;gad_campaignid=22375520310&amp;gad_source=1&amp;gbraid=0AAAAADp-IR-5Nq4YX21lKc2_RCWW5Upt9&amp;gclid=Cj0KCQjw_b_QBhCSARIsAP6hR4eyTZx5siUpaDWepI_SUflf_9fU18HGtfneZ6pa8ue1Y1EmRQwFv7caAsYbEALw_wcB&amp;gclsrc=aw.ds&amp;pelement=475933814&amp;categoryId=1020047067\" data-vars-ga-product-brand=\"Stradivarius\" data-vars-ga-product-id=\"fd7a5335-025e-4013-acd7-6cd6e6a378ab\" data-vars-ga-product-price=\"23,00\u00a0\u20ac\" data-vars-ga-product-retailer-id=\"5fd16d62-9af3-4439-962a-56f2866345e8\" data-vars-ga-product-sem3-brand=\"Stradivarius\" data-vars-ga-link-treatment=\"(not set) | (not set)\" class=\"product-image-link ebgq4gw4 e12px3ys0 css-g6od0w e1socmtw0\"><img  alt=\"Gonna pantalone con spacco laterale\" title=\"Gonna pantalone con spacco laterale\" src=\"https:\/\/www.europesays.com\/it\/wp-content\/uploads\/2026\/05\/1779454275-32030f4c-2a37-4b9d-981a-be3523569863.jpg\" width=\"1080\" height=\"1080\" decoding=\"async\" loading=\"lazy\"\/><\/a><\/p>\n<p data-journey-content=\"true\" data-node-id=\"32\" class=\"css-6wxqfj emevuu60\">A seguire il rosa. E con un bottom cos\u00ec versatile le possibilit\u00e0 di moltiplicano. Per restare fedeli all&#8217;ensemble di Giulia Salemi, abbiamo scelto una <strong data-node-id=\"32.1\">camicia in lino <\/strong>di Mango in nuance confetto: una nota che accende il look e bilancia la profondit\u00e0 del bordeaux, donandogli quella leggerezza che la stagione richiede. <\/p>\n<p>Mango  Camicia dritta lino<a target=\"_blank\" rel=\"nofollow noopener\" data-theme-key=\"product-image-wrapper\" href=\"https:\/\/click.linksynergy.com\/deeplink?id=2fv8O7DnZlc&amp;mid=53120&amp;u1=cosit|xid:{xid}&amp;murl=https%3A%2F%2Fshop.mango.com%2Fit%2Fit%2Fp%2Fdonna%2Fcamicie-e-bluse%2Fcamicie%2Fcamicia-dritta-lino_27087781%3Fs%3D20%26utm_source%3Dgoogle%26utm_medium%3Dcpc%26utm_campaign%3DPMAX_1WOMAN_IT%26utm_content%3D%26utm_campaignid%3D23681967089%26gclsrc%3Daw.ds%26gad_source%3D1%26gad_campaignid%3D23686660726%26gbraid%3D0AAAAADpcxJgeadbbi0NKbSAodG0-lB2E_%26gclid%3DCj0KCQjw_b_QBhCSARIsAP6hR4cGUJLETt6_8e7xh8wD0gnD0U8A7GsIIIEyOVluM5oBF7oLI0A-wwkaAhcxEALw_wcB%26c%3D85\" aria-label=\"46\u00a0\u20ac su Mango per Camicia dritta lino\" data-href=\"https:\/\/shop.mango.com\/it\/it\/p\/donna\/camicie-e-bluse\/camicie\/camicia-dritta-lino_27087781?s=20&amp;utm_source=google&amp;utm_medium=cpc&amp;utm_campaign=PMAX_1WOMAN_IT&amp;utm_content=&amp;utm_campaignid=23681967089&amp;gclsrc=aw.ds&amp;gad_source=1&amp;gad_campaignid=23686660726&amp;gbraid=0AAAAADpcxJgeadbbi0NKbSAodG0-lB2E_&amp;gclid=Cj0KCQjw_b_QBhCSARIsAP6hR4cGUJLETt6_8e7xh8wD0gnD0U8A7GsIIIEyOVluM5oBF7oLI0A-wwkaAhcxEALw_wcB&amp;c=85\" data-product-url=\"https:\/\/shop.mango.com\/it\/it\/p\/donna\/camicie-e-bluse\/camicie\/camicia-dritta-lino_27087781?s=20&amp;utm_source=google&amp;utm_medium=cpc&amp;utm_campaign=PMAX_1WOMAN_IT&amp;utm_content=&amp;utm_campaignid=23681967089&amp;gclsrc=aw.ds&amp;gad_source=1&amp;gad_campaignid=23686660726&amp;gbraid=0AAAAADpcxJgeadbbi0NKbSAodG0-lB2E_&amp;gclid=Cj0KCQjw_b_QBhCSARIsAP6hR4cGUJLETt6_8e7xh8wD0gnD0U8A7GsIIIEyOVluM5oBF7oLI0A-wwkaAhcxEALw_wcB&amp;c=85\" data-affiliate=\"true\" data-affiliate-url=\"https:\/\/click.linksynergy.com\/deeplink?id=2fv8O7DnZlc&amp;mid=53120&amp;u1=cosit|xid:{xid}&amp;murl=https%3A%2F%2Fshop.mango.com%2Fit%2Fit%2Fp%2Fdonna%2Fcamicie-e-bluse%2Fcamicie%2Fcamicia-dritta-lino_27087781%3Fs%3D20%26utm_source%3Dgoogle%26utm_medium%3Dcpc%26utm_campaign%3DPMAX_1WOMAN_IT%26utm_content%3D%26utm_campaignid%3D23681967089%26gclsrc%3Daw.ds%26gad_source%3D1%26gad_campaignid%3D23686660726%26gbraid%3D0AAAAADpcxJgeadbbi0NKbSAodG0-lB2E_%26gclid%3DCj0KCQjw_b_QBhCSARIsAP6hR4cGUJLETt6_8e7xh8wD0gnD0U8A7GsIIIEyOVluM5oBF7oLI0A-wwkaAhcxEALw_wcB%26c%3D85\" data-affiliate-network=\"{&quot;afflink_redirect&quot;:&quot;\/_p\/afflink\/13t2u\/mango-camicia-dritta-lino&quot;,&quot;site_id&quot;:&quot;d373c840-ece5-4ebc-a094-32ac96ffad6c&quot;,&quot;network&quot;:{&quot;name&quot;:&quot;Trackonomics&quot;},&quot;metadata&quot;:{&quot;trackonomics&quot;:{&quot;network_name&quot;:&quot;ls&quot;}},&quot;product_metadata&quot;:{&quot;d373c840-ece5-4ebc-a094-32ac96ffad6c&quot;:{&quot;network_name&quot;:&quot;ls&quot;,&quot;link&quot;:&quot;https:\/\/click.linksynergy.com\/deeplink?id=2fv8O7DnZlc&amp;mid=53120&amp;u1={subid}&amp;murl=https%3A%2F%2Fshop.mango.com%2Fit%2Fit%2Fp%2Fdonna%2Fcamicie-e-bluse%2Fcamicie%2Fcamicia-dritta-lino_27087781%3Fs%3D20%26utm_source%3Dgoogle%26utm_medium%3Dcpc%26utm_campaign%3DPMAX_1WOMAN_IT%26utm_content%3D%26utm_campaignid%3D23681967089%26gclsrc%3Daw.ds%26gad_source%3D1%26gad_campaignid%3D23686660726%26gbraid%3D0AAAAADpcxJgeadbbi0NKbSAodG0-lB2E_%26gclid%3DCj0KCQjw_b_QBhCSARIsAP6hR4cGUJLETt6_8e7xh8wD0gnD0U8A7GsIIIEyOVluM5oBF7oLI0A-wwkaAhcxEALw_wcB%26c%3D85&quot;}}}\" data-vars-ga-call-to-action=\"46\u00a0\u20ac su Mango\" data-vars-ga-media-role=\"\" data-vars-ga-media-type=\"Single Product Embed\" data-vars-ga-outbound-link=\"https:\/\/shop.mango.com\/it\/it\/p\/donna\/camicie-e-bluse\/camicie\/camicia-dritta-lino_27087781?s=20&amp;utm_source=google&amp;utm_medium=cpc&amp;utm_campaign=PMAX_1WOMAN_IT&amp;utm_content=&amp;utm_campaignid=23681967089&amp;gclsrc=aw.ds&amp;gad_source=1&amp;gad_campaignid=23686660726&amp;gbraid=0AAAAADpcxJgeadbbi0NKbSAodG0-lB2E_&amp;gclid=Cj0KCQjw_b_QBhCSARIsAP6hR4cGUJLETt6_8e7xh8wD0gnD0U8A7GsIIIEyOVluM5oBF7oLI0A-wwkaAhcxEALw_wcB&amp;c=85\" data-vars-ga-product-brand=\"Mango \" data-vars-ga-product-id=\"a76362ca-8105-4000-ae75-ef152ee10b39\" data-vars-ga-product-price=\"46,00\u00a0\u20ac\" data-vars-ga-product-retailer-id=\"75f98f3f-eabb-43b7-83d6-ff241cb00a83\" data-vars-ga-product-sem3-brand=\"Mango \" data-vars-ga-link-treatment=\"(not set) | (not set)\" class=\"product-image-link ebgq4gw4 e12px3ys0 css-g6od0w e1socmtw0\"><img  alt=\"Camicia dritta lino\" title=\"Camicia dritta lino\" src=\"https:\/\/www.europesays.com\/it\/wp-content\/uploads\/2026\/05\/1779454328-e0b25221-ff31-4c25-aa01-67e4d0fc6fe1.jpg\" width=\"1080\" height=\"1080\" decoding=\"async\" loading=\"lazy\"\/><\/a>I trend colore (e non solo) della primavera estate 2026<\/p>\n<p data-journey-content=\"true\" data-node-id=\"38\" class=\"css-6wxqfj emevuu60\">Con un risultato cos\u00ec ricco di colori, gli accessori, a nostro avviso, meritano un approccio pi\u00f9 misurato. Il consiglio \u00e8 orientarsi su tonalit\u00e0 nude, avorio o comunque neutre. La nostra scelta ricade su un paio di <strong data-node-id=\"38.1\">sandali con tacco <\/strong>di Patrizia Pepe e una morbida <strong data-node-id=\"38.3\">borsa a spalla<\/strong> di Zara, coordinata alle calzature, per chiudere l&#8217;outfit con un tocco soffice e calibrato. <\/p>\n<p>Patrizia Pepe Sandali con tacco Essential Fly<a target=\"_blank\" rel=\"nofollow noopener\" data-theme-key=\"product-image-wrapper\" href=\"https:\/\/www.awin1.com\/cread.php?awinmid=18767&amp;awinaffid=678969&amp;campaign=&amp;clickref=cosit|xid:{xid}&amp;ued=https%3A%2F%2Fwww.patriziapepe.com%2Fit%2Fit%2Fscarpe%2Fmodelli-scarpe%2Fsandali%2Fsandali-con-tacco-essential-fly-2X0066_L026_W405.html&amp;platform=pl\" aria-label=\"285\u00a0\u20ac su patriziapepe per Sandali con tacco Essential Fly\" data-href=\"https:\/\/www.patriziapepe.com\/it\/it\/scarpe\/modelli-scarpe\/sandali\/sandali-con-tacco-essential-fly-2X0066_L026_W405.html\" data-product-url=\"https:\/\/www.patriziapepe.com\/it\/it\/scarpe\/modelli-scarpe\/sandali\/sandali-con-tacco-essential-fly-2X0066_L026_W405.html\" data-affiliate=\"true\" data-affiliate-url=\"https:\/\/www.awin1.com\/cread.php?awinmid=18767&amp;awinaffid=678969&amp;campaign=&amp;clickref=cosit|xid:{xid}&amp;ued=https%3A%2F%2Fwww.patriziapepe.com%2Fit%2Fit%2Fscarpe%2Fmodelli-scarpe%2Fsandali%2Fsandali-con-tacco-essential-fly-2X0066_L026_W405.html&amp;platform=pl\" data-affiliate-network=\"{&quot;afflink_redirect&quot;:&quot;\/_p\/afflink\/13t2y\/patriziapepe-sandali-con-tacco-essential-fly&quot;,&quot;site_id&quot;:&quot;d373c840-ece5-4ebc-a094-32ac96ffad6c&quot;,&quot;network&quot;:{&quot;name&quot;:&quot;Trackonomics&quot;},&quot;metadata&quot;:{&quot;trackonomics&quot;:{&quot;network_name&quot;:&quot;awin&quot;}},&quot;product_metadata&quot;:{&quot;d373c840-ece5-4ebc-a094-32ac96ffad6c&quot;:{&quot;network_name&quot;:&quot;awin&quot;,&quot;link&quot;:&quot;https:\/\/www.awin1.com\/cread.php?awinmid=18767&amp;awinaffid=678969&amp;campaign=&amp;clickref={subid}&amp;ued=https%3A%2F%2Fwww.patriziapepe.com%2Fit%2Fit%2Fscarpe%2Fmodelli-scarpe%2Fsandali%2Fsandali-con-tacco-essential-fly-2X0066_L026_W405.html&amp;platform=pl&quot;}}}\" data-vars-ga-call-to-action=\"285\u00a0\u20ac su patriziapepe\" data-vars-ga-media-role=\"\" data-vars-ga-media-type=\"Single Product Embed\" data-vars-ga-outbound-link=\"https:\/\/www.patriziapepe.com\/it\/it\/scarpe\/modelli-scarpe\/sandali\/sandali-con-tacco-essential-fly-2X0066_L026_W405.html\" data-vars-ga-product-brand=\"Patrizia Pepe\" data-vars-ga-product-id=\"0bff4139-ef81-4b95-917e-e0543aafd43c\" data-vars-ga-product-price=\"285,00\u00a0\u20ac\" data-vars-ga-product-retailer-id=\"9636bb1e-28c4-48f2-85ce-818f497150b1\" data-vars-ga-product-sem3-brand=\"Patrizia Pepe\" data-vars-ga-link-treatment=\"(not set) | (not set)\" class=\"product-image-link ebgq4gw4 e12px3ys0 css-g6od0w e1socmtw0\"><img  alt=\"Sandali con tacco Essential Fly\" title=\"Sandali con tacco Essential Fly\" src=\"https:\/\/www.europesays.com\/it\/wp-content\/uploads\/2026\/05\/1779454369-7b942d2a-b2b0-4258-8cf8-88bcd0a6b137.jpg\" width=\"1080\" height=\"1080\" decoding=\"async\" loading=\"lazy\"\/><\/a>Zara Leather shoulder bag <a target=\"_blank\" rel=\"nofollow noopener\" data-theme-key=\"product-image-wrapper\" href=\"https:\/\/www.awin1.com\/cread.php?awinmid=32883&amp;awinaffid=678969&amp;campaign=&amp;clickref=cosit|xid:{xid}&amp;ued=https%3A%2F%2Fwww.zara.com%2Fit%2Fit%2Flthr-shldr-bg-16-p16715710.html%3Fv1%3D539601691%26v2%3D2417737&amp;platform=pl\" aria-label=\"139\u00a0\u20ac su ZARA per Leather shoulder bag \" data-href=\"https:\/\/www.zara.com\/it\/it\/lthr-shldr-bg-16-p16715710.html?v1=539601691&amp;v2=2417737\" data-product-url=\"https:\/\/www.zara.com\/it\/it\/lthr-shldr-bg-16-p16715710.html?v1=539601691&amp;v2=2417737\" data-affiliate=\"true\" data-affiliate-url=\"https:\/\/www.awin1.com\/cread.php?awinmid=32883&amp;awinaffid=678969&amp;campaign=&amp;clickref=cosit|xid:{xid}&amp;ued=https%3A%2F%2Fwww.zara.com%2Fit%2Fit%2Flthr-shldr-bg-16-p16715710.html%3Fv1%3D539601691%26v2%3D2417737&amp;platform=pl\" data-affiliate-network=\"{&quot;afflink_redirect&quot;:&quot;\/_p\/afflink\/13t31\/zara-leather-shoulder-bag&quot;,&quot;site_id&quot;:&quot;d373c840-ece5-4ebc-a094-32ac96ffad6c&quot;,&quot;network&quot;:{&quot;name&quot;:&quot;Trackonomics&quot;},&quot;metadata&quot;:{&quot;trackonomics&quot;:{&quot;network_name&quot;:&quot;awin&quot;}},&quot;product_metadata&quot;:{&quot;d373c840-ece5-4ebc-a094-32ac96ffad6c&quot;:{&quot;network_name&quot;:&quot;awin&quot;,&quot;link&quot;:&quot;https:\/\/www.awin1.com\/cread.php?awinmid=32883&amp;awinaffid=678969&amp;campaign=&amp;clickref={subid}&amp;ued=https%3A%2F%2Fwww.zara.com%2Fit%2Fit%2Flthr-shldr-bg-16-p16715710.html%3Fv1%3D539601691%26v2%3D2417737&amp;platform=pl&quot;}}}\" data-vars-ga-call-to-action=\"139\u00a0\u20ac su ZARA\" data-vars-ga-media-role=\"\" data-vars-ga-media-type=\"Single Product Embed\" data-vars-ga-outbound-link=\"https:\/\/www.zara.com\/it\/it\/lthr-shldr-bg-16-p16715710.html?v1=539601691&amp;v2=2417737\" data-vars-ga-product-brand=\"Zara\" data-vars-ga-product-id=\"aaf0093d-b0c7-4ab8-aefb-cf9efa99a8d4\" data-vars-ga-product-price=\"139,00\u00a0\u20ac\" data-vars-ga-product-retailer-id=\"215b6f91-e049-4f20-bb29-ceebd5af268c\" data-vars-ga-product-sem3-brand=\"Zara\" data-vars-ga-link-treatment=\"(not set) | (not set)\" class=\"product-image-link ebgq4gw4 e12px3ys0 css-g6od0w e1socmtw0\"><img  alt=\"Leather shoulder bag \" title=\"Leather shoulder bag \" src=\"https:\/\/www.europesays.com\/it\/wp-content\/uploads\/2026\/05\/1779454421-edc32e0d-d7ef-4309-9449-1a67d0fbaa2c.jpg\" width=\"1080\" height=\"1080\" decoding=\"async\" loading=\"lazy\"\/><\/a>Leggi anche&#8230;La moda must-have secondo Cosmopolitan<a target=\"_blank\" rel=\"nofollow noopener\" data-theme-key=\"product-image-wrapper\" href=\"https:\/\/www.awin1.com\/cread.php?awinmid=18831&amp;awinaffid=678969&amp;campaign=&amp;clickref=cosit|xid:{xid}&amp;ued=https%3A%2F%2Fwww.uniqlo.com%2Fit%2Fit%2Fproducts%2FE484276-000%2F00%3FcolorDisplayCode%3D01%26sizeDisplayCode%3D003&amp;platform=pl\" aria-label=\"50\u00a0\u20ac su Uniqlo per Gilet 100% Lino Premium\" data-href=\"https:\/\/www.uniqlo.com\/it\/it\/products\/E484276-000\/00?colorDisplayCode=01&amp;sizeDisplayCode=003\" data-product-url=\"https:\/\/www.uniqlo.com\/it\/it\/products\/E484276-000\/00?colorDisplayCode=01&amp;sizeDisplayCode=003\" data-affiliate=\"true\" data-affiliate-url=\"https:\/\/www.awin1.com\/cread.php?awinmid=18831&amp;awinaffid=678969&amp;campaign=&amp;clickref=cosit|xid:{xid}&amp;ued=https%3A%2F%2Fwww.uniqlo.com%2Fit%2Fit%2Fproducts%2FE484276-000%2F00%3FcolorDisplayCode%3D01%26sizeDisplayCode%3D003&amp;platform=pl\" data-affiliate-network=\"{&quot;site_id&quot;:&quot;d373c840-ece5-4ebc-a094-32ac96ffad6c&quot;,&quot;metadata&quot;:{&quot;trackonomics&quot;:{&quot;network_name&quot;:&quot;awin&quot;}},&quot;network&quot;:{&quot;name&quot;:&quot;Trackonomics&quot;},&quot;product_metadata&quot;:{&quot;d373c840-ece5-4ebc-a094-32ac96ffad6c&quot;:{&quot;network_name&quot;:&quot;awin&quot;,&quot;link&quot;:&quot;https:\/\/www.awin1.com\/cread.php?awinmid=18831&amp;awinaffid=678969&amp;campaign=&amp;clickref={subid}&amp;ued=https%3A%2F%2Fwww.uniqlo.com%2Fit%2Fit%2Fproducts%2FE484276-000%2F00%3FcolorDisplayCode%3D01%26sizeDisplayCode%3D003&amp;platform=pl&quot;}},&quot;afflink_redirect&quot;:&quot;\/_p\/afflink\/13lev\/uniqlo-gilet-lino-premium&quot;}\" data-vars-ga-call-to-action=\"50\u00a0\u20ac su Uniqlo\" data-vars-ga-media-role=\"1\" data-vars-ga-media-type=\"Embedded Gallery List\" data-vars-ga-outbound-link=\"https:\/\/www.uniqlo.com\/it\/it\/products\/E484276-000\/00?colorDisplayCode=01&amp;sizeDisplayCode=003\" data-vars-ga-product-brand=\"Uniqlo\" data-vars-ga-product-id=\"5a2cc813-ab10-4862-9e72-7087a3fd406f\" data-vars-ga-product-price=\"49,90\u00a0\u20ac\" data-vars-ga-product-retailer-id=\"9b8cc276-0d82-4306-b690-6bc5be28c71c\" data-vars-ga-product-sem3-brand=\"Uniqlo\" data-vars-ga-gallery-display=\"list\" data-vars-ga-link-treatment=\"(not set) | (not set)\" class=\"product-image-link ebgq4gw4 e12px3ys0 css-g6od0w e1socmtw0\"><img  alt=\"Gilet 100% Lino Premium\" title=\"Gilet 100% Lino Premium\" src=\"https:\/\/www.europesays.com\/it\/wp-content\/uploads\/2026\/05\/1778854056-214e9d25-c644-4e68-8db3-4412595ac983.jpg\" width=\"2000\" height=\"2000\" decoding=\"async\" loading=\"lazy\"\/><\/a><a target=\"_blank\" rel=\"nofollow noopener\" data-theme-key=\"product-image-wrapper\" href=\"https:\/\/l.oo34.net\/E5V60uz\" aria-label=\"30\u00a0\u20ac su Bonprix per Borsa a sacco in paglia\" data-href=\"https:\/\/l.oo34.net\/E5V60uz\" data-product-url=\"https:\/\/l.oo34.net\/E5V60uz\" data-affiliate=\"false\" data-affiliate-url=\"\" data-affiliate-network=\"\" data-vars-ga-call-to-action=\"30\u00a0\u20ac su Bonprix\" data-vars-ga-media-role=\"1\" data-vars-ga-media-type=\"Embedded Gallery List\" data-vars-ga-outbound-link=\"https:\/\/l.oo34.net\/E5V60uz\" data-vars-ga-product-id=\"57151396-a655-4969-a552-4a3c355ae644\" data-vars-ga-product-price=\"29,99\u00a0\u20ac\" data-vars-ga-product-retailer-id=\"1f372488-09d4-4f48-93f5-1af364de0e7c\" data-vars-ga-gallery-display=\"list\" data-vars-ga-link-treatment=\"sale | (not set)\" class=\"product-image-link noskim noamzn ebgq4gw4 e12px3ys0 css-g6od0w e1socmtw0\" data-><img  alt=\"Borsa a sacco in paglia\" title=\"Borsa a sacco in paglia\" src=\"https:\/\/www.europesays.com\/it\/wp-content\/uploads\/2026\/05\/1778855591-be12ebd0-170d-4f71-9681-1685b2c9225f.jpg\" width=\"1254\" height=\"1254\" decoding=\"async\" loading=\"lazy\"\/><\/a>Borsa a sacco in paglia<\/p>\n<p>Ora in sconto del 14%<\/p>\n<p><a target=\"_blank\" rel=\"nofollow noopener\" data-theme-key=\"product-image-wrapper\" href=\"https:\/\/l.oo34.net\/TyKkdXr\" aria-label=\"18\u00a0\u20ac su h&amp;m.com per Shorts in denim\" data-href=\"https:\/\/l.oo34.net\/TyKkdXr\" data-product-url=\"https:\/\/l.oo34.net\/TyKkdXr\" data-affiliate=\"false\" data-affiliate-url=\"\" data-affiliate-network=\"\" data-vars-ga-call-to-action=\"18\u00a0\u20ac su h&amp;m.com\" data-vars-ga-media-role=\"1\" data-vars-ga-media-type=\"Embedded Gallery List\" data-vars-ga-outbound-link=\"https:\/\/l.oo34.net\/TyKkdXr\" data-vars-ga-product-id=\"2f04145a-0c0d-4478-a2a5-0058c89d1303\" data-vars-ga-product-price=\"17,99\u00a0\u20ac\" data-vars-ga-product-retailer-id=\"c4e9bf49-730d-4768-b74a-d016b95956bc\" data-vars-ga-gallery-display=\"list\" data-vars-ga-link-treatment=\"(not set) | (not set)\" class=\"product-image-link noskim noamzn ebgq4gw4 e12px3ys0 css-g6od0w e1socmtw0\" data-><img  alt=\"Shorts in denim\" title=\"Shorts in denim\" src=\"https:\/\/www.europesays.com\/it\/wp-content\/uploads\/2026\/05\/1778856370-96cfac78-42bc-4ee3-9da9-3b53f765c354.jpg\" width=\"1448\" height=\"1086\" decoding=\"async\" loading=\"lazy\"\/><\/a><a target=\"_blank\" rel=\"nofollow noopener\" data-theme-key=\"product-image-wrapper\" href=\"https:\/\/clk.tradedoubler.com\/click?p=326654&amp;a=3311644&amp;epi=cosit|xid:{xid}&amp;url=https%3A%2F%2Fwww.pullandbear.com%2Fit%2Fballerine-alluncinetto-l11419740%3FcS%3D002%26pelement%3D744181474\" aria-label=\"36\u00a0\u20ac su Pull&amp;Bear per Ballerine all&#039;uncinetto\" data-href=\"https:\/\/www.pullandbear.com\/it\/ballerine-alluncinetto-l11419740?cS=002&amp;pelement=744181474\" data-product-url=\"https:\/\/www.pullandbear.com\/it\/ballerine-alluncinetto-l11419740?cS=002&amp;pelement=744181474\" data-affiliate=\"true\" data-affiliate-url=\"https:\/\/clk.tradedoubler.com\/click?p=326654&amp;a=3311644&amp;epi=cosit|xid:{xid}&amp;url=https%3A%2F%2Fwww.pullandbear.com%2Fit%2Fballerine-alluncinetto-l11419740%3FcS%3D002%26pelement%3D744181474\" data-affiliate-network=\"{&quot;site_id&quot;:&quot;d373c840-ece5-4ebc-a094-32ac96ffad6c&quot;,&quot;metadata&quot;:{&quot;trackonomics&quot;:{&quot;network_name&quot;:&quot;td&quot;}},&quot;network&quot;:{&quot;name&quot;:&quot;Trackonomics&quot;},&quot;product_metadata&quot;:{&quot;d373c840-ece5-4ebc-a094-32ac96ffad6c&quot;:{&quot;network_name&quot;:&quot;td&quot;,&quot;link&quot;:&quot;https:\/\/clk.tradedoubler.com\/click?p=326654&amp;a=3311644&amp;epi={subid}&amp;url=https%3A%2F%2Fwww.pullandbear.com%2Fit%2Fballerine-alluncinetto-l11419740%3FcS%3D002%26pelement%3D744181474&quot;}},&quot;afflink_redirect&quot;:&quot;\/_p\/afflink\/13lhH\/pullandbear-ballerine-all-uncinetto&quot;}\" data-vars-ga-call-to-action=\"36\u00a0\u20ac su Pull&amp;Bear\" data-vars-ga-media-role=\"1\" data-vars-ga-media-type=\"Embedded Gallery List\" data-vars-ga-outbound-link=\"https:\/\/www.pullandbear.com\/it\/ballerine-alluncinetto-l11419740?cS=002&amp;pelement=744181474\" data-vars-ga-product-id=\"56c86735-9fb3-4299-9581-42c296875ebf\" data-vars-ga-product-price=\"35,99\u00a0\u20ac\" data-vars-ga-product-retailer-id=\"e5f2a5d8-65af-4c00-86aa-18e0c58b7961\" data-vars-ga-gallery-display=\"list\" data-vars-ga-link-treatment=\"(not set) | (not set)\" class=\"product-image-link ebgq4gw4 e12px3ys0 css-g6od0w e1socmtw0\"><img  alt=\"Ballerine all'uncinetto\" title=\"Ballerine all'uncinetto\" src=\"https:\/\/www.europesays.com\/it\/wp-content\/uploads\/2026\/05\/1778855796-79a46571-d33b-4de3-9b51-322fb66baf6a.jpg\" width=\"1254\" height=\"1254\" decoding=\"async\" loading=\"lazy\"\/><\/a><\/p>\n","protected":false},"excerpt":{"rendered":"Pensavamo di aver lasciato il bordeaux negli outfit autunnali. E invece Giulia Salemi ci ha appena mostrato la&hellip;\n","protected":false},"author":3,"featured_media":505262,"comment_status":"","ping_status":"","sticky":false,"template":"","format":"standard","meta":{"footnotes":"","_share_on_mastodon":"0"},"categories":[1451],"tags":[279869,1621,1620,279870,279868,203,9213,279866,279867,204,1537,90,89,279875,279877,279873,279874,279871,279876,279878,279872,1780],"class_list":["post-505261","post","type-post","status-publish","format-standard","has-post-thumbnail","category-celebrita","tag-bordeaux-e-rosa","tag-celebrita","tag-celebrities","tag-colori-primavera-estate","tag-combo-bordeaux-e-rosa","tag-entertainment","tag-giulia-salemi","tag-giulia-salemi-look","tag-giulia-salemi-outfit","tag-intrattenimento","tag-it","tag-italia","tag-italy","tag-look-chic","tag-look-elegante","tag-look-primavera-estate","tag-moda-donna","tag-moda-primavera-estate","tag-outfit-chic","tag-outfit-elegante","tag-tendenze-colore","tag-traffico"],"share_on_mastodon":{"url":"https:\/\/pubeurope.com\/@it\/116626883801564023","error":""},"_links":{"self":[{"href":"https:\/\/www.europesays.com\/it\/wp-json\/wp\/v2\/posts\/505261","targetHints":{"allow":["GET"]}}],"collection":[{"href":"https:\/\/www.europesays.com\/it\/wp-json\/wp\/v2\/posts"}],"about":[{"href":"https:\/\/www.europesays.com\/it\/wp-json\/wp\/v2\/types\/post"}],"author":[{"embeddable":true,"href":"https:\/\/www.europesays.com\/it\/wp-json\/wp\/v2\/users\/3"}],"replies":[{"embeddable":true,"href":"https:\/\/www.europesays.com\/it\/wp-json\/wp\/v2\/comments?post=505261"}],"version-history":[{"count":0,"href":"https:\/\/www.europesays.com\/it\/wp-json\/wp\/v2\/posts\/505261\/revisions"}],"wp:featuredmedia":[{"embeddable":true,"href":"https:\/\/www.europesays.com\/it\/wp-json\/wp\/v2\/media\/505262"}],"wp:attachment":[{"href":"https:\/\/www.europesays.com\/it\/wp-json\/wp\/v2\/media?parent=505261"}],"wp:term":[{"taxonomy":"category","embeddable":true,"href":"https:\/\/www.europesays.com\/it\/wp-json\/wp\/v2\/categories?post=505261"},{"taxonomy":"post_tag","embeddable":true,"href":"https:\/\/www.europesays.com\/it\/wp-json\/wp\/v2\/tags?post=505261"}],"curies":[{"name":"wp","href":"https:\/\/api.w.org\/{rel}","templated":true}]}}