{"id":505742,"date":"2026-05-24T09:26:16","date_gmt":"2026-05-24T09:26:16","guid":{"rendered":"https:\/\/www.europesays.com\/it\/505742\/"},"modified":"2026-05-24T09:26:16","modified_gmt":"2026-05-24T09:26:16","slug":"batterio-killer-in-piemonte-casi-triplicati-in-10-anni-decine-di-vittime-torino-cronaca","status":"publish","type":"post","link":"https:\/\/www.europesays.com\/it\/505742\/","title":{"rendered":"Batterio killer in Piemonte: casi triplicati in 10 anni, decine di vittime &#8211; Torino Cronaca"},"content":{"rendered":"<p><strong>Centinaia di casi, 3 focolai nelle Rsa, decine di anziani uccisi dalla malattia<\/strong>. E&#8217; un quadro preoccupante quello realizzato dal <strong>Seremi<\/strong> sulla diffusione della <strong>Legionellosi<\/strong> in Piemonte, in un rapporto che fin dalle prime righe sottolinea come \u00abnel 2025, in Piemonte, sono stati notificati 389\u00a0casi di legionellosi, segnando <strong>il valore pi\u00f9 alto dell&#8217;ultimo decennio<\/strong>\u00bb. Una crescita costante: se il valore dell&#8217;anno precedente (384) \u00e8 stato superato solo di poco, la differenza con il 2016 \u00e8 ben pi\u00f9 evidente. Allora i casi erano stati 114: in un decennio sono quindi <strong>pi\u00f9 che triplicati<\/strong>.<\/p>\n<p> Powered by <a target=\"_blank\" href=\"https:\/\/evolutiongroup.digital\/\" rel=\"nofollow noopener\"> <img decoding=\"async\" src=\"https:\/\/evolutiongroup.digital\/wp-content\/themes\/evolution_group\/assets\/static\/logo\/logo-evolutiongroup-black.svg\" alt=\"powered by evolution group\"\/> <\/a> <\/p>\n<p><a href=\"https:\/\/www.torinocronaca.it\/news\/torino\/581101\/aids-i-contagi-da-hiv-tornano-a-salire-la-malattia-spaventa-di-nuovo-i-giovani.html?utm_source=VCMS_correlati\" class=\"vc_cont_image\" rel=\"nofollow noopener\" target=\"_blank\"><img decoding=\"async\" class=\"vc_image\" src=\"https:\/\/www.torinocronaca.it\/resizer\/150\/-1\/true\/2025_11_30\/Copertina_Claudio_neve_%28non_toccare_please%29_%2828%29-1764522989844.jpg--aids__i_contagi_da_hiv_tornano_a_salire__la_malattia_spaventa_di_nuovo_i_giovani.jpg?1764522989983\"\/><\/a><\/p>\n<p>La legionella \u00e8 un genere di <strong>batteri<\/strong> che devono il proprio nome\u00a0all&#8217;epidemia che nell&#8217;estate del 1976\u00a0colp\u00ec un gruppo di veterani della American Legion\u00a0riuniti in un albergo di Philadelphia,\u00a0causando ben <strong>34 morti su 221 contagiati<\/strong>. Solo l&#8217;anno successivo si scopr\u00ec la presenza di un batterio fino a quel momento sconosciuto, &#8220;nascosto&#8221; nell&#8217;impianto di condizionamento dell&#8217;hotel. L&#8217;infezione da questo batterio, che molto spesso <strong>si annida nei tubi dell&#8217;acqua<\/strong>, in alcuni casi pu\u00f2 dare origine alla <strong>Legionellosi<\/strong>,\u00a0una polmonite che si manifesta dopo un\u2019incubazione di 2-10 giorni, si cura con ricovero e antibiotici ma che si rivela\u00a0letale nel 5-15% dei casi. Una percentuale che \u00e8 la media tra la bassa mortalit\u00e0 tra i soggetti pi\u00f9 giovani e sani e quella &#8211; piuttosto elevata &#8211; tra anziani e affetti da altre patologie.<\/p>\n<p><a href=\"https:\/\/www.torinocronaca.it\/news\/torino\/571966\/allarme-scabbia-in-piemonte-casi-triplicati-in-4-anni-in-dodici-mesi-267-focolai-e-2-239-casi.html?utm_source=VCMS_correlati\" class=\"vc_cont_image\" rel=\"nofollow noopener\" target=\"_blank\"><img decoding=\"async\" class=\"vc_image\" src=\"https:\/\/www.torinocronaca.it\/resizer\/150\/-1\/true\/2025_11_01\/scabbia_piemonte-1762020654333.jpg--allarme_scabbia_in_piemonte__casi_triplicati_in_4_anni__in_dodici_mesi_267_focolai_e_2_239_casi.jpg?1762020654486\"\/><\/a><\/p>\n<p>Tornando al Piemonte, nel 2025 si sono registrati 4 <strong>focolai<\/strong>, di cui 3 localizzati in Rsa (<strong>2 in provincia di Vercelli e uno in provincia di Alessandria<\/strong>).\u00a0Il 76% dei casi (296) \u00e8 classificato come comunitario, ovvero privo di una fonte di\u00a0infezione chiaramente identificabile. A livello provinciale \u00abl&#8217;area territoriale con il tasso pi\u00f9 elevato \u00e8 stata la provincia di <strong>Vercelli<\/strong>, con un valore di 16,9 casi per 100.000 abitanti\u00bb. Tasso minore ma <strong>numeri in crescita anche a Torino e provincia<\/strong>, dove si \u00e8 passati dagli 85 casi del 2022 ai 189 del 2025. <strong>Ma a destare impressione sono soprattutto i numeri delle vittime<\/strong>: \u00abIn merito agli esiti della malattia, \u00e8 stato ricostruito lo stato in vita dei pazienti di et\u00e0 superiore agli 80 anni\u00a0a 30 giorni dall&#8217;esordio dei sintomi. Su un totale di 138 casi notificati in questa fascia d\u2019et\u00e0, si sono\u00a0registrati <strong>70 decessi<\/strong>. In circa il 50% di tali decessi, il quadro clinico era complicato dalla presenza di comorbilit\u00e0 pregresse\u00bb. Quindi, in sostanza, tra i &#8220;grandi anziani&#8221; la Legionellosi in Piemonte uccide un contagiato su due. Soprattutto per questo, \u00e8 <strong>fondamentale<\/strong> risalire all&#8217;origine dell&#8217;infezione per intervenire e rimuovere il rischio che il batterio continui a colpire. Purtroppo, come detto prima, nonostante gli sforzi nel 76% dei casi non \u00e8 stato possibile rintracciarla, ma \u00abnel periodo post-pandemico, si \u00e8 registrato <strong>un sensibile aumento delle segnalazioni presso comunit\u00e0\u00a0residenziali<\/strong>, in particolare residenze sanitarie assistenziali (<strong>RSA<\/strong>), dove i casi sono passati da 7 a 51\u00a0nell&#8217;ultimo quinquennio, evidenziando la particolare vulnerabilit\u00e0 degli ospiti di tali strutture, spesso caratterizzati da fragilit\u00e0 pregresse\u00bb. Solo 4 invece i casi in ambito ospedaliero, a conferma che le grandi strutture sanitarie sono sicure. Attenzione anche a chi viaggia: i casi di contagi in <strong>strutture alberghiere<\/strong> nel quinquennio sono quasi raddoppiati, passando da 20 a 38.\u00a0<\/p>\n<p><img loading=\"lazy\" decoding=\"async\" src=\"https:\/\/www.europesays.com\/it\/wp-content\/uploads\/2026\/05\/grafico_legionella-1779534450633.JPG\" alt=\"\" width=\"950\" height=\"458\"\/><\/p>\n<p>Alla luce di questi numeri, tra le <strong>raccomandazioni<\/strong> del Seremi spicca quella secondo la quale \u00absi devono consolidare le strategie di prevenzione mirate ai soggetti anziani e nelle strutture\u00a0sanitarie\/sociosanitarie, ambienti in cui il rischio di\u00a0aerosolizzazione rappresenta un pericolo maggiore\u00bb.<\/p>\n","protected":false},"excerpt":{"rendered":"Centinaia di casi, 3 focolai nelle Rsa, decine di anziani uccisi dalla malattia. E&#8217; un quadro preoccupante quello&hellip;\n","protected":false},"author":3,"featured_media":505743,"comment_status":"","ping_status":"","sticky":false,"template":"","format":"standard","meta":{"footnotes":"","_share_on_mastodon":"0"},"categories":[175],"tags":[36620,239,1537,90,89,130728,280267,2059,2999,240,280266,1641],"class_list":["post-505742","post","type-post","status-publish","format-standard","has-post-thumbnail","category-salute","tag-batterio","tag-health","tag-it","tag-italia","tag-italy","tag-legionella","tag-legionellosi","tag-piemonte","tag-rsa","tag-salute","tag-seremi","tag-torino"],"share_on_mastodon":{"url":"https:\/\/pubeurope.com\/@it\/116628842050178989","error":""},"_links":{"self":[{"href":"https:\/\/www.europesays.com\/it\/wp-json\/wp\/v2\/posts\/505742","targetHints":{"allow":["GET"]}}],"collection":[{"href":"https:\/\/www.europesays.com\/it\/wp-json\/wp\/v2\/posts"}],"about":[{"href":"https:\/\/www.europesays.com\/it\/wp-json\/wp\/v2\/types\/post"}],"author":[{"embeddable":true,"href":"https:\/\/www.europesays.com\/it\/wp-json\/wp\/v2\/users\/3"}],"replies":[{"embeddable":true,"href":"https:\/\/www.europesays.com\/it\/wp-json\/wp\/v2\/comments?post=505742"}],"version-history":[{"count":0,"href":"https:\/\/www.europesays.com\/it\/wp-json\/wp\/v2\/posts\/505742\/revisions"}],"wp:featuredmedia":[{"embeddable":true,"href":"https:\/\/www.europesays.com\/it\/wp-json\/wp\/v2\/media\/505743"}],"wp:attachment":[{"href":"https:\/\/www.europesays.com\/it\/wp-json\/wp\/v2\/media?parent=505742"}],"wp:term":[{"taxonomy":"category","embeddable":true,"href":"https:\/\/www.europesays.com\/it\/wp-json\/wp\/v2\/categories?post=505742"},{"taxonomy":"post_tag","embeddable":true,"href":"https:\/\/www.europesays.com\/it\/wp-json\/wp\/v2\/tags?post=505742"}],"curies":[{"name":"wp","href":"https:\/\/api.w.org\/{rel}","templated":true}]}}