{"id":505892,"date":"2026-05-24T11:21:25","date_gmt":"2026-05-24T11:21:25","guid":{"rendered":"https:\/\/www.europesays.com\/it\/505892\/"},"modified":"2026-05-24T11:21:25","modified_gmt":"2026-05-24T11:21:25","slug":"elezioni-comunali-2026-in-diretta-urne-aperte-dalle-7-oggi-si-vota-fino-alle-23-in-750-comuni-le-sfide-decisive","status":"publish","type":"post","link":"https:\/\/www.europesays.com\/it\/505892\/","title":{"rendered":"Elezioni comunali 2026 in diretta | Urne aperte dalle 7, oggi si vota fino alle 23 in 750 comuni. Le sfide decisive"},"content":{"rendered":"<p>\t\t\tCome si vota alle comunali 2026<\/p>\n<p>L\u2019elezione del primo cittadino \u00e8 diretta.<\/p>\n<p><b>Nei Comuni fino a 15 mila abitanti l\u2019elettore pu\u00f2<\/b>:<\/p>\n<p>&#8211; tracciare un segno <b>solo sul simbolo<\/b> della lista, <\/p>\n<p>&#8211; tracciare un segno <b>sia sul simbolo della lista sia sul nome<\/b> del candidato sindaco collegato alla lista votata<br \/>\u200b<br \/>\u200b- tracciare un segno <b>solo sul nome del candidato <\/b>sindaco senza segnare il simbolo della lista (In questi tre casi, il voto <b>\u00e8 valido sia per la lista votata sia per il candidato sindaco<\/b> a essa collegato: non \u00e8 permesso il voto disgiunto)<br \/>\u200b<br \/>\u200b<b>Nei Comuni con pi\u00f9 di 15 mila abitanti, dove il candidato alla carica di sindaco pu\u00f2 essere collegato a una sola o anche a pi\u00f9 liste, l\u2019elettore pu\u00f2<\/b>:<\/p>\n<p>&#8211; tracciare un segno solo sul simbolo di lista: il voto \u00e8 valido sia per la lista votata sia per il candidato alla carica di sindaco a essa collegato<\/p>\n<p>&#8211; tracciare un segno sia sul nome del candidato sindaco sia sul simbolo della lista o di una delle liste collegate al candidato stesso: anche in questo caso, il voto \u00e8 valido sia per il candidato alla carica di sindaco sia per la lista collegata<\/p>\n<p>&#8211; esprimere un voto disgiunto e cio\u00e8 tracciare un segno sul nome di un candidato sindaco e un altro segno su una lista non collegata al candidato votato<\/p>\n<p>&#8211; tracciare un segno solo sul nome di un candidato sindaco senza segnare alcun simbolo. In tal caso, si esprime il voto solo per il candidato ed \u00e8 esclusa ogni attribuzione di voto alla lista o alle liste collegate<br \/>\u200b<br \/>\u200b<br \/>\u200b<b>Le preferenze<\/b><br \/>\u200b<br \/>Si possono esprimere <b>fino a 2 preferenze <\/b>per i candidati alla carica di consigliere comunale <b>(una sola nei Comuni fino a 5 mila abitanti) <\/b>scrivendone il nome nella riga o nelle righe stampate sotto il simbolo della lista di appartenenza dei candidati votati, anche senza segnare il simbolo della lista stessa. In tal caso, si esprime un voto valido anche per la lista cui appartengono i candidati votati e per il candidato alla carica di sindaco a essa collegato (salvo in caso di voto disgiunto nei Comuni con oltre 15 mila abitanti)<\/p>\n<p><b>Attenzione:<\/b> se si esprimono due preferenze, queste devono riguardare candidati di sesso diverso, a pena di annullamento della seconda preferenza<\/p>\n<p>In caso di <b>identit\u00e0 di cognome<\/b> tra candidati, si deve scrivere sempre il nome e il cognome e, ove occorra, la data di nascita; se il candidato ha due cognomi, l\u2019elettore, nel dare la preferenza, pu\u00f2 scriverne uno solo. L\u2019indicazione deve contenere entrambi i cognomi quando vi sia possibilit\u00e0 di confusione fra pi\u00f9 candidati.<\/p>\n","protected":false},"excerpt":{"rendered":"Come si vota alle comunali 2026 L\u2019elezione del primo cittadino \u00e8 diretta. Nei Comuni fino a 15 mila&hellip;\n","protected":false},"author":3,"featured_media":505893,"comment_status":"","ping_status":"","sticky":false,"template":"","format":"standard","meta":{"footnotes":"","_share_on_mastodon":"0"},"categories":[79],"tags":[4111,23071,117,3749,3750,280418,41582,64214,723,39,6820,921,7806,2992,280419,2409,280398,280399,258845,280420,14785,280405,2204,280400,280421,1045,112,2780,28127,280422,280423,11032,101846,72346,20759,9937,3759,280424,280425,75996,8153,174171,14,93,94,280406,1690,1112,27,89938,13089,123,99843,30883,280407,2024,1537,90,89,3266,4555,4556,113,280408,28730,1691,707,7,1693,280396,280397,15,477,4566,21251,111,137,11150,17114,13634,280401,280402,280409,280410,20333,280393,19,280411,280412,280394,280395,280403,280413,11,84,91,12,85,92,2958,31076,280414,222,119399,280415,68639,2424,280416,280404,280417],"class_list":["post-505892","post","type-post","status-publish","format-standard","has-post-thumbnail","category-italia","tag-abitanti","tag-affluenza","tag-amministrative","tag-articolo","tag-articolo-completo","tag-articolo-completo-posta","tag-biennale","tag-brugnaro","tag-calo","tag-campagna","tag-campagna-elettorale","tag-campo","tag-campo-largo","tag-candidati","tag-candidati-votati","tag-candidato","tag-candidato-carica","tag-candidato-carica-sindaco","tag-candidato-sindaco","tag-candidato-sindaco-segnare","tag-capoluogo","tag-capoluogo-regione","tag-carica","tag-carica-sindaco","tag-carica-sindaco-essa","tag-casi","tag-centrodestra","tag-centrosinistra","tag-chiamati","tag-chiamati-seggi","tag-chiamati-seggi-italiani","tag-cognome","tag-cognomi","tag-collegata","tag-collegate","tag-collegato","tag-completo","tag-completo-posta","tag-completo-posta-gioco","tag-comunali","tag-comuni","tag-comuni-abitanti","tag-cronaca","tag-cronaca-italiana","tag-cronacaitaliana","tag-disgiunto","tag-domani","tag-domenica","tag-elettorale","tag-elettore","tag-elettori","tag-elezioni","tag-elezioni-comunali","tag-essa","tag-essa-collegato","tag-gioco","tag-it","tag-italia","tag-italy","tag-leggi","tag-leggi-articolo","tag-leggi-articolo-completo","tag-lista","tag-lista-votata","tag-liste","tag-lunedi","tag-maggio","tag-news","tag-nome","tag-nome-candidato","tag-nome-candidato-sindaco","tag-notizie","tag-politica","tag-precedenti","tag-preferenze","tag-regione","tag-regioni","tag-salerno","tag-segnare","tag-segno","tag-segno-nome","tag-segno-nome-candidato","tag-segno-simbolo","tag-segno-simbolo-lista","tag-simbolo","tag-simbolo-lista","tag-sindaco","tag-sindaco-essa","tag-sindaco-essa-collegato","tag-tracciare","tag-tracciare-segno","tag-tracciare-segno-nome","tag-tracciare-segno-simbolo","tag-ultime-notizie","tag-ultime-notizie-e-news-di-oggi","tag-ultime-notizie-italia","tag-ultimenotizie","tag-ultimenotizieenewsdioggi","tag-ultimenotizieitalia","tag-unico","tag-valido","tag-valido-lista","tag-venezia","tag-vota","tag-votata","tag-votato","tag-voto","tag-voto-disgiunto","tag-voto-valido","tag-voto-valido-lista"],"share_on_mastodon":{"url":"","error":"Validation failed: Text character limit of 500 exceeded"},"_links":{"self":[{"href":"https:\/\/www.europesays.com\/it\/wp-json\/wp\/v2\/posts\/505892","targetHints":{"allow":["GET"]}}],"collection":[{"href":"https:\/\/www.europesays.com\/it\/wp-json\/wp\/v2\/posts"}],"about":[{"href":"https:\/\/www.europesays.com\/it\/wp-json\/wp\/v2\/types\/post"}],"author":[{"embeddable":true,"href":"https:\/\/www.europesays.com\/it\/wp-json\/wp\/v2\/users\/3"}],"replies":[{"embeddable":true,"href":"https:\/\/www.europesays.com\/it\/wp-json\/wp\/v2\/comments?post=505892"}],"version-history":[{"count":0,"href":"https:\/\/www.europesays.com\/it\/wp-json\/wp\/v2\/posts\/505892\/revisions"}],"wp:featuredmedia":[{"embeddable":true,"href":"https:\/\/www.europesays.com\/it\/wp-json\/wp\/v2\/media\/505893"}],"wp:attachment":[{"href":"https:\/\/www.europesays.com\/it\/wp-json\/wp\/v2\/media?parent=505892"}],"wp:term":[{"taxonomy":"category","embeddable":true,"href":"https:\/\/www.europesays.com\/it\/wp-json\/wp\/v2\/categories?post=505892"},{"taxonomy":"post_tag","embeddable":true,"href":"https:\/\/www.europesays.com\/it\/wp-json\/wp\/v2\/tags?post=505892"}],"curies":[{"name":"wp","href":"https:\/\/api.w.org\/{rel}","templated":true}]}}