{"id":50594,"date":"2025-08-16T09:22:09","date_gmt":"2025-08-16T09:22:09","guid":{"rendered":"https:\/\/www.europesays.com\/it\/50594\/"},"modified":"2025-08-16T09:22:09","modified_gmt":"2025-08-16T09:22:09","slug":"la-toscana-accoglie-i-bambini-di-gaza-la-soddisfazione-di-mazzeo","status":"publish","type":"post","link":"https:\/\/www.europesays.com\/it\/50594\/","title":{"rendered":"La Toscana accoglie i bambini di Gaza, la soddisfazione di Mazzeo"},"content":{"rendered":"<p>\t\t\t\t\t\t\t\t\t&#8220;Siamo orgogliosi di fare la nostra parte. Ancora una volta, la <strong>Toscana<\/strong> dimostra di essere <strong>terra di accoglienza<\/strong>, capace di trasformare i valori della pace e della solidariet\u00e0 in azioni concrete: aprire le porte degli ospedali, garantire cure specialistiche, mettere in campo competenze e dedizione. Il nostro sistema sanitario pubblico \u00e8 e rester\u00e0 un presidio di cura e speranza, senza confini e senza distinzioni. Perch\u00e9 ogni vita, ovunque sia nata, merita di essere protetta&#8221;. Cos\u00ec su Fb il presidente del Consiglio regionale <strong>Antonio Mazzeo<\/strong> per i cinque bambini provenienti da\u00a0Gaza, atterrati la notte scorsa a Pisa insieme ad altri due piccoli, che rimarranno in Toscana, &#8220;dove potranno ricevere cure impossibili da garantire nella Striscia, priva di medicinali e con ospedali sovraffollati e semidistrutti&#8221;.<br \/>\u00a0\u00a0\u00a0\u00a0<br \/>&#8220;Appena arrivati &#8211; evidenzia Mazzeo -, sono stati presi in carico dal nostro sistema sanitario: due accolti al Meyer di Firenze, due all&#8217;ospedale del Cuore di Massa e uno al Cisanello di Pisa. Qui stanno ricevendo cure e assistenza adeguate, circondati dalla professionalit\u00e0 e dall&#8217;umanit\u00e0 dei nostri operatori&#8221;. <\/p>\n<p>&#8220;Il loro viaggio \u00e8 stato reso possibile da una nuova missione del dipartimento nazionale della Protezione civile, coordinata dalla Cross di Pistoia, con il prezioso contributo di medici e infermieri del 118 toscano e delle associazioni di volontariato Anpas, Misericordia e Croce Rossa Italiana. A tutti loro va la nostra pi\u00f9 sincera gratitudine&#8221;.<\/p>\n<p>\t\t\t\t\t\t\t\tCondividi<\/p>\n","protected":false},"excerpt":{"rendered":"&#8220;Siamo orgogliosi di fare la nostra parte. Ancora una volta, la Toscana dimostra di essere terra di accoglienza,&hellip;\n","protected":false},"author":3,"featured_media":50595,"comment_status":"","ping_status":"","sticky":false,"template":"","format":"standard","meta":{"footnotes":""},"categories":[1481],"tags":[2065,2066,788,73,239,2063,2064,1537,90,89,42687,240],"class_list":{"0":"post-50594","1":"post","2":"type-post","3":"status-publish","4":"format-standard","5":"has-post-thumbnail","7":"category-assistenza-sanitaria","8":"tag-assistenza-sanitaria","9":"tag-assistenzasanitaria","10":"tag-bambini","11":"tag-gaza","12":"tag-health","13":"tag-health-care","14":"tag-healthcare","15":"tag-it","16":"tag-italia","17":"tag-italy","18":"tag-mazzeo","19":"tag-salute"},"share_on_mastodon":{"url":"","error":""},"_links":{"self":[{"href":"https:\/\/www.europesays.com\/it\/wp-json\/wp\/v2\/posts\/50594","targetHints":{"allow":["GET"]}}],"collection":[{"href":"https:\/\/www.europesays.com\/it\/wp-json\/wp\/v2\/posts"}],"about":[{"href":"https:\/\/www.europesays.com\/it\/wp-json\/wp\/v2\/types\/post"}],"author":[{"embeddable":true,"href":"https:\/\/www.europesays.com\/it\/wp-json\/wp\/v2\/users\/3"}],"replies":[{"embeddable":true,"href":"https:\/\/www.europesays.com\/it\/wp-json\/wp\/v2\/comments?post=50594"}],"version-history":[{"count":0,"href":"https:\/\/www.europesays.com\/it\/wp-json\/wp\/v2\/posts\/50594\/revisions"}],"wp:featuredmedia":[{"embeddable":true,"href":"https:\/\/www.europesays.com\/it\/wp-json\/wp\/v2\/media\/50595"}],"wp:attachment":[{"href":"https:\/\/www.europesays.com\/it\/wp-json\/wp\/v2\/media?parent=50594"}],"wp:term":[{"taxonomy":"category","embeddable":true,"href":"https:\/\/www.europesays.com\/it\/wp-json\/wp\/v2\/categories?post=50594"},{"taxonomy":"post_tag","embeddable":true,"href":"https:\/\/www.europesays.com\/it\/wp-json\/wp\/v2\/tags?post=50594"}],"curies":[{"name":"wp","href":"https:\/\/api.w.org\/{rel}","templated":true}]}}