{"id":505961,"date":"2026-05-24T12:28:21","date_gmt":"2026-05-24T12:28:21","guid":{"rendered":"https:\/\/www.europesays.com\/it\/505961\/"},"modified":"2026-05-24T12:28:21","modified_gmt":"2026-05-24T12:28:21","slug":"toni-nadal-allenatore-di-sinner-le-parole-a-roma","status":"publish","type":"post","link":"https:\/\/www.europesays.com\/it\/505961\/","title":{"rendered":"Toni Nadal allenatore di Sinner? Le parole a Roma"},"content":{"rendered":"<p>                                Lo zio di Rafa non ha dubbi sul numero uno del mondo: \u201cVedo in lui una mentalit\u00e0 che ricorda quella dei pi\u00f9 grandi. E a me piace lavorare con chi sa accettare la verit\u00e0\u201d<\/p>\n<p>            <a class=\"image is-50x50\" href=\"https:\/\/www.gazzetta.it\/collaboratori\/luigi-ansaloni\/\" rel=\"nofollow noopener\" target=\"_blank\"><br \/>\n                <img decoding=\"async\" class=\"is-rounded\" src=\"https:\/\/www.europesays.com\/it\/wp-content\/uploads\/2026\/03\/1774472354_735_omino.png\" alt=\"Luigi Ansaloni\"\/><br \/>\n            <\/a><\/p>\n<p>Collaboratore<\/p>\n<p>                    24 maggio &#8211; 13:47  &#8211; MILANO<\/p>\n<p class=\"paragraph\" spellcheck=\"true\">Se non \u00e8 una candidatura, poco ci manca, ma certo che le parole di Toni Nadal nei confronti di Jannik Sinner hanno acceso non poco la fantasia dei tifosi dell\u2019attuale numero uno del mondo per un (eventuale) dopo Cahill.<\/p>\n<p>        sognando Sinner\u2014 \u00a0<\/p>\n<p class=\"paragraph\" spellcheck=\"true\">L\u2019allenatore e zio di Rafal Nadal ha partecipato a Roma a un evento organizzato dalla Fondazione della Accademia Angelini, dove gli \u00e8 stato chiesto quale tennista sceglierebbe di allenare oggi, avendone la possibilit\u00e0. Toni Nadal ha risposto, senza mezzi termini e senza esitazione Jannik Sinner. \u201cVedo in lui disciplina, buone maniere e una mentalit\u00e0 che ricorda quella dei pi\u00f9 grandi. Mi piace lavorare con persone che accettano la verit\u00e0 e non creano problemi. Attualmente molti allenatori sono costretti a dire ai giovani ci\u00f2 che vogliono sentire e io non lo far\u00f2 mai\u201d, ha detto Nadal. A pensarci bene, non una sorpresa che uno come lo zio di Rafa preferisca la mentalit\u00e0 di un Sinner piuttosto che quella di un Alcaraz, un tennista decisamente pi\u00f9 incline a fare di testa sua dell\u2019azzurro (Juan Carlos Ferrero ne sa qualcosa).<\/p>\n<p>        verit\u00e0\u2014 \u00a0<\/p>\n<p class=\"paragraph\" spellcheck=\"true\">Nadal ha poi parlato della sua visione di come deve essere un coach. \u201cOggi molti allenatori devono dire ai giocatori ci\u00f2 che vogliono ascoltare. Io non l\u2019ho mai fatto. Con Rafael parlavo con sincerit\u00e0, anche quando era dura. Il risultato non \u00e8 importante quanto il percorso per arrivarci\u201d. A sostegno di questa visione, Nadal ha rievocato un episodio precedente a una finale di Montecarlo contro Roger Federer: \u201cPrima di una finale di Montecarlo contro Federer, Rafael mi chiese come vedevo la partita. Gli dissi la verit\u00e0: che Roger aveva un dritto migliore, un rovescio migliore, un servizio migliore\u2026 Mi ferm\u00f2. Ma io gli risposi: \u201cSe vuoi, posso ingannarti. Ma il giudizio del campo non ci inganner\u00e0\u201d.  La verit\u00e0 \u00e8 la base del miglioramento\u201d.<\/p>\n<p><a class=\"is-partner-link\" href=\"https:\/\/abbonamenti.gazzetta.it\/sinner-re-roma-poster-de\/?pwcmp=cta&amp;forceBrowser=true\" rel=\"nofollow noopener\" target=\"_blank\">Sinner RE di Roma: abbonati alla Digital Edition + Poster Prima Pagina a 4,99\u20ac\/mese<\/a><\/p>\n<p>        battere jannik&#8230;\u2014 \u00a0<\/p>\n<p class=\"paragraph\" spellcheck=\"true\">&#8211; Un\u2019investitura che arriva a ridosso del Roland Garros e pochi giorni dopo il trionfo dell\u2019azzurro agli Internazionali d\u2019Italia 2026.  \u201cNessuno \u00e8 contento dell\u2019infortunio di Alcaraz ma quando non partecipa il tuo avversario, sei contento, \u00e8 normale; senza Carlos aumentano le possibilit\u00e0 di vittoria di tutti\u201d, ha dichiarato Nadal qualche giorno prima dell\u2019evento romano. \u201cJannik non \u00e8 brillante come Carlos, ma \u00e8 pi\u00f9 costante e ha tutto. Sta diventando sempre pi\u00f9 difficile batterlo&#8221;.<\/p>\n<p class=\"is-copyright\">\u00a9 RIPRODUZIONE RISERVATA<\/p>\n","protected":false},"excerpt":{"rendered":"Lo zio di Rafa non ha dubbi sul numero uno del mondo: \u201cVedo in lui una mentalit\u00e0 che&hellip;\n","protected":false},"author":3,"featured_media":505962,"comment_status":"","ping_status":"","sticky":false,"template":"","format":"standard","meta":{"footnotes":"","_share_on_mastodon":"0"},"categories":[1457],"tags":[1265,6095,7920,6602,3363,483,280453,4972,451,19877,1426,247848,1251,280454,280455,1537,90,89,1269,1717,3776,6091,280456,2051,1983,366,245,244,1273,24416,29524,9294,24607],"class_list":["post-505961","post","type-post","status-publish","format-standard","has-post-thumbnail","category-tennis","tag-alcaraz","tag-allenatori","tag-azzurro","tag-brillante","tag-carlos","tag-cio","tag-cio-vogliono","tag-contento","tag-evento","tag-federer","tag-finale","tag-finale-montecarlo","tag-grandi","tag-grandi-piace","tag-grandi-piace-lavorare","tag-it","tag-italia","tag-italy","tag-jannik","tag-jannik-sinner","tag-lavorare","tag-mentalita","tag-mentalita-ricorda","tag-migliore","tag-nadal","tag-sinner","tag-sport","tag-sports","tag-tennis","tag-toni","tag-toni-nadal","tag-verita","tag-zio"],"share_on_mastodon":{"url":"https:\/\/pubeurope.com\/@it\/116629557475464053","error":""},"_links":{"self":[{"href":"https:\/\/www.europesays.com\/it\/wp-json\/wp\/v2\/posts\/505961","targetHints":{"allow":["GET"]}}],"collection":[{"href":"https:\/\/www.europesays.com\/it\/wp-json\/wp\/v2\/posts"}],"about":[{"href":"https:\/\/www.europesays.com\/it\/wp-json\/wp\/v2\/types\/post"}],"author":[{"embeddable":true,"href":"https:\/\/www.europesays.com\/it\/wp-json\/wp\/v2\/users\/3"}],"replies":[{"embeddable":true,"href":"https:\/\/www.europesays.com\/it\/wp-json\/wp\/v2\/comments?post=505961"}],"version-history":[{"count":0,"href":"https:\/\/www.europesays.com\/it\/wp-json\/wp\/v2\/posts\/505961\/revisions"}],"wp:featuredmedia":[{"embeddable":true,"href":"https:\/\/www.europesays.com\/it\/wp-json\/wp\/v2\/media\/505962"}],"wp:attachment":[{"href":"https:\/\/www.europesays.com\/it\/wp-json\/wp\/v2\/media?parent=505961"}],"wp:term":[{"taxonomy":"category","embeddable":true,"href":"https:\/\/www.europesays.com\/it\/wp-json\/wp\/v2\/categories?post=505961"},{"taxonomy":"post_tag","embeddable":true,"href":"https:\/\/www.europesays.com\/it\/wp-json\/wp\/v2\/tags?post=505961"}],"curies":[{"name":"wp","href":"https:\/\/api.w.org\/{rel}","templated":true}]}}