{"id":506027,"date":"2026-05-24T13:28:23","date_gmt":"2026-05-24T13:28:23","guid":{"rendered":"https:\/\/www.europesays.com\/it\/506027\/"},"modified":"2026-05-24T13:28:23","modified_gmt":"2026-05-24T13:28:23","slug":"juve-giovanni-veronesi-intervista-temo-il-torino-scegliere-con-lalgoritmo-assurdo","status":"publish","type":"post","link":"https:\/\/www.europesays.com\/it\/506027\/","title":{"rendered":"Juve, Giovanni Veronesi intervista: \u201cTemo il Torino. Scegliere con l&#8217;algoritmo? Assurdo&#8221;"},"content":{"rendered":"<p>                                &#8220;Il nostro finale di stagione da film horror &#8211; dice il regista -. Tocca ad Elkann scendere in campo&#8221;<\/p>\n<p>            <a class=\"image is-50x50\" href=\"https:\/\/www.gazzetta.it\/redazione\/guglielmo-buccheri\/\" rel=\"nofollow noopener\" target=\"_blank\"><br \/>\n                <img decoding=\"async\" class=\"is-rounded\" src=\"https:\/\/www.europesays.com\/it\/wp-content\/uploads\/2025\/09\/1758781509_607_omino.png\" alt=\"Guglielmo Buccheri\"\/><br \/>\n            <\/a><\/p>\n<p>Giornalista<\/p>\n<p>                    24 maggio &#8211; 12:35  &#8211; MILANO<\/p>\n<p class=\"paragraph\" spellcheck=\"true\">Riavvolgere il nastro di una stagione un po\u2019 cos\u00ec pu\u00f2 apparire complicato anche per chi di sceneggiature o regie \u00e8 maestro.<\/p>\n<p class=\"paragraph\" spellcheck=\"true\"><b>Giovanni Veronesi, che titolo darebbe a questo finale bianconero?<\/b><br \/>\u201cCi costruirei un film dell\u2019orrore. Troppo brusca \u00e8 stata la frenata, dal Verona alla Fiorentina. E, ora\u2026\u201d.<\/p>\n<p class=\"paragraph\" spellcheck=\"true\"><b>E ora la Champions \u00e8 un bel rompicapo. Anzi: una chimera.<\/b><br \/>\u201cDavvero. E se ripenso ai match point che abbiamo avuto per metterci al sicuro perdo il buonumore\u201d.<\/p>\n<p class=\"paragraph\" spellcheck=\"true\"><b>Teme il derby?<\/b><br \/>\u201cE come non potrei temerlo: abbiamo dato al Toro una motivazione che, magari, non avrebbe avuto. Toglierci anche le ultime chance, debolissime, dar\u00e0 ai granata quell\u2019adrenalina in pi\u00f9 che pu\u00f2 indirizzare il duello. Vorranno negarci anche il gusto di ascoltare alla radio cosa accade a Verona, Cremona o San Siro\u201d.<\/p>\n<p class=\"paragraph\" spellcheck=\"true\"><b>Da tifoso juventino che sensazioni le ha regalato un campionato in altalena?<\/b><br \/>\u201cC\u2019\u00e8 stato un momento in cui credevo che con Spalletti potessimo prendere il volo\u2026 Non \u00e8 andata cos\u00ec\u201d.<\/p>\n<p class=\"paragraph\" spellcheck=\"true\"><b>Si \u00e8 dato una spiegazione?<\/b><br \/>\u201cPenso che la squadra non abbia quelle qualit\u00e0 per arrivare davanti a tutti\u201d.<\/p>\n<p class=\"paragraph\" spellcheck=\"true\"><b>Un salto all\u2019indietro. In una sua sceneggiatura a chi il ruolo del pi\u00f9 vivace o divertente?<\/b><br \/>\u201cConcei\u00e7ao perch\u00e9 \u00e8 un tipo da Juve: ha coraggio, gioca per far sorridere la gente, usa quella tipica intraprendenza utile per saltare sempre l\u2019uomo. Mi piace, il suo l\u2019ha sempre fatto\u201d.<\/p>\n<p class=\"paragraph\" spellcheck=\"true\"><b>Oltre il derby c\u2019\u00e8\u2026<\/b><br \/>\u201cSpero in un po\u2019 di continuit\u00e0: tocca ad Elkann scendere in campo. Io al suo posto cosa farei? Non lo so, non \u00e8 una questione facile risolvere i problemi che affliggono la nostra Juve, non \u00e8 una questione di poco conto anche perch\u00e9 molto parte da lontano\u201d.<\/p>\n<p class=\"paragraph\" spellcheck=\"true\"><b>Fuori dai giochi Bremer e Yildiz, tutto il peso finisce sulle spalle di Vlahovic?<\/b><br \/>\u201cVlahovic ci \u00e8 mancato, ma, ora, ha fatto il suo tempo: non so se sarebbe l\u2019attaccante giusto per il futuro, forse no, le sue occasioni le ha avute senza sfruttarle\u201d.<\/p>\n<p class=\"paragraph\" spellcheck=\"true\"><b>Se le dico algoritmo?<\/b><br \/>\u201cPer carit\u00e0&#8230;mi piacerebbe incontrarlo di persona questo algoritmo per dirgliene quattro (ride, ndr). Ma come fai a scegliere cos\u00ec? Esiste anche da noi: a pagina trentadue della sceneggiatura qualcuno non ha dato ci\u00f2 che gli era stato chiesto, tagliamolo&#8230; Non esiste\u201d.<\/p>\n<p class=\"is-copyright\">\u00a9 RIPRODUZIONE RISERVATA<\/p>\n","protected":false},"excerpt":{"rendered":"&#8220;Il nostro finale di stagione da film horror &#8211; dice il regista -. Tocca ad Elkann scendere in&hellip;\n","protected":false},"author":3,"featured_media":506028,"comment_status":"","ping_status":"","sticky":false,"template":"","format":"standard","meta":{"footnotes":"","_share_on_mastodon":"0"},"categories":[1452],"tags":[8075,280478,721,1740,1537,90,89,1739,245,244,577],"class_list":["post-506027","post","type-post","status-publish","format-standard","has-post-thumbnail","category-calcio","tag-algoritmo","tag-algoritmo-scegliere","tag-calcio","tag-football","tag-it","tag-italia","tag-italy","tag-soccer","tag-sport","tag-sports","tag-stagione"],"share_on_mastodon":{"url":"https:\/\/pubeurope.com\/@it\/116629793499898639","error":""},"_links":{"self":[{"href":"https:\/\/www.europesays.com\/it\/wp-json\/wp\/v2\/posts\/506027","targetHints":{"allow":["GET"]}}],"collection":[{"href":"https:\/\/www.europesays.com\/it\/wp-json\/wp\/v2\/posts"}],"about":[{"href":"https:\/\/www.europesays.com\/it\/wp-json\/wp\/v2\/types\/post"}],"author":[{"embeddable":true,"href":"https:\/\/www.europesays.com\/it\/wp-json\/wp\/v2\/users\/3"}],"replies":[{"embeddable":true,"href":"https:\/\/www.europesays.com\/it\/wp-json\/wp\/v2\/comments?post=506027"}],"version-history":[{"count":0,"href":"https:\/\/www.europesays.com\/it\/wp-json\/wp\/v2\/posts\/506027\/revisions"}],"wp:featuredmedia":[{"embeddable":true,"href":"https:\/\/www.europesays.com\/it\/wp-json\/wp\/v2\/media\/506028"}],"wp:attachment":[{"href":"https:\/\/www.europesays.com\/it\/wp-json\/wp\/v2\/media?parent=506027"}],"wp:term":[{"taxonomy":"category","embeddable":true,"href":"https:\/\/www.europesays.com\/it\/wp-json\/wp\/v2\/categories?post=506027"},{"taxonomy":"post_tag","embeddable":true,"href":"https:\/\/www.europesays.com\/it\/wp-json\/wp\/v2\/tags?post=506027"}],"curies":[{"name":"wp","href":"https:\/\/api.w.org\/{rel}","templated":true}]}}