{"id":50610,"date":"2025-08-16T09:33:09","date_gmt":"2025-08-16T09:33:09","guid":{"rendered":"https:\/\/www.europesays.com\/it\/50610\/"},"modified":"2025-08-16T09:33:09","modified_gmt":"2025-08-16T09:33:09","slug":"lei-scartata-da-ballando-con-le-stelle-lui-fuori-dal-calcio-giocato","status":"publish","type":"post","link":"https:\/\/www.europesays.com\/it\/50610\/","title":{"rendered":"lei scartata da Ballando con le Stelle, lui fuori dal calcio giocato"},"content":{"rendered":"<p>&#13;<br \/>\n                               &#13;<br \/>\n                                                &#13;<br \/>\n                &#13;<\/p>\n<p>Un&#8217;estate amara, se cos\u00ec si pu\u00f2 definire. <strong><a href=\"https:\/\/www.leggo.it\/t\/chanel-totti\" rel=\"nofollow noopener\" target=\"_blank\">Chanel Totti<\/a><\/strong> e <strong><a href=\"https:\/\/www.leggo.it\/t\/cristian-totti\" rel=\"nofollow noopener\" target=\"_blank\">Cristian Totti<\/a><\/strong>, eredi di <strong><a href=\"https:\/\/www.leggo.it\/t\/francesco-totti\" rel=\"nofollow noopener\" target=\"_blank\">Francesco Totti<\/a><\/strong> e <strong><a href=\"https:\/\/www.leggo.it\/t\/ilary-blasi\" rel=\"nofollow noopener\" target=\"_blank\">Ilary Blasi<\/a><\/strong>, una delle coppie pi\u00f9 amate negli anni duemila fino alla triste e burrascosa separazione, <strong>vivono l&#8217;agosto 2025 tra alti e bassi<\/strong>.<\/p>\n<p>&#13;<br \/>\n&#13;<\/p>\n<p>Gli alti, che sono sicuramente pi\u00f9 importanti, riguardano l&#8217;amore di una famiglia allargata che non li fa mai sentire soli.<strong> I bassi sono invece quelli di una carriera lavorativa che stenta a decollare<\/strong>. Entrambi, nonostante le giovani et\u00e0 (18 anni lei e 21 lui), devono fare i conti con delusioni cocenti che mettono in dubbio i loro progetti di vita.<\/p>\n<p>&#13;<br \/>\n&#13;<br \/>\n&#13;<br \/>\n&#13;<br \/>\n&#13;<br \/>\n&#13;<br \/>\n&#13;<br \/>\n&#13;<br \/>\nCristian e Chanel, i delusi di casa Totti&#13;<br \/>\n&#13;<\/p>\n<p>Cristian Totti ha dovuto dire addio alla carriera da calciatore. <\/p>\n<p>Dopo aver girato in Italia e all&#8217;estero alla ricerca di una squadra che puntasse su di lui, il primogenito di Totti e Blasi ha deciso di appendere gli scarpini al chiodo. Forse, ha pensato che con quel cognome e l&#8217;impossibilit\u00e0 di emulare le gesta di pap\u00e0, per lui in questo mondo non ci sarebbe stato posto. Cos\u00ec, \u00e8 passato dietro la scrivania. Sar\u00e0 dirigente alla &#8220;Totti soccer school&#8221;, l&#8217;azienda di famiglia gestita dallo zio Riccardo.&#13;<br \/>\n&#13;<\/p>\n<p>Chanel \u00e8 da poco diventata maggiorenne e si \u00e8 diplomata. Da quando ha 16 anni \u00e8 seguita dall&#8217;agenzia di spettacoli della mamma<strong>, ma al momento le offerte lavorative latitano<\/strong>. A lei aveva pensato Milly Carlucci, per un ruolo nel cast di Ballando con le stelle. Come riportato da Dagospia, l&#8217;idea \u00e8 stata ben presto accantonata. Forse se ne riparler\u00e0 in futuro. In tutto ci\u00f2, devono convivere con la difficile separazione dei genitori, che non si risparmiano colpi in tribunale.<\/p>\n<p>&#13;<br \/>\n&#13;<\/p>\n<p>I due al momento si godono le vacanze a Ponza. Chanel \u00e8 single e sta passando del tempo con la famiglia e la sorellina Isabel. Cristian \u00e8 invece sempre insieme alla fidanzata Melissa Monti. Per adesso, il futuro pu\u00f2 attendere.<\/p>\n<p>                                &#13;<br \/>\n                &#13;<br \/>\n&#13;<br \/>\n                Ultimo aggiornamento: sabato 16 agosto 2025, 11:15&#13;<br \/>\n                <br \/>&#13;<br \/>\n                &#13;<br \/>\n                  &#13;<br \/>\n                    &#13;<br \/>\n                        \u00a9 RIPRODUZIONE RISERVATA&#13;<\/p>\n<p>&#13;<\/p>\n<p>                    &#13;<\/p>\n","protected":false},"excerpt":{"rendered":"&#13; &#13; &#13; &#13; Un&#8217;estate amara, se cos\u00ec si pu\u00f2 definire. Chanel Totti e Cristian Totti, eredi di&hellip;\n","protected":false},"author":3,"featured_media":50611,"comment_status":"","ping_status":"","sticky":false,"template":"","format":"standard","meta":{"footnotes":""},"categories":[1451],"tags":[1621,1620,14160,9783,203,2690,217,204,1537,90,89],"class_list":{"0":"post-50610","1":"post","2":"type-post","3":"status-publish","4":"format-standard","5":"has-post-thumbnail","7":"category-celebrita","8":"tag-celebrita","9":"tag-celebrities","10":"tag-chanel-totti","11":"tag-cristian-totti","12":"tag-entertainment","13":"tag-francesco-totti","14":"tag-ilary-blasi","15":"tag-intrattenimento","16":"tag-it","17":"tag-italia","18":"tag-italy"},"share_on_mastodon":{"url":"","error":""},"_links":{"self":[{"href":"https:\/\/www.europesays.com\/it\/wp-json\/wp\/v2\/posts\/50610","targetHints":{"allow":["GET"]}}],"collection":[{"href":"https:\/\/www.europesays.com\/it\/wp-json\/wp\/v2\/posts"}],"about":[{"href":"https:\/\/www.europesays.com\/it\/wp-json\/wp\/v2\/types\/post"}],"author":[{"embeddable":true,"href":"https:\/\/www.europesays.com\/it\/wp-json\/wp\/v2\/users\/3"}],"replies":[{"embeddable":true,"href":"https:\/\/www.europesays.com\/it\/wp-json\/wp\/v2\/comments?post=50610"}],"version-history":[{"count":0,"href":"https:\/\/www.europesays.com\/it\/wp-json\/wp\/v2\/posts\/50610\/revisions"}],"wp:featuredmedia":[{"embeddable":true,"href":"https:\/\/www.europesays.com\/it\/wp-json\/wp\/v2\/media\/50611"}],"wp:attachment":[{"href":"https:\/\/www.europesays.com\/it\/wp-json\/wp\/v2\/media?parent=50610"}],"wp:term":[{"taxonomy":"category","embeddable":true,"href":"https:\/\/www.europesays.com\/it\/wp-json\/wp\/v2\/categories?post=50610"},{"taxonomy":"post_tag","embeddable":true,"href":"https:\/\/www.europesays.com\/it\/wp-json\/wp\/v2\/tags?post=50610"}],"curies":[{"name":"wp","href":"https:\/\/api.w.org\/{rel}","templated":true}]}}