{"id":506231,"date":"2026-05-24T16:20:27","date_gmt":"2026-05-24T16:20:27","guid":{"rendered":"https:\/\/www.europesays.com\/it\/506231\/"},"modified":"2026-05-24T16:20:27","modified_gmt":"2026-05-24T16:20:27","slug":"franco-ricciardi-a-domenica-in-chi-e-il-cantante-neomelodico-eta-carriera-i-figli-e-il-matrimonio-con-300-invitati","status":"publish","type":"post","link":"https:\/\/www.europesays.com\/it\/506231\/","title":{"rendered":"Franco Ricciardi a Domenica In, chi \u00e8 il cantante neomelodico: et\u00e0, carriera, i figli e il matrimonio con 300 invitati"},"content":{"rendered":"<p>                Una nuova puntata di <strong>Domenica In<\/strong> sta per cominciare con ospiti di grande caratura. Si apre con <a href=\"https:\/\/www.ilmessaggero.it\/t\/antonello-venditti\" rel=\"nofollow noopener\" target=\"_blank\">Antonello Venditti<\/a>, ospite in studio. Il cantautore sar\u00e0 intervistato e si esibir\u00e0 dal vivo, poi lascer\u00e0 spazio a <strong><a href=\"https:\/\/www.ilmessaggero.it\/t\/barbara-de-rossi\" rel=\"nofollow noopener\" target=\"_blank\">Barbara De Rossi<\/a><\/strong> e <strong><a href=\"https:\/\/www.ilmessaggero.it\/t\/rosanna-fratello\" rel=\"nofollow noopener\" target=\"_blank\">Rosanna Fratello<\/a><\/strong>. Grande attesa anche per <strong><a href=\"https:\/\/www.ilmessaggero.it\/t\/franco-ricciardi\" rel=\"nofollow noopener\" target=\"_blank\">Franco Ricciardi<\/a><\/strong>, cantante napoletano che racconter\u00e0 a <a href=\"https:\/\/www.ilmessaggero.it\/t\/mara-venier\" rel=\"nofollow noopener\" target=\"_blank\">Mara Venier<\/a> le sue nozze, avvenute recentemente, e in seguito canter\u00e0 &#8216;<strong>Primmavera<\/strong>&#8216;, dedicandolo alla neosposa <strong>Anna<\/strong>. Scopriamo meglio chi \u00e8.            <\/p>\n","protected":false},"excerpt":{"rendered":"Una nuova puntata di Domenica In sta per cominciare con ospiti di grande caratura. Si apre con Antonello&hellip;\n","protected":false},"author":3,"featured_media":506232,"comment_status":"","ping_status":"","sticky":false,"template":"","format":"standard","meta":{"footnotes":"","_share_on_mastodon":"0"},"categories":[174],"tags":[6304,203,277288,204,1537,90,89,170601,253],"class_list":["post-506231","post","type-post","status-publish","format-standard","has-post-thumbnail","category-intrattenimento","tag-domenica-in","tag-entertainment","tag-franco-ricciardi","tag-intrattenimento","tag-it","tag-italia","tag-italy","tag-ospiti-tv","tag-tv"],"share_on_mastodon":{"url":"https:\/\/pubeurope.com\/@it\/116630469123672893","error":""},"_links":{"self":[{"href":"https:\/\/www.europesays.com\/it\/wp-json\/wp\/v2\/posts\/506231","targetHints":{"allow":["GET"]}}],"collection":[{"href":"https:\/\/www.europesays.com\/it\/wp-json\/wp\/v2\/posts"}],"about":[{"href":"https:\/\/www.europesays.com\/it\/wp-json\/wp\/v2\/types\/post"}],"author":[{"embeddable":true,"href":"https:\/\/www.europesays.com\/it\/wp-json\/wp\/v2\/users\/3"}],"replies":[{"embeddable":true,"href":"https:\/\/www.europesays.com\/it\/wp-json\/wp\/v2\/comments?post=506231"}],"version-history":[{"count":0,"href":"https:\/\/www.europesays.com\/it\/wp-json\/wp\/v2\/posts\/506231\/revisions"}],"wp:featuredmedia":[{"embeddable":true,"href":"https:\/\/www.europesays.com\/it\/wp-json\/wp\/v2\/media\/506232"}],"wp:attachment":[{"href":"https:\/\/www.europesays.com\/it\/wp-json\/wp\/v2\/media?parent=506231"}],"wp:term":[{"taxonomy":"category","embeddable":true,"href":"https:\/\/www.europesays.com\/it\/wp-json\/wp\/v2\/categories?post=506231"},{"taxonomy":"post_tag","embeddable":true,"href":"https:\/\/www.europesays.com\/it\/wp-json\/wp\/v2\/tags?post=506231"}],"curies":[{"name":"wp","href":"https:\/\/api.w.org\/{rel}","templated":true}]}}